{"id":34644,"date":"2022-08-22T11:46:19","date_gmt":"2022-08-22T14:46:19","guid":{"rendered":"https:\/\/temucotelevision.cl\/web\/?p=34644"},"modified":"2022-08-22T11:52:52","modified_gmt":"2022-08-22T14:52:52","slug":"suede-estreno-el-cortometraje-de-su-proximo-album-autofiction","status":"publish","type":"post","link":"https:\/\/temucotelevision.cl\/web\/2022\/08\/22\/suede-estreno-el-cortometraje-de-su-proximo-album-autofiction\/","title":{"rendered":"SUEDE\u00a0estren\u00f3 el cortometraje de su pr\u00f3ximo \u00e1lbum\u00a0\u201cAUTOFICTION\u201d"},"content":{"rendered":"<div class=\"pvc_clear\"><\/div><p id=\"pvc_stats_34644\" class=\"pvc_stats total_only  \" data-element-id=\"34644\" style=\"\"><i class=\"pvc-stats-icon large\" aria-hidden=\"true\"><svg aria-hidden=\"true\" focusable=\"false\" data-prefix=\"far\" data-icon=\"chart-bar\" role=\"img\" xmlns=\"http:\/\/www.w3.org\/2000\/svg\" viewBox=\"0 0 512 512\" class=\"svg-inline--fa fa-chart-bar fa-w-16 fa-2x\"><path fill=\"currentColor\" d=\"M396.8 352h22.4c6.4 0 12.8-6.4 12.8-12.8V108.8c0-6.4-6.4-12.8-12.8-12.8h-22.4c-6.4 0-12.8 6.4-12.8 12.8v230.4c0 6.4 6.4 12.8 12.8 12.8zm-192 0h22.4c6.4 0 12.8-6.4 12.8-12.8V140.8c0-6.4-6.4-12.8-12.8-12.8h-22.4c-6.4 0-12.8 6.4-12.8 12.8v198.4c0 6.4 6.4 12.8 12.8 12.8zm96 0h22.4c6.4 0 12.8-6.4 12.8-12.8V204.8c0-6.4-6.4-12.8-12.8-12.8h-22.4c-6.4 0-12.8 6.4-12.8 12.8v134.4c0 6.4 6.4 12.8 12.8 12.8zM496 400H48V80c0-8.84-7.16-16-16-16H16C7.16 64 0 71.16 0 80v336c0 17.67 14.33 32 32 32h464c8.84 0 16-7.16 16-16v-16c0-8.84-7.16-16-16-16zm-387.2-48h22.4c6.4 0 12.8-6.4 12.8-12.8v-70.4c0-6.4-6.4-12.8-12.8-12.8h-22.4c-6.4 0-12.8 6.4-12.8 12.8v70.4c0 6.4 6.4 12.8 12.8 12.8z\" class=\"\"><\/path><\/svg><\/i> <img loading=\"lazy\" decoding=\"async\" width=\"16\" height=\"16\" alt=\"Loading\" src=\"https:\/\/temucotelevision.cl\/web\/wp-content\/plugins\/page-views-count\/ajax-loader-2x.gif\" border=0 \/><\/p><div class=\"pvc_clear\"><\/div>\n<p><strong>\u201cAutofiction: A Short Film\u201d<\/strong> toma algunos de\u00a0los temas del \u00e1lbum:\u00a0la juventud y el envejecimiento,\u00a0el amor y la p\u00e9rdida, el miedo y la alegr\u00eda,\u00a0y los ve representados en la historia de Chris y Hannah.<\/p>\n\n\n\n<iframe loading=\"lazy\" width=\"560\" height=\"315\" src=\"https:\/\/www.youtube.com\/embed\/nLXyvoKy2pU\" title=\"YouTube video player\" frameborder=\"0\" allow=\"accelerometer; autoplay; clipboard-write; encrypted-media; gyroscope; picture-in-picture\" allowfullscreen><\/iframe>\n\n\n\n<p><strong>Suede<\/strong> estren\u00f3 <strong>\u201cAutofiction: A Short Film\u201d<\/strong>, un nuevo proyecto creativo y pieza audiovisual que acompa\u00f1a su pr\u00f3ximo y noveno \u00e1lbum de estudio \u201cAutofiction\u201d.<\/p>\n\n\n\n<p>Con el primer adelanto del \u00e1lbum <a href=\"https:\/\/suede.lnk.to\/leadsmeonPR\" target=\"_blank\" rel=\"noreferrer noopener\"><strong><em>&#8220;She Still Leads Me On&#8221;<\/em><\/strong><\/a><strong><em> <\/em><\/strong>y el nuevo single <a href=\"https:\/\/suede.lnk.to\/15againPR\" target=\"_blank\" rel=\"noreferrer noopener\"><strong><em>&#8220;15 Again&#8221;<\/em><\/strong>,<\/a> <strong>Autofiction: A Short Film<\/strong> es un espect\u00e1culo moderno y descarnado contado a trav\u00e9s de la lente de dos protagonistas en una encrucijada emocional.<\/p>\n\n\n\n<p>Dirigido por Katie Lambert (MrMr Films) y creado en colaboraci\u00f3n con <strong>Suede<\/strong>, esta producci\u00f3n explora las complejidades de la memoria, la verdad percibida, la comunicaci\u00f3n y la ansiedad en las relaciones humanas.&nbsp; Temas que est\u00e1n en el centro del nuevo \u00e1lbum de <strong>Suede<\/strong> <strong>\u201cAutofiction\u201d<\/strong>, que, como su t\u00edtulo indica, es uno de los discos m\u00e1s personales de <strong>Brett Anderson<\/strong> hasta la fecha.<\/p>\n\n\n\n<p><strong>Hablando de \u201cAutofiction: A Short Film\u201d, el bajista de Suede, Mat Osman, coment\u00f3:<\/strong>&nbsp; <em>&#8220;Con el cortometraje Autofiction no quer\u00edamos hacer el t\u00edpico \u201cperformance video\u201d, sino que pensamos en que se asemejara a un concierto de <\/em><strong><em>Suede<\/em><\/strong><em>, con la banda como una parte menor de la pel\u00edcula, en lugar de ser el centro.&nbsp; A MrMr se le ocurri\u00f3 entonces la idea de tomar una encrucijada en la vida de una pareja y jugar con ella de formas extra\u00f1as, retrocediendo y avanzando en el tiempo, vi\u00e9ndola a trav\u00e9s de diferentes pares de ojos, con sus esperanzas y temores y sus recuerdos mezclados tambi\u00e9n.&nbsp; <\/em><strong><em>Autofiction: A Short Film<\/em><\/strong><em> toma algunos de los temas del \u00e1lbum: la juventud y el envejecimiento, el amor y la p\u00e9rdida, el miedo y la alegr\u00eda, y los ve representados en la historia de Chris y Hannah&#8221;.<\/em><\/p>\n\n\n\n<p><strong>El director Katie Lambert (MrMr), a\u00f1adi\u00f3<\/strong><strong><em>:<\/em><\/strong><em>&nbsp; &#8220;\u2019Autofiction: A Short Film\u2019 trata de ese momento de la relaci\u00f3n en el que llega la hora de la verdad.&nbsp; El momento en el que tienes una cierta edad y sientes que el para\u00edso est\u00e1 incre\u00edblemente cerca, cuando no est\u00e1s seguro de si est\u00e1s con la persona elegida o si podr\u00edas encontrar otra, o si eso es una construcci\u00f3n social de mierda de todos modos.&nbsp; Nos encant\u00f3 la idea de crear una pel\u00edcula centrada en una noche en tiempo real y en un concierto, pero que en realidad explora el pasado, el presente y el futuro a la vez.&nbsp; Lo cual es un l\u00edo de sentimientos, porque \u00bfno es esa la sopa de recuerdos en la que nadamos constantemente?&nbsp; Esta pel\u00edcula se siente como una verdadera colaboraci\u00f3n.&nbsp; Hannah y Chris tienen tanto de nosotros en ellos que esta pel\u00edcula representa una \u201cautoficci\u00f3n\u201d no s\u00f3lo de la nueva y hermosa m\u00fasica de <\/em><strong><em>Suede<\/em><\/strong><em>, sino tambi\u00e9n de MrMr&#8221;.<\/em><\/p>\n\n\n\n<p><strong>Autofiction: A Short Film<\/strong> es el primer cortometraje de <strong>Suede<\/strong>.&nbsp; El \u00faltimo de un linaje de colaboraciones visuales que se remonta a los primeros a\u00f1os de <strong>Suede<\/strong>.&nbsp; Desde su \u201cconcert film\u201d de 1993 realizado con Derek Jarman grabado en el Clapham Grand de Londres, hasta Night Thoughts de 2015, donde Suede estren\u00f3 el \u00e1lbum en vivo en su totalidad acompa\u00f1ando su propia pel\u00edcula muda dirigida por Roger Sargent, lo que llev\u00f3 a The Telegraph a plantear la pregunta: &#8220;\u00bfSuede ha reinventado el \u00e1lbum?&#8221;<\/p>\n\n\n\n<p><strong>\u201cAutofiction\u201d<\/strong> ser\u00e1 el noveno disco de estudio de <strong>Suede<\/strong>, y en \u00e9l la banda decide volver a lo b\u00e1sico.&nbsp; <em>&#8220;Autofiction es nuestro disco punk&#8221;,<\/em> dice <strong>Brett Anderson<\/strong>.&nbsp; <em>&#8220;No hay silbidos ni campanas.&nbsp; S\u00f3lo nosotros cinco en una habitaci\u00f3n con todos los fallos y cagadas al descubierto; la propia banda expuesta en todo su desorden primario&#8221;.<\/em><\/p>\n\n\n\n<p>Mientras escrib\u00edan las canciones que conformar\u00edan el \u00e1lbum, Brett Anderson, Mat Osman, Simon Gilbert, Richard Oakes y Neil Codling se desplazaron a una sala de ensayo en Kings Cross para recoger una llave, montar sus propios equipos, prepararse y empezar a tocar.&nbsp; Grabado en vivo en los estudios Konk del norte de Londres, <strong>Suede<\/strong> se asoci\u00f3 con su viejo colaborador Ed Buller, quien trabaj\u00f3 por primera vez con la banda en la producci\u00f3n de su primer single <strong><em>&#8220;The Drowners&#8221;<\/em><\/strong><em> que este a\u00f1o cumple 30 a\u00f1os.<\/em><\/p>\n\n\n\n<p>Dijo <strong>Brett Anderson<\/strong>: <em>&#8220;<\/em><strong><em>Autofiction<\/em><\/strong><em> tiene una frescura natural, es donde queremos estar&#8221;<\/em>.&nbsp; Y donde <strong>Suede <\/strong>quiere estar es, en cierto modo, el mismo lugar en el que estaban cuando empezaron hace 30 a\u00f1os: un grupo de personas que viven la cruda sensaci\u00f3n de crear m\u00fasica juntos en una habitaci\u00f3n.<\/p>\n\n\n\n<p><strong>Suede<\/strong> estren\u00f3 en vivo el primer adelanto del \u00e1lbum <strong><em>&#8220;She Still Leads Me On&#8221;<\/em><\/strong> en un show sorpresa en Bruselas que fue <a href=\"https:\/\/www.youtube.com\/watch?v=tfDgLym55Pg\" target=\"_blank\" rel=\"noreferrer noopener\">transmitido en directo<\/a> para los fans.&nbsp; La canci\u00f3n ha sido un pilar en las listas de reproducci\u00f3n de Radio 2 y 6 Music de la BBC, descrita como <em>&#8220;un cl\u00e1sico de Suede&#8221;<\/em> por The Sunday Times Culture, <em>&#8220;sin lujos, un tema lleno de fuerza&#8221;<\/em> por The i Newspaper y <em>&#8220;tan ajustado, tan interconectado y tan innatamente f\u00edsico&#8221;<\/em> por CLASH.<\/p>\n\n\n\n<p>Tras el lanzamiento del nuevo single \u201c15 Again\u201d, <strong>Autofiction<\/strong> ha sido calificado como <em>&#8220;un magn\u00edfico nuevo \u00e1lbum&#8221;<\/em> por The Times y <em>&#8220;tan conmovedor, la ferocidad punk que protege un n\u00facleo profundamente vulnerable&#8221;<\/em> por MOJO Magazine.<\/p>\n\n\n\n<p><strong>Suede<\/strong> interpretar\u00e1 en su totalidad <strong>Autofiction <\/strong>en una serie de conciertos muy especiales en algunos de los lugares m\u00e1s \u00edntimos del Reino Unido y Europa durante los meses de septiembre y octubre, incluyendo dos noches en el Electric Ballroom de Londres, <strong><em>cuyas entradas se agotaron en veinte segundos<\/em><\/strong><em>.<\/em><strong> <\/strong>La banda tambi\u00e9n tocar\u00e1 el \u00e1lbum completo en una serie de apariciones en tiendas de discos del Reino Unido en septiembre.<\/p>\n","protected":false},"excerpt":{"rendered":"<div class=\"pvc_clear\"><\/div>\n<p id=\"pvc_stats_34644\" class=\"pvc_stats total_only  \" data-element-id=\"34644\" style=\"\"><i class=\"pvc-stats-icon large\" aria-hidden=\"true\"><svg aria-hidden=\"true\" focusable=\"false\" data-prefix=\"far\" data-icon=\"chart-bar\" role=\"img\" xmlns=\"http:\/\/www.w3.org\/2000\/svg\" viewBox=\"0 0 512 512\" class=\"svg-inline--fa fa-chart-bar fa-w-16 fa-2x\"><path fill=\"currentColor\" d=\"M396.8 352h22.4c6.4 0 12.8-6.4 12.8-12.8V108.8c0-6.4-6.4-12.8-12.8-12.8h-22.4c-6.4 0-12.8 6.4-12.8 12.8v230.4c0 6.4 6.4 12.8 12.8 12.8zm-192 0h22.4c6.4 0 12.8-6.4 12.8-12.8V140.8c0-6.4-6.4-12.8-12.8-12.8h-22.4c-6.4 0-12.8 6.4-12.8 12.8v198.4c0 6.4 6.4 12.8 12.8 12.8zm96 0h22.4c6.4 0 12.8-6.4 12.8-12.8V204.8c0-6.4-6.4-12.8-12.8-12.8h-22.4c-6.4 0-12.8 6.4-12.8 12.8v134.4c0 6.4 6.4 12.8 12.8 12.8zM496 400H48V80c0-8.84-7.16-16-16-16H16C7.16 64 0 71.16 0 80v336c0 17.67 14.33 32 32 32h464c8.84 0 16-7.16 16-16v-16c0-8.84-7.16-16-16-16zm-387.2-48h22.4c6.4 0 12.8-6.4 12.8-12.8v-70.4c0-6.4-6.4-12.8-12.8-12.8h-22.4c-6.4 0-12.8 6.4-12.8 12.8v70.4c0 6.4 6.4 12.8 12.8 12.8z\" class=\"\"><\/path><\/svg><\/i> <img loading=\"lazy\" decoding=\"async\" width=\"16\" height=\"16\" alt=\"Loading\" src=\"https:\/\/temucotelevision.cl\/web\/wp-content\/plugins\/page-views-count\/ajax-loader-2x.gif\" border=0 \/><\/p>\n<div class=\"pvc_clear\"><\/div>\n<p>\u201cAutofiction: A Short Film\u201d toma algunos de\u00a0los temas del \u00e1lbum:\u00a0la juventud y el envejecimiento,\u00a0el amor y la p\u00e9rdida, el miedo<\/p>\n","protected":false},"author":1,"featured_media":34645,"comment_status":"open","ping_status":"open","sticky":false,"template":"","format":"standard","meta":{"colormag_page_container_layout":"default_layout","colormag_page_sidebar_layout":"default_layout","footnotes":""},"categories":[369],"tags":[4686,5722,609,5721,2904],"class_list":["post-34644","post","type-post","status-publish","format-standard","has-post-thumbnail","hentry","category-musica","tag-album-3","tag-cortomoetraje","tag-estreno","tag-suede","tag-temas"],"a3_pvc":{"activated":true,"total_views":58,"today_views":0},"_links":{"self":[{"href":"https:\/\/temucotelevision.cl\/web\/wp-json\/wp\/v2\/posts\/34644","targetHints":{"allow":["GET"]}}],"collection":[{"href":"https:\/\/temucotelevision.cl\/web\/wp-json\/wp\/v2\/posts"}],"about":[{"href":"https:\/\/temucotelevision.cl\/web\/wp-json\/wp\/v2\/types\/post"}],"author":[{"embeddable":true,"href":"https:\/\/temucotelevision.cl\/web\/wp-json\/wp\/v2\/users\/1"}],"replies":[{"embeddable":true,"href":"https:\/\/temucotelevision.cl\/web\/wp-json\/wp\/v2\/comments?post=34644"}],"version-history":[{"count":2,"href":"https:\/\/temucotelevision.cl\/web\/wp-json\/wp\/v2\/posts\/34644\/revisions"}],"predecessor-version":[{"id":34648,"href":"https:\/\/temucotelevision.cl\/web\/wp-json\/wp\/v2\/posts\/34644\/revisions\/34648"}],"wp:featuredmedia":[{"embeddable":true,"href":"https:\/\/temucotelevision.cl\/web\/wp-json\/wp\/v2\/media\/34645"}],"wp:attachment":[{"href":"https:\/\/temucotelevision.cl\/web\/wp-json\/wp\/v2\/media?parent=34644"}],"wp:term":[{"taxonomy":"category","embeddable":true,"href":"https:\/\/temucotelevision.cl\/web\/wp-json\/wp\/v2\/categories?post=34644"},{"taxonomy":"post_tag","embeddable":true,"href":"https:\/\/temucotelevision.cl\/web\/wp-json\/wp\/v2\/tags?post=34644"}],"curies":[{"name":"wp","href":"https:\/\/api.w.org\/{rel}","templated":true}]}}