{"id":34641,"date":"2022-08-22T11:17:10","date_gmt":"2022-08-22T14:17:10","guid":{"rendered":"https:\/\/temucotelevision.cl\/web\/?p=34641"},"modified":"2022-08-22T11:17:11","modified_gmt":"2022-08-22T14:17:11","slug":"che-profe-dario-deja-el-instituto-nacional-del-deporte-tras-20-anos-de-servicio-publico","status":"publish","type":"post","link":"https:\/\/temucotelevision.cl\/web\/2022\/08\/22\/che-profe-dario-deja-el-instituto-nacional-del-deporte-tras-20-anos-de-servicio-publico\/","title":{"rendered":"\u201cChe profe Dar\u00edo\u201d deja el Instituto Nacional del Deporte tras 20 a\u00f1os de servicio p\u00fablico\u00a0"},"content":{"rendered":"<div class=\"pvc_clear\"><\/div><p id=\"pvc_stats_34641\" class=\"pvc_stats total_only  \" data-element-id=\"34641\" style=\"\"><i class=\"pvc-stats-icon large\" aria-hidden=\"true\"><svg aria-hidden=\"true\" focusable=\"false\" data-prefix=\"far\" data-icon=\"chart-bar\" role=\"img\" xmlns=\"http:\/\/www.w3.org\/2000\/svg\" viewBox=\"0 0 512 512\" class=\"svg-inline--fa fa-chart-bar fa-w-16 fa-2x\"><path fill=\"currentColor\" d=\"M396.8 352h22.4c6.4 0 12.8-6.4 12.8-12.8V108.8c0-6.4-6.4-12.8-12.8-12.8h-22.4c-6.4 0-12.8 6.4-12.8 12.8v230.4c0 6.4 6.4 12.8 12.8 12.8zm-192 0h22.4c6.4 0 12.8-6.4 12.8-12.8V140.8c0-6.4-6.4-12.8-12.8-12.8h-22.4c-6.4 0-12.8 6.4-12.8 12.8v198.4c0 6.4 6.4 12.8 12.8 12.8zm96 0h22.4c6.4 0 12.8-6.4 12.8-12.8V204.8c0-6.4-6.4-12.8-12.8-12.8h-22.4c-6.4 0-12.8 6.4-12.8 12.8v134.4c0 6.4 6.4 12.8 12.8 12.8zM496 400H48V80c0-8.84-7.16-16-16-16H16C7.16 64 0 71.16 0 80v336c0 17.67 14.33 32 32 32h464c8.84 0 16-7.16 16-16v-16c0-8.84-7.16-16-16-16zm-387.2-48h22.4c6.4 0 12.8-6.4 12.8-12.8v-70.4c0-6.4-6.4-12.8-12.8-12.8h-22.4c-6.4 0-12.8 6.4-12.8 12.8v70.4c0 6.4 6.4 12.8 12.8 12.8z\" class=\"\"><\/path><\/svg><\/i> <img loading=\"lazy\" decoding=\"async\" width=\"16\" height=\"16\" alt=\"Loading\" src=\"https:\/\/temucotelevision.cl\/web\/wp-content\/plugins\/page-views-count\/ajax-loader-2x.gif\" border=0 \/><\/p><div class=\"pvc_clear\"><\/div>\n<p>\u00b7&nbsp;&nbsp;&nbsp;&nbsp;&nbsp;&nbsp;&nbsp;&nbsp;&nbsp;<strong>Preparador f\u00edsico de clubes dentro y fuera de Chile, fue de los primeros en ingresar al IND La Araucan\u00eda desde su creaci\u00f3n en 2002. Este mes se despide, habla de su relaci\u00f3n con el f\u00fatbol, la profesionalizaci\u00f3n deportiva y la importancia de ser persona desde la cosmovisi\u00f3n mapuche.&nbsp;<\/strong><\/p>\n\n\n\n<p> Es casi parte del inventario. Y es que por 20 a\u00f1os, los mismos que tiene el Instituto Nacional del Deporte,\u00a0 Dar\u00edo de la Fuente Fern\u00e1ndez \u2013el \u201cChe Profe Dar\u00edo\u201d- fue parte de \u00e9l. Este mes se acoge a retiro y deja una enorme huella en el servicio y en el deporte regional.<\/p>\n\n\n\n<p>Profesor de educaci\u00f3n f\u00edsica Universidad de Chile de la generaci\u00f3n del \u201872, es ampliamente reconocido por su larga trayectoria de m\u00e1s de 25 a\u00f1os como preparador en el f\u00fatbol, ocupaci\u00f3n que lo llev\u00f3 a recorrer el mundo.<\/p>\n\n\n\n<p>Jam\u00e1s falt\u00f3 un d\u00eda a la pega en 20 a\u00f1os, aseguran sus colegas, los mismos que lo describen como uno de los primeros en llegar y de los \u00faltimos en irse del trabajo. Entusiasta, de sonrisa r\u00e1pida, acogedor, vers\u00e1til y siempre tratando de crear cosas nuevas en beneficio del deporte.&nbsp;<\/p>\n\n\n\n<p>El apodo con que popularmente se le conoce en La Araucan\u00eda y fuera de ella, se remonta a su \u00e9poca de preparador f\u00edsico, confiesa.<\/p>\n\n\n\n<p>\u201cEn el f\u00fatbol profesional los que m\u00e1s cobran son los argentinos y los uruguayos, y yo siempre cobraba bien, cobraba como argentino. Y reconozco que en esos a\u00f1os, era muy bien pagado\u201d, recuerda.&nbsp;<\/p>\n\n\n\n<p>\u201cCuando volv\u00ed a La Araucan\u00eda en el 92, me empec\u00e9 a adentrar en la cultura y los juegos mapuches, y entend\u00ed que el vocablo che significa persona. Y eso tiene un significado y un valor social muy especial\u201d, indica el profe Dar\u00edo.<\/p>\n\n\n\n<p>\u201cNo todos tienen el reconocimiento en el contexto del buen vivir para llegar a ser una persona\u2026por eso empec\u00e9 a usar el che, porque nunca quise ser reconocido como el funcionario o el profesional al que hay que pedirle cosas, sino una persona que se acerca a otras personas para hablar de las cosas deportivas\u201d.<\/p>\n\n\n\n<p><strong>Profesional del deporte&nbsp;<\/strong><\/p>\n\n\n\n<p>Teniendo como norte el reconocimiento profesional de la labor deportiva, obtuvo el grado de mag\u00edster en Planificaci\u00f3n Territorial&nbsp; de la Pontificia Universidad Cat\u00f3lica de Temuco; post t\u00edtulo t\u00e9cnico de preparador f\u00edsico de f\u00fatbol profesional de INAF; diplomado en Gesti\u00f3n P\u00fablica Intercultural de la Universidad Metropolitana de Ciencias de la Educaci\u00f3n; y diplomado en organizaciones deportivas de la Universidad de Chile.<\/p>\n\n\n\n<p>Jug\u00f3 en las divisiones menores de Colo-Colo, en Santiago, y en la regi\u00f3n se form\u00f3 desde el f\u00fatbol amateur. Ya convertido en profesional, entren\u00f3 a una docena de clubes, entre ellos, Santiago Wanders y Audax Italiano. Lleg\u00f3 a The Strongest de Bolivia entre 1975 a 1978 y con ellos disput\u00f3 la Copa Libertadores.<\/p>\n\n\n\n<p>Cerr\u00f3 su carrera en el f\u00fatbol el 2000 en Green Cross. Un poco antes, fue el coach de Deportes Temuco en su \u00e9poca de oro cuando la oncena ascendi\u00f3 a primera divisi\u00f3n de 1992 al 1997.&nbsp;<\/p>\n\n\n\n<p>Fue presidente del Asociaci\u00f3n de Preparadores F\u00edsicos del F\u00fatbol Profesional de Chile en la d\u00e9cada del 80. Tambi\u00e9n tiene a su haber la edici\u00f3n y coautor\u00eda de varios de los libros junto a su ya fallecido padre, el escritor Dar\u00edo de la Fuente Duarte, as\u00ed como publicaciones propias, entre ellas, \u201cActividades F\u00edsicas y Juegos Mapuches\u201d<\/p>\n\n\n\n<p><strong>En lo P\u00fablico<\/strong><\/p>\n\n\n\n<p>Luego que entre 1993 y 1997 estuviera ligado a Digeder como instructor de F\u00fatbol para los Juegos de la Araucan\u00eda, el \u201cChe Profe Dar\u00edo\u201d fue de los primeros en ingresar mediante concurso p\u00fablico a la planta profesional del reci\u00e9n creado IND, el 1 de enero 2002.<\/p>\n\n\n\n<p>Desde entonces ha ocupado distintos cargos y responsabilidades: encargado de actividad f\u00edsica, de Deporte Formativo, parte del equipo de Planificaci\u00f3n, enlace con la Serem\u00eda del Deporte cuando se cre\u00f3 el Ministerio del ramo y, \u00faltimamente, en el equipo de Organizaciones Deportivas.&nbsp;<\/p>\n\n\n\n<p>Para el \u201cChe profe\u201d la mejor experiencia profesional \u201cfue haber pertenecido al equipo de instalaci\u00f3n tanto del Instituto como, luego, del Ministerio del Deporte cuando \u00e9ste se cre\u00f3, colaborando para ello con el primer seremi, Renato Hauri\u201d.<\/p>\n\n\n\n<p>\u201cEl reconocimiento de las organizaciones deportivas y de los deportistas\u201d es el principal recuerdo que se llevar\u00e1, ya retirado del servicio. Pero tambi\u00e9n, eval\u00faa el aporte que en 20 a\u00f1os pudo hacer a la institucionalidad deportiva.&nbsp;<\/p>\n\n\n\n<p>\u201cCreo que mi aporte fue que le entregu\u00e9 una visi\u00f3n acad\u00e9mica y deportiva al IND, sobre todo en materia de planificaci\u00f3n; rescato que lo m\u00e1s importante fue guiar los pasos de la administraci\u00f3n p\u00fablica en el \u00e1mbito del deporte\u201d, se\u00f1ala.<\/p>\n\n\n\n<p>A sus colegas del IND les tuvo un mensaje fuerte y claro: \u201cque le pongan todo el coraz\u00f3n a lo que hacen, que se sientan parte y part\u00edcipes del desarrollo deportivo regional. Les agradezco por todo el apoyo que me brindaron cuando lo solicit\u00e9 (\u2026) uno solo no puede hacer nada si no tiene a los compa\u00f1eros, a las jefaturas y a los dependientes\u201d.<\/p>\n\n\n\n<p>Y tambi\u00e9n tuvo palabras para la comunidad deportiva regional: \u201cSimplemente agradecer que hayan tenido la confianza en los lineamientos que de alguna manera se entregaron a trav\u00e9s de mi gesti\u00f3n, con todas las dificultades y contratiempos que ello significa. Mi mejor recuerdo es haber colaborado con el desarrollo deportivo de nuestras 32 comunas\u201d<\/p>\n","protected":false},"excerpt":{"rendered":"<div class=\"pvc_clear\"><\/div>\n<p id=\"pvc_stats_34641\" class=\"pvc_stats total_only  \" data-element-id=\"34641\" style=\"\"><i class=\"pvc-stats-icon large\" aria-hidden=\"true\"><svg aria-hidden=\"true\" focusable=\"false\" data-prefix=\"far\" data-icon=\"chart-bar\" role=\"img\" xmlns=\"http:\/\/www.w3.org\/2000\/svg\" viewBox=\"0 0 512 512\" class=\"svg-inline--fa fa-chart-bar fa-w-16 fa-2x\"><path fill=\"currentColor\" d=\"M396.8 352h22.4c6.4 0 12.8-6.4 12.8-12.8V108.8c0-6.4-6.4-12.8-12.8-12.8h-22.4c-6.4 0-12.8 6.4-12.8 12.8v230.4c0 6.4 6.4 12.8 12.8 12.8zm-192 0h22.4c6.4 0 12.8-6.4 12.8-12.8V140.8c0-6.4-6.4-12.8-12.8-12.8h-22.4c-6.4 0-12.8 6.4-12.8 12.8v198.4c0 6.4 6.4 12.8 12.8 12.8zm96 0h22.4c6.4 0 12.8-6.4 12.8-12.8V204.8c0-6.4-6.4-12.8-12.8-12.8h-22.4c-6.4 0-12.8 6.4-12.8 12.8v134.4c0 6.4 6.4 12.8 12.8 12.8zM496 400H48V80c0-8.84-7.16-16-16-16H16C7.16 64 0 71.16 0 80v336c0 17.67 14.33 32 32 32h464c8.84 0 16-7.16 16-16v-16c0-8.84-7.16-16-16-16zm-387.2-48h22.4c6.4 0 12.8-6.4 12.8-12.8v-70.4c0-6.4-6.4-12.8-12.8-12.8h-22.4c-6.4 0-12.8 6.4-12.8 12.8v70.4c0 6.4 6.4 12.8 12.8 12.8z\" class=\"\"><\/path><\/svg><\/i> <img loading=\"lazy\" decoding=\"async\" width=\"16\" height=\"16\" alt=\"Loading\" src=\"https:\/\/temucotelevision.cl\/web\/wp-content\/plugins\/page-views-count\/ajax-loader-2x.gif\" border=0 \/><\/p>\n<div class=\"pvc_clear\"><\/div>\n<p>\u00b7&nbsp;&nbsp;&nbsp;&nbsp;&nbsp;&nbsp;&nbsp;&nbsp;&nbsp;Preparador f\u00edsico de clubes dentro y fuera de Chile, fue de los primeros en ingresar al IND La Araucan\u00eda desde<\/p>\n","protected":false},"author":1,"featured_media":34642,"comment_status":"open","ping_status":"open","sticky":false,"template":"","format":"standard","meta":{"colormag_page_container_layout":"default_layout","colormag_page_sidebar_layout":"default_layout","footnotes":""},"categories":[14],"tags":[4356,739,5720,1988,5719,903],"class_list":["post-34641","post","type-post","status-publish","format-standard","has-post-thumbnail","hentry","category-temuco","tag-clubes","tag-deportes","tag-fisico","tag-instituto","tag-preparador","tag-profesor"],"a3_pvc":{"activated":true,"total_views":78,"today_views":0},"_links":{"self":[{"href":"https:\/\/temucotelevision.cl\/web\/wp-json\/wp\/v2\/posts\/34641","targetHints":{"allow":["GET"]}}],"collection":[{"href":"https:\/\/temucotelevision.cl\/web\/wp-json\/wp\/v2\/posts"}],"about":[{"href":"https:\/\/temucotelevision.cl\/web\/wp-json\/wp\/v2\/types\/post"}],"author":[{"embeddable":true,"href":"https:\/\/temucotelevision.cl\/web\/wp-json\/wp\/v2\/users\/1"}],"replies":[{"embeddable":true,"href":"https:\/\/temucotelevision.cl\/web\/wp-json\/wp\/v2\/comments?post=34641"}],"version-history":[{"count":1,"href":"https:\/\/temucotelevision.cl\/web\/wp-json\/wp\/v2\/posts\/34641\/revisions"}],"predecessor-version":[{"id":34643,"href":"https:\/\/temucotelevision.cl\/web\/wp-json\/wp\/v2\/posts\/34641\/revisions\/34643"}],"wp:featuredmedia":[{"embeddable":true,"href":"https:\/\/temucotelevision.cl\/web\/wp-json\/wp\/v2\/media\/34642"}],"wp:attachment":[{"href":"https:\/\/temucotelevision.cl\/web\/wp-json\/wp\/v2\/media?parent=34641"}],"wp:term":[{"taxonomy":"category","embeddable":true,"href":"https:\/\/temucotelevision.cl\/web\/wp-json\/wp\/v2\/categories?post=34641"},{"taxonomy":"post_tag","embeddable":true,"href":"https:\/\/temucotelevision.cl\/web\/wp-json\/wp\/v2\/tags?post=34641"}],"curies":[{"name":"wp","href":"https:\/\/api.w.org\/{rel}","templated":true}]}}