{"id":34635,"date":"2022-08-21T21:13:53","date_gmt":"2022-08-22T00:13:53","guid":{"rendered":"https:\/\/temucotelevision.cl\/web\/?p=34635"},"modified":"2022-08-21T21:14:37","modified_gmt":"2022-08-22T00:14:37","slug":"con-medallero-regreso-delegacion-regional-que-compitio-en-nacional-de-levantamiento-de-pesas","status":"publish","type":"post","link":"https:\/\/temucotelevision.cl\/web\/2022\/08\/21\/con-medallero-regreso-delegacion-regional-que-compitio-en-nacional-de-levantamiento-de-pesas\/","title":{"rendered":"Con medallero regres\u00f3 delegaci\u00f3n regional que compiti\u00f3 en Nacional de Levantamiento de Pesas\u00a0"},"content":{"rendered":"<div class=\"pvc_clear\"><\/div><p id=\"pvc_stats_34635\" class=\"pvc_stats total_only  \" data-element-id=\"34635\" style=\"\"><i class=\"pvc-stats-icon large\" aria-hidden=\"true\"><svg aria-hidden=\"true\" focusable=\"false\" data-prefix=\"far\" data-icon=\"chart-bar\" role=\"img\" xmlns=\"http:\/\/www.w3.org\/2000\/svg\" viewBox=\"0 0 512 512\" class=\"svg-inline--fa fa-chart-bar fa-w-16 fa-2x\"><path fill=\"currentColor\" d=\"M396.8 352h22.4c6.4 0 12.8-6.4 12.8-12.8V108.8c0-6.4-6.4-12.8-12.8-12.8h-22.4c-6.4 0-12.8 6.4-12.8 12.8v230.4c0 6.4 6.4 12.8 12.8 12.8zm-192 0h22.4c6.4 0 12.8-6.4 12.8-12.8V140.8c0-6.4-6.4-12.8-12.8-12.8h-22.4c-6.4 0-12.8 6.4-12.8 12.8v198.4c0 6.4 6.4 12.8 12.8 12.8zm96 0h22.4c6.4 0 12.8-6.4 12.8-12.8V204.8c0-6.4-6.4-12.8-12.8-12.8h-22.4c-6.4 0-12.8 6.4-12.8 12.8v134.4c0 6.4 6.4 12.8 12.8 12.8zM496 400H48V80c0-8.84-7.16-16-16-16H16C7.16 64 0 71.16 0 80v336c0 17.67 14.33 32 32 32h464c8.84 0 16-7.16 16-16v-16c0-8.84-7.16-16-16-16zm-387.2-48h22.4c6.4 0 12.8-6.4 12.8-12.8v-70.4c0-6.4-6.4-12.8-12.8-12.8h-22.4c-6.4 0-12.8 6.4-12.8 12.8v70.4c0 6.4 6.4 12.8 12.8 12.8z\" class=\"\"><\/path><\/svg><\/i> <img loading=\"lazy\" decoding=\"async\" width=\"16\" height=\"16\" alt=\"Loading\" src=\"https:\/\/temucotelevision.cl\/web\/wp-content\/plugins\/page-views-count\/ajax-loader-2x.gif\" border=0 \/><\/p><div class=\"pvc_clear\"><\/div>\n<p>\u00b7&nbsp;&nbsp;&nbsp;&nbsp;&nbsp;&nbsp;&nbsp;&nbsp;&nbsp;<strong>Los deportistas de las categor\u00edas sub 15 y sub17 viajaron a Santiago apoyados por el Instituto Nacional del Deporte, en el marco del Programa Promesas Chile.<\/strong><\/p>\n\n\n\n<p> Con preseas regres\u00f3 a la Araucan\u00eda el equipo regional que particip\u00f3 en el Campeonato Nacional de levantamiento de pesas sub 15 y sub 17 desarrollado en Santiago.<\/p>\n\n\n\n<p>La participaci\u00f3n local se dio en el contexto de los apoyos que entrega el Ministerio del Deporte a trav\u00e9s del IND a los beneficiarios de Promesas Chile. La delegaci\u00f3n viaj\u00f3 acompa\u00f1ada de los t\u00e9cnicos del programa,&nbsp; Nelson Gatica y Pablo Canales.<\/p>\n\n\n\n<p>Todos los deportistas que asistieron pertenecen adem\u00e1s a la asociaci\u00f3n Intercomunal de Levantamiento de Pesas de La Araucan\u00eda.<\/p>\n\n\n\n<p>En la categor\u00eda Sub 17, la delegaci\u00f3n obtuvo dos primeros lugares: Karina Torres, con una marca de 64 Kg; e Isidora Lagos, con 76 Kg.&nbsp;<\/p>\n\n\n\n<p>Alanis Zapata obtuvo un segundo lugar con 71 kg; y Millaray Garc\u00eda, el tercero, con 71 kg.&nbsp;<\/p>\n\n\n\n<p>En la categor\u00eda&nbsp;Sub 15, &nbsp;Valentina Garc\u00eda obtuvo la segunda posici\u00f3n tras alzar 81 kg. Tambi\u00e9n en el segundo lugar qued\u00f3 Gabriel Figueroa, con 67 kg.; y en la tercera ubicaci\u00f3n, Lorenzo Mart\u00ednez, con 61 kg.&nbsp;<\/p>\n\n\n\n<p>Promesas Chile es un programa del IND que busca potenciar el desarrollo de los mejores deportistas en las primeras fases del deporte competitivo para llevarlos hacia el alto rendimiento.<\/p>\n\n\n\n<p>Se centra en los procesos de detecci\u00f3n, captaci\u00f3n, proyecci\u00f3n y desarrollo de deportistas entre 9 y 24 a\u00f1os.\u00a0Como resultado se espera aumentar el n\u00famero de deportistas que se especialicen en un deporte con proyecci\u00f3n hacia el alto rendimiento, respetando las etapas madurativas de ni\u00f1os, ni\u00f1as y j\u00f3venes. Asimismo, busca mejorar los procesos de entrenamiento, seguimiento, monitoreo y evaluaci\u00f3n, transform\u00e1ndose en el primer paso para ingresar a las selecciones nacionales.<\/p>\n\n\n\n<figure class=\"wp-block-image size-large\"><img loading=\"lazy\" decoding=\"async\" width=\"1024\" height=\"768\" src=\"https:\/\/temucotelevision.cl\/web\/wp-content\/uploads\/2022\/08\/Delegacion2-1024x768.jpeg\" alt=\"\" class=\"wp-image-34639\" srcset=\"https:\/\/temucotelevision.cl\/web\/wp-content\/uploads\/2022\/08\/Delegacion2-1024x768.jpeg 1024w, https:\/\/temucotelevision.cl\/web\/wp-content\/uploads\/2022\/08\/Delegacion2-768x576.jpeg 768w, https:\/\/temucotelevision.cl\/web\/wp-content\/uploads\/2022\/08\/Delegacion2-1536x1152.jpeg 1536w, https:\/\/temucotelevision.cl\/web\/wp-content\/uploads\/2022\/08\/Delegacion2.jpeg 1600w\" sizes=\"auto, (max-width: 1024px) 100vw, 1024px\" \/><\/figure>\n","protected":false},"excerpt":{"rendered":"<div class=\"pvc_clear\"><\/div>\n<p id=\"pvc_stats_34635\" class=\"pvc_stats total_only  \" data-element-id=\"34635\" style=\"\"><i class=\"pvc-stats-icon large\" aria-hidden=\"true\"><svg aria-hidden=\"true\" focusable=\"false\" data-prefix=\"far\" data-icon=\"chart-bar\" role=\"img\" xmlns=\"http:\/\/www.w3.org\/2000\/svg\" viewBox=\"0 0 512 512\" class=\"svg-inline--fa fa-chart-bar fa-w-16 fa-2x\"><path fill=\"currentColor\" d=\"M396.8 352h22.4c6.4 0 12.8-6.4 12.8-12.8V108.8c0-6.4-6.4-12.8-12.8-12.8h-22.4c-6.4 0-12.8 6.4-12.8 12.8v230.4c0 6.4 6.4 12.8 12.8 12.8zm-192 0h22.4c6.4 0 12.8-6.4 12.8-12.8V140.8c0-6.4-6.4-12.8-12.8-12.8h-22.4c-6.4 0-12.8 6.4-12.8 12.8v198.4c0 6.4 6.4 12.8 12.8 12.8zm96 0h22.4c6.4 0 12.8-6.4 12.8-12.8V204.8c0-6.4-6.4-12.8-12.8-12.8h-22.4c-6.4 0-12.8 6.4-12.8 12.8v134.4c0 6.4 6.4 12.8 12.8 12.8zM496 400H48V80c0-8.84-7.16-16-16-16H16C7.16 64 0 71.16 0 80v336c0 17.67 14.33 32 32 32h464c8.84 0 16-7.16 16-16v-16c0-8.84-7.16-16-16-16zm-387.2-48h22.4c6.4 0 12.8-6.4 12.8-12.8v-70.4c0-6.4-6.4-12.8-12.8-12.8h-22.4c-6.4 0-12.8 6.4-12.8 12.8v70.4c0 6.4 6.4 12.8 12.8 12.8z\" class=\"\"><\/path><\/svg><\/i> <img loading=\"lazy\" decoding=\"async\" width=\"16\" height=\"16\" alt=\"Loading\" src=\"https:\/\/temucotelevision.cl\/web\/wp-content\/plugins\/page-views-count\/ajax-loader-2x.gif\" border=0 \/><\/p>\n<div class=\"pvc_clear\"><\/div>\n<p>\u00b7&nbsp;&nbsp;&nbsp;&nbsp;&nbsp;&nbsp;&nbsp;&nbsp;&nbsp;Los deportistas de las categor\u00edas sub 15 y sub17 viajaron a Santiago apoyados por el Instituto Nacional del Deporte, en<\/p>\n","protected":false},"author":1,"featured_media":34636,"comment_status":"open","ping_status":"open","sticky":false,"template":"","format":"standard","meta":{"colormag_page_container_layout":"default_layout","colormag_page_sidebar_layout":"default_layout","footnotes":""},"categories":[15],"tags":[5378,1725,5717,5718],"class_list":["post-34635","post","type-post","status-publish","format-standard","has-post-thumbnail","hentry","category-la-araucania","tag-delegacion","tag-federacion","tag-medallero","tag-pesas"],"a3_pvc":{"activated":true,"total_views":70,"today_views":0},"_links":{"self":[{"href":"https:\/\/temucotelevision.cl\/web\/wp-json\/wp\/v2\/posts\/34635","targetHints":{"allow":["GET"]}}],"collection":[{"href":"https:\/\/temucotelevision.cl\/web\/wp-json\/wp\/v2\/posts"}],"about":[{"href":"https:\/\/temucotelevision.cl\/web\/wp-json\/wp\/v2\/types\/post"}],"author":[{"embeddable":true,"href":"https:\/\/temucotelevision.cl\/web\/wp-json\/wp\/v2\/users\/1"}],"replies":[{"embeddable":true,"href":"https:\/\/temucotelevision.cl\/web\/wp-json\/wp\/v2\/comments?post=34635"}],"version-history":[{"count":2,"href":"https:\/\/temucotelevision.cl\/web\/wp-json\/wp\/v2\/posts\/34635\/revisions"}],"predecessor-version":[{"id":34640,"href":"https:\/\/temucotelevision.cl\/web\/wp-json\/wp\/v2\/posts\/34635\/revisions\/34640"}],"wp:featuredmedia":[{"embeddable":true,"href":"https:\/\/temucotelevision.cl\/web\/wp-json\/wp\/v2\/media\/34636"}],"wp:attachment":[{"href":"https:\/\/temucotelevision.cl\/web\/wp-json\/wp\/v2\/media?parent=34635"}],"wp:term":[{"taxonomy":"category","embeddable":true,"href":"https:\/\/temucotelevision.cl\/web\/wp-json\/wp\/v2\/categories?post=34635"},{"taxonomy":"post_tag","embeddable":true,"href":"https:\/\/temucotelevision.cl\/web\/wp-json\/wp\/v2\/tags?post=34635"}],"curies":[{"name":"wp","href":"https:\/\/api.w.org\/{rel}","templated":true}]}}