{"id":34629,"date":"2022-08-21T21:04:47","date_gmt":"2022-08-22T00:04:47","guid":{"rendered":"https:\/\/temucotelevision.cl\/web\/?p=34629"},"modified":"2022-08-21T21:04:48","modified_gmt":"2022-08-22T00:04:48","slug":"tom-chaplin-estreno-video-clip-de-gravitacional","status":"publish","type":"post","link":"https:\/\/temucotelevision.cl\/web\/2022\/08\/21\/tom-chaplin-estreno-video-clip-de-gravitacional\/","title":{"rendered":"Tom Chaplin estren\u00f3 video clip de &#8220;Gravitacional&#8221;"},"content":{"rendered":"<div class=\"pvc_clear\"><\/div><p id=\"pvc_stats_34629\" class=\"pvc_stats total_only  \" data-element-id=\"34629\" style=\"\"><i class=\"pvc-stats-icon large\" aria-hidden=\"true\"><svg aria-hidden=\"true\" focusable=\"false\" data-prefix=\"far\" data-icon=\"chart-bar\" role=\"img\" xmlns=\"http:\/\/www.w3.org\/2000\/svg\" viewBox=\"0 0 512 512\" class=\"svg-inline--fa fa-chart-bar fa-w-16 fa-2x\"><path fill=\"currentColor\" d=\"M396.8 352h22.4c6.4 0 12.8-6.4 12.8-12.8V108.8c0-6.4-6.4-12.8-12.8-12.8h-22.4c-6.4 0-12.8 6.4-12.8 12.8v230.4c0 6.4 6.4 12.8 12.8 12.8zm-192 0h22.4c6.4 0 12.8-6.4 12.8-12.8V140.8c0-6.4-6.4-12.8-12.8-12.8h-22.4c-6.4 0-12.8 6.4-12.8 12.8v198.4c0 6.4 6.4 12.8 12.8 12.8zm96 0h22.4c6.4 0 12.8-6.4 12.8-12.8V204.8c0-6.4-6.4-12.8-12.8-12.8h-22.4c-6.4 0-12.8 6.4-12.8 12.8v134.4c0 6.4 6.4 12.8 12.8 12.8zM496 400H48V80c0-8.84-7.16-16-16-16H16C7.16 64 0 71.16 0 80v336c0 17.67 14.33 32 32 32h464c8.84 0 16-7.16 16-16v-16c0-8.84-7.16-16-16-16zm-387.2-48h22.4c6.4 0 12.8-6.4 12.8-12.8v-70.4c0-6.4-6.4-12.8-12.8-12.8h-22.4c-6.4 0-12.8 6.4-12.8 12.8v70.4c0 6.4 6.4 12.8 12.8 12.8z\" class=\"\"><\/path><\/svg><\/i> <img loading=\"lazy\" decoding=\"async\" width=\"16\" height=\"16\" alt=\"Loading\" src=\"https:\/\/temucotelevision.cl\/web\/wp-content\/plugins\/page-views-count\/ajax-loader-2x.gif\" border=0 \/><\/p><div class=\"pvc_clear\"><\/div>\n<p>Adelanto de su pr\u00f3ximo \u00e1lbum \u201cMIDPOINT\u201d que se lanzar\u00e1 el 2 de septiembre<\/p>\n\n\n\n<p><strong>Tom Chaplin<\/strong> estren\u00f3 el <a rel=\"noreferrer noopener\" href=\"https:\/\/www.youtube.com\/watch?v=ONrCbXRK1-A\" target=\"_blank\">videoclip<\/a> de <strong><em>\u201cGravitational\u201d<\/em><\/strong><em>, <\/em>adelanto de su pr\u00f3ximo \u00e1lbum \u201c<strong>Midpoint\u201d <\/strong>que saldr\u00e1 a la venta el 2 de septiembre a trav\u00e9s de <strong>BMG<\/strong>.\u00a0<\/p>\n\n\n\n<iframe loading=\"lazy\" width=\"560\" height=\"315\" src=\"https:\/\/www.youtube.com\/embed\/ONrCbXRK1-A\" title=\"YouTube video player\" frameborder=\"0\" allow=\"accelerometer; autoplay; clipboard-write; encrypted-media; gyroscope; picture-in-picture\" allowfullscreen><\/iframe>\n\n\n\n<p><strong>Sobre este nuevo videoclip, Tom coment\u00f3:<\/strong> <em>\u201cMi pr\u00f3ximo \u00e1lbum <\/em><strong><em>\u201cMidpoint\u201d<\/em><\/strong><em> se realiz\u00f3 con un esp\u00edritu de libertad art\u00edstica sin concesiones.&nbsp; Con ese esp\u00edritu, fue muy emocionante darle mi canci\u00f3n <\/em><strong><em>\u201cGravitational\u201d<\/em><\/strong><em> a Yasmeen Fanari para que haga su magia animada en el <\/em><a href=\"https:\/\/www.youtube.com\/watch?v=ONrCbXRK1-A\" target=\"_blank\" rel=\"noreferrer noopener\"><em>videoclip<\/em><\/a><em>.&nbsp; Ha creado una pieza tan hermosa y que invita a la reflexi\u00f3n que realmente eleva la canci\u00f3n.&nbsp; Cada vez que veo el minuto final, utilizando material de archivo que ella ha seleccionado cuidadosamente y mezclado con su animaci\u00f3n, se me saltan las l\u00e1grimas.&nbsp; Es incre\u00edble\u201d.&nbsp;<\/em><\/p>\n\n\n\n<p>Por su parte, <strong>Yasmeen Fanari,<\/strong> directora del videoclip, expres\u00f3:<em> \u00a1Lo que he estado cocinando durante el \u00faltimo par de meses finalmente sali\u00f3 a la luz! Tuve la incre\u00edble oportunidad de trabajar con <\/em><strong><em>Tom Chaplin<\/em><\/strong><em> en su impresionantemente hermosa nueva canci\u00f3n \u201cGravitational\u201d.&nbsp; Fue una alegr\u00eda absoluta crear este trabajo, colaborar con fant\u00e1sticos talentos del Reino Unido y Francia, \u00a1y ganar valiosas amistades a lo largo del camino!\u201d<\/em><\/p>\n\n\n\n<p><strong><em>\u201cGravitational&#8221;<\/em><\/strong>, un contagioso tema indie-pop producido por Ethan Johns, muestra a <strong>Tom<\/strong> en su versi\u00f3n m\u00e1s optimista.&nbsp; <em>&#8220;Hay una ambig\u00fcedad en la letra&#8221;<\/em>, admite <strong>Chaplin<\/strong>.&nbsp; <em>&#8220;Los qu\u00edmicos pesados ahora son el amor por la familia, pero tambi\u00e9n es el deseo de desenvolverse.&nbsp; Con mi adicci\u00f3n y luego con ciertas cuestiones de la mediana edad, cada vez que sent\u00eda que me alejaba mucho de casa, de mi mujer y de mis hijos e incluso de la m\u00fasica, hab\u00eda una energ\u00eda que me hac\u00eda volver.&nbsp; Eso me encanta\u201d.<\/em>&nbsp; Escucha <strong><em>\u201cGravitational\u201d<\/em><\/strong> <a href=\"https:\/\/tomchaplin.lnk.to\/GravitationalPR\" target=\"_blank\" rel=\"noreferrer noopener\">aqu\u00ed<\/a>.<\/p>\n\n\n\n<p>Este nuevo single sigue a la canci\u00f3n que da t\u00edtulo al \u00e1lbum <strong><em>\u201cMidpoint\u201d<\/em><\/strong>, un tema en el que la voz de <strong>Tom<\/strong> se eleva, pintando la imagen de un hombre que est\u00e1 desconcertado y confundido con los pensamientos de su mediana edad. Estos sentimientos est\u00e1n bellamente capturados en una evocadora pel\u00edcula protagonizada por Niamh Cusack, dirigida por Lucy Bridger.&nbsp; Mira el v\u00eddeo <a href=\"https:\/\/www.youtube.com\/watch?v=ymtS40VHWlo\" target=\"_blank\" rel=\"noreferrer noopener\">aqu\u00ed<\/a>.<\/p>\n\n\n\n<p><strong>Tom<\/strong> comenz\u00f3 a escribir estas nuevas canciones hace dos a\u00f1os, cuando la gira de <strong>KEANE<\/strong> \u201cCause and Effect\u201d de 2019 se vio interrumpida bruscamente por la pandemia.&nbsp; Las canciones, todas fundadas en la reflexi\u00f3n y la imaginaci\u00f3n, se grabaron en seis semanas en los estudios Real World de Peter Gabriel en Bath y en The Church de Paul Epworth en el norte de Londres.<\/p>\n\n\n\n<p>Coincidiendo con <strong>Tom<\/strong> entrando en la mediana edad, <strong><em>\u201cMidpoint\u201d<\/em><\/strong> no se parece a nada.&nbsp; <em>&#8220;Hay espacio para algo matizado que explora una parte de la vida por la que todo el mundo pasa&#8221;, <\/em>comenta <strong>Chaplin<\/strong><em>.&nbsp; &#8220;Si puedo transmitir algo de eso y puede resonar con algo que la gente est\u00e1 sintiendo en sus vidas, estar\u00e9 m\u00e1s que feliz&#8221;.<\/em><\/p>\n\n\n\n<p>Tom y su banda estar\u00e1n de gira por el Reino Unido comenzando el 6 de octubre en <em>De Montfort Hall<\/em> de Leicester y terminando en London Palladium el 22 de octubre.&nbsp; Las entradas ya se encuentran a la venta.<\/p>\n","protected":false},"excerpt":{"rendered":"<div class=\"pvc_clear\"><\/div>\n<p id=\"pvc_stats_34629\" class=\"pvc_stats total_only  \" data-element-id=\"34629\" style=\"\"><i class=\"pvc-stats-icon large\" aria-hidden=\"true\"><svg aria-hidden=\"true\" focusable=\"false\" data-prefix=\"far\" data-icon=\"chart-bar\" role=\"img\" xmlns=\"http:\/\/www.w3.org\/2000\/svg\" viewBox=\"0 0 512 512\" class=\"svg-inline--fa fa-chart-bar fa-w-16 fa-2x\"><path fill=\"currentColor\" d=\"M396.8 352h22.4c6.4 0 12.8-6.4 12.8-12.8V108.8c0-6.4-6.4-12.8-12.8-12.8h-22.4c-6.4 0-12.8 6.4-12.8 12.8v230.4c0 6.4 6.4 12.8 12.8 12.8zm-192 0h22.4c6.4 0 12.8-6.4 12.8-12.8V140.8c0-6.4-6.4-12.8-12.8-12.8h-22.4c-6.4 0-12.8 6.4-12.8 12.8v198.4c0 6.4 6.4 12.8 12.8 12.8zm96 0h22.4c6.4 0 12.8-6.4 12.8-12.8V204.8c0-6.4-6.4-12.8-12.8-12.8h-22.4c-6.4 0-12.8 6.4-12.8 12.8v134.4c0 6.4 6.4 12.8 12.8 12.8zM496 400H48V80c0-8.84-7.16-16-16-16H16C7.16 64 0 71.16 0 80v336c0 17.67 14.33 32 32 32h464c8.84 0 16-7.16 16-16v-16c0-8.84-7.16-16-16-16zm-387.2-48h22.4c6.4 0 12.8-6.4 12.8-12.8v-70.4c0-6.4-6.4-12.8-12.8-12.8h-22.4c-6.4 0-12.8 6.4-12.8 12.8v70.4c0 6.4 6.4 12.8 12.8 12.8z\" class=\"\"><\/path><\/svg><\/i> <img loading=\"lazy\" decoding=\"async\" width=\"16\" height=\"16\" alt=\"Loading\" src=\"https:\/\/temucotelevision.cl\/web\/wp-content\/plugins\/page-views-count\/ajax-loader-2x.gif\" border=0 \/><\/p>\n<div class=\"pvc_clear\"><\/div>\n<p>Adelanto de su pr\u00f3ximo \u00e1lbum \u201cMIDPOINT\u201d que se lanzar\u00e1 el 2 de septiembre Tom Chaplin estren\u00f3 el videoclip de \u201cGravitational\u201d,<\/p>\n","protected":false},"author":1,"featured_media":34630,"comment_status":"open","ping_status":"open","sticky":false,"template":"","format":"standard","meta":{"colormag_page_container_layout":"default_layout","colormag_page_sidebar_layout":"default_layout","footnotes":""},"categories":[369],"tags":[902,3586,609,445],"class_list":["post-34629","post","type-post","status-publish","format-standard","has-post-thumbnail","hentry","category-musica","tag-album","tag-bmg","tag-estreno","tag-video"],"a3_pvc":{"activated":true,"total_views":105,"today_views":0},"_links":{"self":[{"href":"https:\/\/temucotelevision.cl\/web\/wp-json\/wp\/v2\/posts\/34629","targetHints":{"allow":["GET"]}}],"collection":[{"href":"https:\/\/temucotelevision.cl\/web\/wp-json\/wp\/v2\/posts"}],"about":[{"href":"https:\/\/temucotelevision.cl\/web\/wp-json\/wp\/v2\/types\/post"}],"author":[{"embeddable":true,"href":"https:\/\/temucotelevision.cl\/web\/wp-json\/wp\/v2\/users\/1"}],"replies":[{"embeddable":true,"href":"https:\/\/temucotelevision.cl\/web\/wp-json\/wp\/v2\/comments?post=34629"}],"version-history":[{"count":1,"href":"https:\/\/temucotelevision.cl\/web\/wp-json\/wp\/v2\/posts\/34629\/revisions"}],"predecessor-version":[{"id":34631,"href":"https:\/\/temucotelevision.cl\/web\/wp-json\/wp\/v2\/posts\/34629\/revisions\/34631"}],"wp:featuredmedia":[{"embeddable":true,"href":"https:\/\/temucotelevision.cl\/web\/wp-json\/wp\/v2\/media\/34630"}],"wp:attachment":[{"href":"https:\/\/temucotelevision.cl\/web\/wp-json\/wp\/v2\/media?parent=34629"}],"wp:term":[{"taxonomy":"category","embeddable":true,"href":"https:\/\/temucotelevision.cl\/web\/wp-json\/wp\/v2\/categories?post=34629"},{"taxonomy":"post_tag","embeddable":true,"href":"https:\/\/temucotelevision.cl\/web\/wp-json\/wp\/v2\/tags?post=34629"}],"curies":[{"name":"wp","href":"https:\/\/api.w.org\/{rel}","templated":true}]}}