{"id":34621,"date":"2022-08-21T00:15:09","date_gmt":"2022-08-21T03:15:09","guid":{"rendered":"https:\/\/temucotelevision.cl\/web\/?p=34621"},"modified":"2022-08-21T15:47:15","modified_gmt":"2022-08-21T18:47:15","slug":"la-banda-del-cuerpo-de-bomberos-de-temuco-celebra-su-18o-aniversario-con-una-retreta-este-domingo-21-de-agosto","status":"publish","type":"post","link":"https:\/\/temucotelevision.cl\/web\/2022\/08\/21\/la-banda-del-cuerpo-de-bomberos-de-temuco-celebra-su-18o-aniversario-con-una-retreta-este-domingo-21-de-agosto\/","title":{"rendered":"La Banda del Cuerpo de Bomberos de Temuco celebra su 18\u00ba aniversario con una retreta este domingo 21 de agosto"},"content":{"rendered":"<div class=\"pvc_clear\"><\/div><p id=\"pvc_stats_34621\" class=\"pvc_stats total_only  \" data-element-id=\"34621\" style=\"\"><i class=\"pvc-stats-icon large\" aria-hidden=\"true\"><svg aria-hidden=\"true\" focusable=\"false\" data-prefix=\"far\" data-icon=\"chart-bar\" role=\"img\" xmlns=\"http:\/\/www.w3.org\/2000\/svg\" viewBox=\"0 0 512 512\" class=\"svg-inline--fa fa-chart-bar fa-w-16 fa-2x\"><path fill=\"currentColor\" d=\"M396.8 352h22.4c6.4 0 12.8-6.4 12.8-12.8V108.8c0-6.4-6.4-12.8-12.8-12.8h-22.4c-6.4 0-12.8 6.4-12.8 12.8v230.4c0 6.4 6.4 12.8 12.8 12.8zm-192 0h22.4c6.4 0 12.8-6.4 12.8-12.8V140.8c0-6.4-6.4-12.8-12.8-12.8h-22.4c-6.4 0-12.8 6.4-12.8 12.8v198.4c0 6.4 6.4 12.8 12.8 12.8zm96 0h22.4c6.4 0 12.8-6.4 12.8-12.8V204.8c0-6.4-6.4-12.8-12.8-12.8h-22.4c-6.4 0-12.8 6.4-12.8 12.8v134.4c0 6.4 6.4 12.8 12.8 12.8zM496 400H48V80c0-8.84-7.16-16-16-16H16C7.16 64 0 71.16 0 80v336c0 17.67 14.33 32 32 32h464c8.84 0 16-7.16 16-16v-16c0-8.84-7.16-16-16-16zm-387.2-48h22.4c6.4 0 12.8-6.4 12.8-12.8v-70.4c0-6.4-6.4-12.8-12.8-12.8h-22.4c-6.4 0-12.8 6.4-12.8 12.8v70.4c0 6.4 6.4 12.8 12.8 12.8z\" class=\"\"><\/path><\/svg><\/i> <img loading=\"lazy\" decoding=\"async\" width=\"16\" height=\"16\" alt=\"Loading\" src=\"https:\/\/temucotelevision.cl\/web\/wp-content\/plugins\/page-views-count\/ajax-loader-2x.gif\" border=0 \/><\/p><div class=\"pvc_clear\"><\/div>\n<p>Con motivo de celebrar su mes aniversario, la Banda del Cuerpo de Bomberos de Temuco brindar\u00e1 este domingo 21 de agosto, una retreta abierta para toda la comunidad.<\/p>\n\n\n\n<p>El evento se realizar\u00e1 a las 16.00 horas en el Easton Outlet Mall, ubicado en avenida Rudecindo Ortega, entrada norte de Temuco.<\/p>\n\n\n\n<p>Ra\u00fal Jim\u00e9nez, rector de la Escuela de Bomberos de Temuco, de la cual depende esta banda, invit\u00f3 a todos los habitantes de la capital regional y alrededores a concurrir a presenciar esta retreta, que ser\u00e1 totalmente gratuita.<\/p>\n\n\n\n<p>\u201cHoy estamos en una etapa de expansi\u00f3n y crecimiento, de fomentar la cultura y la m\u00fasica dentro de Bomberos, porque eso nos hace bien y nos aporta marcialidad, adem\u00e1s que tenemos la obligaci\u00f3n de entregar a la comunidad lo mejor de cada uno de nuestros bomberos\u201d, afirm\u00f3.<\/p>\n\n\n\n<p><strong>INVITACI\u00d3N A POSTULAR<\/strong><br \/>El rector de la Escuela de Bomberos aprovech\u00f3 la oportunidad para formular un llamado a que postulen todas las personas interesadas en integrar esta banda, no importando pr\u00e1cticamente la edad ni el sexo, como tampoco que posean estudios formales en m\u00fasica, subrayando que \u201clo importante es tener verdaderas ganas de aprender m\u00fasica y si la persona posee alguna habilidad para un instrumento, mejor todav\u00eda\u201d.<\/p>\n\n\n\n<p>\u201cEstamos muy contentos que la banda cumpla su aniversario n\u00famero 18 y queremos seguir incorporando ni\u00f1os, j\u00f3venes y adultos, a quienes les entregamos una serie de valores como grupo, cuya funci\u00f3n fundamental es la m\u00fasica\u201d, a\u00f1adi\u00f3 Jim\u00e9nez, explicando que sus miembros no combaten incendios ni participan de las emergencias, sino que su funci\u00f3n es exclusivamente desarrollar sus habilidades musicales.<\/p>\n\n\n\n<p>En el caso de los menores de edad, se exige que posean la autorizaci\u00f3n de sus padres y mantengan un buen rendimiento escolar.<\/p>\n\n\n\n<p>\u201cHoy tenemos 50 m\u00fasicos y deseamos llegar a los 60 o 70 en el corto plazo, de manera de sembrar esta semilla de la m\u00fasica en las nuevas generaciones\u201d, manifest\u00f3, agregando que la edad de los postulantes va aproximadamente desde los 14 a\u00f1os hacia arriba, sin l\u00edmite m\u00e1ximo, existiendo tambi\u00e9n personas adultas en sus filas.<\/p>\n\n\n\n<p>Pedro Olea, actual director de la Banda del Cuerpo de Bomberos de Temuco, poseedor de una trayectoria de m\u00e1s de 50 a\u00f1os en diversas bandas, entre ellas como exdirector de la banda del Regimiento Tucapel y en la Banda Municipal de Temuco, es quien tiene la misi\u00f3n de capacitar a los m\u00fasicos bomberiles, y dijo que la banda ensaya todos los s\u00e1bados por la tarde, haciendo hincapi\u00e9 en que los estudiantes no pueden por ning\u00fan motivo descuidar sus deberes escolares si desean permanecer como m\u00fasicos.<\/p>\n\n\n\n<p>\u201cNo es necesario que los postulantes sean profesionales en un instrumento, solamente les pedimos que tengan verdadero inter\u00e9s en aprender y aqu\u00ed se les ense\u00f1a\u201d, finaliz\u00f3.<\/p>\n\n\n\n<p><strong>HISTORIA<\/strong><br \/>La Banda del Cuerpo de Bomberos de Temuco naci\u00f3 un 8 de agosto de 2004, como \u201cBanda de Cadetes\u201d, al alero de la Cuarta Compa\u00f1\u00eda \u201cBomba Espa\u00f1a\u201d de esta ciudad, con la finalidad de acompa\u00f1ar a la instituci\u00f3n en distintos tipos de ceremonias, como por ejemplo, funerales y desfiles.<\/p>\n\n\n\n<p>En 2013, la banda pasa a depender directamente del Cuerpo de Bomberos, a trav\u00e9s de la Escuela de Bomberos y hoy en d\u00eda posee dos secciones: instrumental y de guerra, habiendo tenido destacadas presentaciones no s\u00f3lo en Temuco, tambi\u00e9n en distintas comunas de La Araucan\u00eda y en otras regiones del pa\u00eds.<\/p>\n\n\n\n<p>El contacto para los interesados en postular como integrantes de la banda es al correo&nbsp;<a rel=\"noreferrer noopener\" href=\"mailto:barbaraarteagasoto@gmail.com\" target=\"_blank\">barbaraarteagasoto@gmail.com<\/a>&nbsp; o al&nbsp;<a rel=\"noreferrer noopener\" href=\"mailto:oleabiemt@hotmail.com\" target=\"_blank\">oleabiemt@hotmail.com<\/a>, como tambi\u00e9n se puede llamar a los tel\u00e9fonos +56 9 9942 6379 o +56 9 7906 2782.<\/p>\n\n\n\n<figure class=\"wp-block-image size-large\"><img loading=\"lazy\" decoding=\"async\" width=\"1024\" height=\"683\" src=\"https:\/\/temucotelevision.cl\/web\/wp-content\/uploads\/2022\/08\/Banda2-1024x683.jpg\" alt=\"\" class=\"wp-image-34623\" srcset=\"https:\/\/temucotelevision.cl\/web\/wp-content\/uploads\/2022\/08\/Banda2-1024x683.jpg 1024w, https:\/\/temucotelevision.cl\/web\/wp-content\/uploads\/2022\/08\/Banda2-768x512.jpg 768w, https:\/\/temucotelevision.cl\/web\/wp-content\/uploads\/2022\/08\/Banda2-1536x1024.jpg 1536w, https:\/\/temucotelevision.cl\/web\/wp-content\/uploads\/2022\/08\/Banda2.jpg 1920w\" sizes=\"auto, (max-width: 1024px) 100vw, 1024px\" \/><\/figure>\n\n\n\n<p>A Raiz Del Fallecimiento De Quien Fuera Bombero Insigne De Chile, Honorario De La Cuarta Compa\u00f1\u00eda Temuco y Del Cuerpo De Bomberos De Temuco Es Que Se Suspende Nuestra Actividad Hasta Nuevo Aviso, Agradecemos Enormemente A Todos Su Apoyo y Esperamos Prontamente Reagendar Una Nueva Fecha A Nuestra Actividad!!<\/p>\n","protected":false},"excerpt":{"rendered":"<div class=\"pvc_clear\"><\/div>\n<p id=\"pvc_stats_34621\" class=\"pvc_stats total_only  \" data-element-id=\"34621\" style=\"\"><i class=\"pvc-stats-icon large\" aria-hidden=\"true\"><svg aria-hidden=\"true\" focusable=\"false\" data-prefix=\"far\" data-icon=\"chart-bar\" role=\"img\" xmlns=\"http:\/\/www.w3.org\/2000\/svg\" viewBox=\"0 0 512 512\" class=\"svg-inline--fa fa-chart-bar fa-w-16 fa-2x\"><path fill=\"currentColor\" d=\"M396.8 352h22.4c6.4 0 12.8-6.4 12.8-12.8V108.8c0-6.4-6.4-12.8-12.8-12.8h-22.4c-6.4 0-12.8 6.4-12.8 12.8v230.4c0 6.4 6.4 12.8 12.8 12.8zm-192 0h22.4c6.4 0 12.8-6.4 12.8-12.8V140.8c0-6.4-6.4-12.8-12.8-12.8h-22.4c-6.4 0-12.8 6.4-12.8 12.8v198.4c0 6.4 6.4 12.8 12.8 12.8zm96 0h22.4c6.4 0 12.8-6.4 12.8-12.8V204.8c0-6.4-6.4-12.8-12.8-12.8h-22.4c-6.4 0-12.8 6.4-12.8 12.8v134.4c0 6.4 6.4 12.8 12.8 12.8zM496 400H48V80c0-8.84-7.16-16-16-16H16C7.16 64 0 71.16 0 80v336c0 17.67 14.33 32 32 32h464c8.84 0 16-7.16 16-16v-16c0-8.84-7.16-16-16-16zm-387.2-48h22.4c6.4 0 12.8-6.4 12.8-12.8v-70.4c0-6.4-6.4-12.8-12.8-12.8h-22.4c-6.4 0-12.8 6.4-12.8 12.8v70.4c0 6.4 6.4 12.8 12.8 12.8z\" class=\"\"><\/path><\/svg><\/i> <img loading=\"lazy\" decoding=\"async\" width=\"16\" height=\"16\" alt=\"Loading\" src=\"https:\/\/temucotelevision.cl\/web\/wp-content\/plugins\/page-views-count\/ajax-loader-2x.gif\" border=0 \/><\/p>\n<div class=\"pvc_clear\"><\/div>\n<p>Con motivo de celebrar su mes aniversario, la Banda del Cuerpo de Bomberos de Temuco brindar\u00e1 este domingo 21 de<\/p>\n","protected":false},"author":1,"featured_media":34622,"comment_status":"open","ping_status":"open","sticky":false,"template":"","format":"standard","meta":{"colormag_page_container_layout":"default_layout","colormag_page_sidebar_layout":"default_layout","footnotes":""},"categories":[86,14],"tags":[496,635,2114,5714],"class_list":["post-34621","post","type-post","status-publish","format-standard","has-post-thumbnail","hentry","category-panoramas","category-temuco","tag-aniversario","tag-banda","tag-cuerpo-de-bomberos","tag-retreta"],"a3_pvc":{"activated":true,"total_views":44,"today_views":0},"_links":{"self":[{"href":"https:\/\/temucotelevision.cl\/web\/wp-json\/wp\/v2\/posts\/34621","targetHints":{"allow":["GET"]}}],"collection":[{"href":"https:\/\/temucotelevision.cl\/web\/wp-json\/wp\/v2\/posts"}],"about":[{"href":"https:\/\/temucotelevision.cl\/web\/wp-json\/wp\/v2\/types\/post"}],"author":[{"embeddable":true,"href":"https:\/\/temucotelevision.cl\/web\/wp-json\/wp\/v2\/users\/1"}],"replies":[{"embeddable":true,"href":"https:\/\/temucotelevision.cl\/web\/wp-json\/wp\/v2\/comments?post=34621"}],"version-history":[{"count":2,"href":"https:\/\/temucotelevision.cl\/web\/wp-json\/wp\/v2\/posts\/34621\/revisions"}],"predecessor-version":[{"id":34628,"href":"https:\/\/temucotelevision.cl\/web\/wp-json\/wp\/v2\/posts\/34621\/revisions\/34628"}],"wp:featuredmedia":[{"embeddable":true,"href":"https:\/\/temucotelevision.cl\/web\/wp-json\/wp\/v2\/media\/34622"}],"wp:attachment":[{"href":"https:\/\/temucotelevision.cl\/web\/wp-json\/wp\/v2\/media?parent=34621"}],"wp:term":[{"taxonomy":"category","embeddable":true,"href":"https:\/\/temucotelevision.cl\/web\/wp-json\/wp\/v2\/categories?post=34621"},{"taxonomy":"post_tag","embeddable":true,"href":"https:\/\/temucotelevision.cl\/web\/wp-json\/wp\/v2\/tags?post=34621"}],"curies":[{"name":"wp","href":"https:\/\/api.w.org\/{rel}","templated":true}]}}