{"id":34617,"date":"2022-08-21T00:05:13","date_gmt":"2022-08-21T03:05:13","guid":{"rendered":"https:\/\/temucotelevision.cl\/web\/?p=34617"},"modified":"2022-08-21T00:07:37","modified_gmt":"2022-08-21T03:07:37","slug":"fundacion-multitudes-advierte-riesgo-de-autoritarismo-por-acusaciones-infundadas-de-fraude-en-el-plebiscito-del-04-de-septiembre","status":"publish","type":"post","link":"https:\/\/temucotelevision.cl\/web\/2022\/08\/21\/fundacion-multitudes-advierte-riesgo-de-autoritarismo-por-acusaciones-infundadas-de-fraude-en-el-plebiscito-del-04-de-septiembre\/","title":{"rendered":"Fundaci\u00f3n Multitudes advierte riesgo de autoritarismo por acusaciones infundadas de fraude en el plebiscito del 04 de septiembre"},"content":{"rendered":"<div class=\"pvc_clear\"><\/div><p id=\"pvc_stats_34617\" class=\"pvc_stats total_only  \" data-element-id=\"34617\" style=\"\"><i class=\"pvc-stats-icon large\" aria-hidden=\"true\"><svg aria-hidden=\"true\" focusable=\"false\" data-prefix=\"far\" data-icon=\"chart-bar\" role=\"img\" xmlns=\"http:\/\/www.w3.org\/2000\/svg\" viewBox=\"0 0 512 512\" class=\"svg-inline--fa fa-chart-bar fa-w-16 fa-2x\"><path fill=\"currentColor\" d=\"M396.8 352h22.4c6.4 0 12.8-6.4 12.8-12.8V108.8c0-6.4-6.4-12.8-12.8-12.8h-22.4c-6.4 0-12.8 6.4-12.8 12.8v230.4c0 6.4 6.4 12.8 12.8 12.8zm-192 0h22.4c6.4 0 12.8-6.4 12.8-12.8V140.8c0-6.4-6.4-12.8-12.8-12.8h-22.4c-6.4 0-12.8 6.4-12.8 12.8v198.4c0 6.4 6.4 12.8 12.8 12.8zm96 0h22.4c6.4 0 12.8-6.4 12.8-12.8V204.8c0-6.4-6.4-12.8-12.8-12.8h-22.4c-6.4 0-12.8 6.4-12.8 12.8v134.4c0 6.4 6.4 12.8 12.8 12.8zM496 400H48V80c0-8.84-7.16-16-16-16H16C7.16 64 0 71.16 0 80v336c0 17.67 14.33 32 32 32h464c8.84 0 16-7.16 16-16v-16c0-8.84-7.16-16-16-16zm-387.2-48h22.4c6.4 0 12.8-6.4 12.8-12.8v-70.4c0-6.4-6.4-12.8-12.8-12.8h-22.4c-6.4 0-12.8 6.4-12.8 12.8v70.4c0 6.4 6.4 12.8 12.8 12.8z\" class=\"\"><\/path><\/svg><\/i> <img loading=\"lazy\" decoding=\"async\" width=\"16\" height=\"16\" alt=\"Loading\" src=\"https:\/\/temucotelevision.cl\/web\/wp-content\/plugins\/page-views-count\/ajax-loader-2x.gif\" border=0 \/><\/p><div class=\"pvc_clear\"><\/div>\n<p><em>Directora ejecutiva, Paulina Ibarra, recalc\u00f3 que \u201ccuestionamientos al SERVEL que han levantado sectores cercanos a la extrema derecha nos recuerdan la misma estrategia de Trump, que desconoci\u00f3 los resultados electorales y arm\u00f3 una campa\u00f1a de desinformaci\u00f3n, que luego deriv\u00f3 en un asalto al Capitolio\u201d.<\/em><\/p>\n\n\n\n<p>La campa\u00f1a contra el Servicio Electoral (SERVEL), levantada por grupos m\u00e1s conservadores en los \u00faltimos d\u00edas, puede poner en serio riesgo la democracia y la institucionalidad chilena, siendo puerta de entrada al autoritarismo, al intentar colocar un manto de duda al proceso plebiscitario que se llevar\u00e1 a cabo en dos semanas, polarizando a\u00fan m\u00e1s el ambiente pol\u00edtico que vive Chile en m\u00e1s de 50 a\u00f1os.<\/p>\n\n\n\n<p>As\u00ed lo asegur\u00f3 la directora ejecutiva de Fundaci\u00f3n Multitudes, Paulina Ibarra, quien indic\u00f3 que estos \u201ccuestionamientos al SERVEL que han levantado sectores cercanos a la extrema derecha nos recuerdan la misma estrategia de Trump, que desconoci\u00f3 los resultados electorales y arm\u00f3 una campa\u00f1a de desinformaci\u00f3n, que luego deriv\u00f3 en un asalto al Capitolio. Lo mismo pasa con Bolsonaro en Brasil, al cuestionar el voto electr\u00f3nico, el que ha sido fuertemente defendido por el servicio electoral de ese pa\u00eds\u201d.<\/p>\n\n\n\n<p>\u201cEl SERVEL acaba de anunciar que estudia acciones legales contra quienes est\u00e1n detr\u00e1s de esa campa\u00f1a, en particular contra un diputado del Partido Republicano, que no s\u00f3lo ha cuestionado la presencia de detenidos desaparecidos en dictadura en el padr\u00f3n de electores, que se registran como \u2018Persona ausente por desaparici\u00f3n forzada\u2019, sino que ha hecho burla de manera cruel de esta situaci\u00f3n\u201d, agreg\u00f3 la cientista pol\u00edtico y Mag\u00edster en Comunicaci\u00f3n y Desarrollo de la Universidad de Georgetown, Estados Unidos.<\/p>\n\n\n\n<p>Ibarra recalc\u00f3 que \u201cgozamos de un sistema electoral que es ejemplo mundial, que tiene resultados en pocas horas, con total transparencia, y que ha dado muestras de profesionalismo e imparcialidad en los distintos procesos en los \u00faltimos 34 a\u00f1os. Cuestionar su integridad es minar la democracia y colocar injustificadamente un manto de duda sobre su trabajo. No me cabe duda que estas campa\u00f1as de desinformaci\u00f3n ponen en un serio riesgo a la democracia en Chile y son la puerta de entrada al autoritarismo\u201d.<\/p>\n\n\n\n<p>\u201cEsto es grav\u00edsimo, no hay que minimizarlo. Hay que recordar que Trump y Bolsonaro partieron de la misma forma. Sus intervenciones no fueron tomadas en cuenta e incluso muchos se mofaron de sus afirmaciones, y ya vimos los resultados. Ambos salieron electos Presidente, y en Estados Unidos casi se produjo un autogolpe, algo in\u00e9dito en su historia\u201d, coment\u00f3.&nbsp;<\/p>\n\n\n\n<p>La directora de Fundaci\u00f3n Multitudes asever\u00f3 que \u201chay que tener las alertas encendidas ante este intento autoritarista y nadie puede restarse de ese esfuerzo de desmentir y aclarar que ac\u00e1 no hay ni habr\u00e1 fraude en el plebiscito de salida. Es mucho lo que est\u00e1 en juego para el futuro del pa\u00eds este 04 de septiembre y todos debemos velar por que ese proceso se haga sin ning\u00fan tipo de cuestionamiento infundado\u201d.<\/p>\n\n\n\n<p>Visita <a href=\"http:\/\/www.fundacionmultitudes.org\/\" target=\"_blank\" rel=\"noreferrer noopener\">www.fundacionmultitudes.org<\/a><\/p>\n","protected":false},"excerpt":{"rendered":"<div class=\"pvc_clear\"><\/div>\n<p id=\"pvc_stats_34617\" class=\"pvc_stats total_only  \" data-element-id=\"34617\" style=\"\"><i class=\"pvc-stats-icon large\" aria-hidden=\"true\"><svg aria-hidden=\"true\" focusable=\"false\" data-prefix=\"far\" data-icon=\"chart-bar\" role=\"img\" xmlns=\"http:\/\/www.w3.org\/2000\/svg\" viewBox=\"0 0 512 512\" class=\"svg-inline--fa fa-chart-bar fa-w-16 fa-2x\"><path fill=\"currentColor\" d=\"M396.8 352h22.4c6.4 0 12.8-6.4 12.8-12.8V108.8c0-6.4-6.4-12.8-12.8-12.8h-22.4c-6.4 0-12.8 6.4-12.8 12.8v230.4c0 6.4 6.4 12.8 12.8 12.8zm-192 0h22.4c6.4 0 12.8-6.4 12.8-12.8V140.8c0-6.4-6.4-12.8-12.8-12.8h-22.4c-6.4 0-12.8 6.4-12.8 12.8v198.4c0 6.4 6.4 12.8 12.8 12.8zm96 0h22.4c6.4 0 12.8-6.4 12.8-12.8V204.8c0-6.4-6.4-12.8-12.8-12.8h-22.4c-6.4 0-12.8 6.4-12.8 12.8v134.4c0 6.4 6.4 12.8 12.8 12.8zM496 400H48V80c0-8.84-7.16-16-16-16H16C7.16 64 0 71.16 0 80v336c0 17.67 14.33 32 32 32h464c8.84 0 16-7.16 16-16v-16c0-8.84-7.16-16-16-16zm-387.2-48h22.4c6.4 0 12.8-6.4 12.8-12.8v-70.4c0-6.4-6.4-12.8-12.8-12.8h-22.4c-6.4 0-12.8 6.4-12.8 12.8v70.4c0 6.4 6.4 12.8 12.8 12.8z\" class=\"\"><\/path><\/svg><\/i> <img loading=\"lazy\" decoding=\"async\" width=\"16\" height=\"16\" alt=\"Loading\" src=\"https:\/\/temucotelevision.cl\/web\/wp-content\/plugins\/page-views-count\/ajax-loader-2x.gif\" border=0 \/><\/p>\n<div class=\"pvc_clear\"><\/div>\n<p>Directora ejecutiva, Paulina Ibarra, recalc\u00f3 que \u201ccuestionamientos al SERVEL que han levantado sectores cercanos a la extrema derecha nos recuerdan<\/p>\n","protected":false},"author":1,"featured_media":34618,"comment_status":"open","ping_status":"open","sticky":false,"template":"","format":"standard","meta":{"colormag_page_container_layout":"default_layout","colormag_page_sidebar_layout":"default_layout","footnotes":""},"categories":[84],"tags":[5713,1638,1716,2117,1686],"class_list":["post-34617","post","type-post","status-publish","format-standard","has-post-thumbnail","hentry","category-politica","tag-acusaciones","tag-fraude","tag-fundacion","tag-plebiscito","tag-septiembre"],"a3_pvc":{"activated":true,"total_views":59,"today_views":1},"_links":{"self":[{"href":"https:\/\/temucotelevision.cl\/web\/wp-json\/wp\/v2\/posts\/34617","targetHints":{"allow":["GET"]}}],"collection":[{"href":"https:\/\/temucotelevision.cl\/web\/wp-json\/wp\/v2\/posts"}],"about":[{"href":"https:\/\/temucotelevision.cl\/web\/wp-json\/wp\/v2\/types\/post"}],"author":[{"embeddable":true,"href":"https:\/\/temucotelevision.cl\/web\/wp-json\/wp\/v2\/users\/1"}],"replies":[{"embeddable":true,"href":"https:\/\/temucotelevision.cl\/web\/wp-json\/wp\/v2\/comments?post=34617"}],"version-history":[{"count":2,"href":"https:\/\/temucotelevision.cl\/web\/wp-json\/wp\/v2\/posts\/34617\/revisions"}],"predecessor-version":[{"id":34620,"href":"https:\/\/temucotelevision.cl\/web\/wp-json\/wp\/v2\/posts\/34617\/revisions\/34620"}],"wp:featuredmedia":[{"embeddable":true,"href":"https:\/\/temucotelevision.cl\/web\/wp-json\/wp\/v2\/media\/34618"}],"wp:attachment":[{"href":"https:\/\/temucotelevision.cl\/web\/wp-json\/wp\/v2\/media?parent=34617"}],"wp:term":[{"taxonomy":"category","embeddable":true,"href":"https:\/\/temucotelevision.cl\/web\/wp-json\/wp\/v2\/categories?post=34617"},{"taxonomy":"post_tag","embeddable":true,"href":"https:\/\/temucotelevision.cl\/web\/wp-json\/wp\/v2\/tags?post=34617"}],"curies":[{"name":"wp","href":"https:\/\/api.w.org\/{rel}","templated":true}]}}