{"id":34612,"date":"2022-08-20T23:58:27","date_gmt":"2022-08-21T02:58:27","guid":{"rendered":"https:\/\/temucotelevision.cl\/web\/?p=34612"},"modified":"2022-08-20T23:58:28","modified_gmt":"2022-08-21T02:58:28","slug":"gobierno-inicia-entrega-de-12-mil-toneladas-con-una-inversion-de-14-mil-millones-para-beneficiar-a-cerca-de-71-mil-agricultores","status":"publish","type":"post","link":"https:\/\/temucotelevision.cl\/web\/2022\/08\/20\/gobierno-inicia-entrega-de-12-mil-toneladas-con-una-inversion-de-14-mil-millones-para-beneficiar-a-cerca-de-71-mil-agricultores\/","title":{"rendered":"Gobierno inicia entrega de 12 mil toneladas con una inversi\u00f3n de $14 mil millones para beneficiar a cerca de 71 mil agricultores\u00a0"},"content":{"rendered":"<div class=\"pvc_clear\"><\/div><p id=\"pvc_stats_34612\" class=\"pvc_stats total_only  \" data-element-id=\"34612\" style=\"\"><i class=\"pvc-stats-icon large\" aria-hidden=\"true\"><svg aria-hidden=\"true\" focusable=\"false\" data-prefix=\"far\" data-icon=\"chart-bar\" role=\"img\" xmlns=\"http:\/\/www.w3.org\/2000\/svg\" viewBox=\"0 0 512 512\" class=\"svg-inline--fa fa-chart-bar fa-w-16 fa-2x\"><path fill=\"currentColor\" d=\"M396.8 352h22.4c6.4 0 12.8-6.4 12.8-12.8V108.8c0-6.4-6.4-12.8-12.8-12.8h-22.4c-6.4 0-12.8 6.4-12.8 12.8v230.4c0 6.4 6.4 12.8 12.8 12.8zm-192 0h22.4c6.4 0 12.8-6.4 12.8-12.8V140.8c0-6.4-6.4-12.8-12.8-12.8h-22.4c-6.4 0-12.8 6.4-12.8 12.8v198.4c0 6.4 6.4 12.8 12.8 12.8zm96 0h22.4c6.4 0 12.8-6.4 12.8-12.8V204.8c0-6.4-6.4-12.8-12.8-12.8h-22.4c-6.4 0-12.8 6.4-12.8 12.8v134.4c0 6.4 6.4 12.8 12.8 12.8zM496 400H48V80c0-8.84-7.16-16-16-16H16C7.16 64 0 71.16 0 80v336c0 17.67 14.33 32 32 32h464c8.84 0 16-7.16 16-16v-16c0-8.84-7.16-16-16-16zm-387.2-48h22.4c6.4 0 12.8-6.4 12.8-12.8v-70.4c0-6.4-6.4-12.8-12.8-12.8h-22.4c-6.4 0-12.8 6.4-12.8 12.8v70.4c0 6.4 6.4 12.8 12.8 12.8z\" class=\"\"><\/path><\/svg><\/i> <img loading=\"lazy\" decoding=\"async\" width=\"16\" height=\"16\" alt=\"Loading\" src=\"https:\/\/temucotelevision.cl\/web\/wp-content\/plugins\/page-views-count\/ajax-loader-2x.gif\" border=0 \/><\/p><div class=\"pvc_clear\"><\/div>\n<p>En la&nbsp;Regi\u00f3n de&nbsp;La Araucan\u00eda, el ministro de Agricultura, Esteban Valenzuela encabez\u00f3 la entrega que busca estimular la siembra de la temporada a trav\u00e9s de abono convencional y biofertilizantes. &nbsp;<\/p>\n\n\n\n<p>Hasta la&nbsp;comuna&nbsp;de Padre Las Casas lleg\u00f3 el ministro de Agricultura, Esteban Valenzuela, para dar inicio al programa \u201cFertilizantes para Chile\u201d, que consiste en una entrega de cerca de 12 mil toneladas de producto que beneficiar\u00e1 a m\u00e1s de 71 mil agricultores y agricultoras del pa\u00eds y que se traduce en una inversi\u00f3n de $14 mil millones a lo largo del pa\u00eds.&nbsp;<\/p>\n\n\n\n<p>\u201cEstamos muy satisfechos porque en una primera etapa hemos logrado estabilizar la ca\u00edda de los cultivos tradicionales, pero para los de primavera el&nbsp;Presidente Boric orden\u00f3 y pidi\u00f3 mayor colaboraci\u00f3n y foco; por eso hemos asignado recursos de m\u00e1s de $14 mil millones adicionales para poder contribuir en estos tiempos de aumento del precio mundial de los fertilizantes\u201d, se\u00f1al\u00f3 el ministro Valenzuela, quien estuvo junto al&nbsp;subsecretario de la cartera, Jos\u00e9 Guajardo, realizando una entrega a 32 beneficiarios de la regi\u00f3n de&nbsp;La Araucan\u00eda. &nbsp;<\/p>\n\n\n\n<p>Los recursos ser\u00e1n canalizados a trav\u00e9s del INDAP y la Subsecretar\u00eda de Agricultura, el objetivo principal de esta nueva medida del programa Siembra por Chile es estimular la siembra de la temporada a trav\u00e9s de abono convencional y biofertilizantes, para contribuir a la seguridad y soberan\u00eda alimentaria del pa\u00eds. &nbsp;<\/p>\n\n\n\n<p>\u201cSe entregar\u00e1n sacos de fertilizantes mixtos de urea y sint\u00e9tico, seg\u00fan la realidad de cada regi\u00f3n, acompa\u00f1ado de un porcentaje de fertilizantes bionaturales de distinta procedencia, para la agricultura agroecol\u00f3gica. Estamos hablando de 71 mil personas beneficiarias, donde destacan varios miles de usuarios del centro sur, pero este programa es de Arica a Magallanes\u201d, a\u00f1adi\u00f3 el secretario de Estado, Esteban Valenzuela Van Treek. &nbsp;<\/p>\n\n\n\n<p>Por su parte, el&nbsp;subsecretario de Agricultura, Jos\u00e9 Guajardo Reyes explic\u00f3 que \u201cel alto precio de los fertilizantes tuvo y tiene una alta incidencia en los costos directos de producci\u00f3n lo que preocupa a nuestros agricultores. Por eso, llegamos con esta ayuda para ellos, porque si bien los precios de fertilizantes han cedido, siguen siendo mucho m\u00e1s altos que la temporada pasada y hay que considerar que el segundo semestre del a\u00f1o es el per\u00edodo en que se consumen dos tercios de los fertilizantes en el agro\u201d.&nbsp;<\/p>\n\n\n\n<p>En este sentido, el seremi de Agricultura, H\u00e9ctor Cumilaf&nbsp;Huentemil, dijo que&nbsp;\u201ceste programa, que&nbsp;se llama Fertilizantes Para Chile, es una soluci\u00f3n que viene a enfrentar el alza en los productos para la siembra y que ha sido muy sentida por toda la ciudadan\u00eda de la Regi\u00f3n, sobre todo los integrantes de la agricultura familiar campesina. Estamos muy contentos que estuviera el ministro y el subsecretario en este lanzamiento nacional aqu\u00ed en La Araucan\u00eda y en la comuna de Padre Las Casas\u201d. &nbsp;<\/p>\n\n\n\n<p>En tanto, el Director Nacional de INDAP, Santiago Rojas Alessandri, sostuvo que \u201ceste momento complejo que est\u00e1 atravesando el agro requiere de acciones decididas. Por eso, desde INDAP estamos apoyando a lo largo de todo Chile a las y los campesinos, quienes fueron los m\u00e1s afectados con el incremento del precio de los fertilizantes. Este esfuerzo, adem\u00e1s, va en l\u00ednea con una producci\u00f3n m\u00e1s sostenible basada en la agroecolog\u00eda, ya que incorpora una oferta importante de biofertilizantes\u201d.&nbsp;<\/p>\n\n\n\n<p>Adem\u00e1s, desde INDAP explicaron que antes de anunciar la medida de compra de fertilizantes, junto a los equipos t\u00e9cnicos del Ministerio de Agricultura, se analiz\u00f3 la oferta y demanda del producto a nivel pa\u00eds. Ante esto se escogi\u00f3 el m\u00e9todo de compra regional para no impactar en las realidades de cada territorio. &nbsp;<\/p>\n\n\n\n<p><strong>\u00bfC\u00f3mo postular?&nbsp;<\/strong><\/p>\n\n\n\n<p>Para acceder a este programa, las y los usuarios de INDAP deben acercarse a realizar el requerimiento a las distintas oficinas de \u00e1reas de la instituci\u00f3n. La postulaci\u00f3n se realizar\u00e1 a partir de hoy hasta el 30 de octubre de 2022.&nbsp;<\/p>\n\n\n\n<p>El requisito es ser usuaria o usuario en cualquier regi\u00f3n del pa\u00eds, y verse afectado por el alza de precios de los fertilizantes. Con esto pueden acceder a: &nbsp;<\/p>\n\n\n\n<ul class=\"wp-block-list\"><li>Fertilizante de s\u00edntesis qu\u00edmica: Hasta 7 sacos de 25 Kg. c\/u por agricultor\/a de urea, mezcla o equivalente o bien excepcionalmente su equivalente en dinero. &nbsp;<br>&nbsp;<\/li><li>Biofertilizante: Hasta 25 sacos de 25 Kg. c\/u por agricultor\/a de fertilizante org\u00e1nico; compost, guano, algas o equivalentes seg\u00fan disponibilidad, o bien su equivalente en dinero. &nbsp;<br><br>Asimismo, en el caso de los agricultores y agricultoras que no son usuarios\/as de INDAP, la subsecretar\u00eda beneficiar\u00e1 a 13.948 agricultores\/as de todo el pa\u00eds, con una inversi\u00f3n de $2.831 millones. Para acceder a este beneficio, cada Serem\u00eda, en gesti\u00f3n con municipios e informaci\u00f3n levantada en terreno, conformar\u00e1 un listado de beneficiarios que recibir\u00e1n: &nbsp;<\/li><\/ul>\n\n\n\n<ol class=\"wp-block-list\" type=\"1\"><li>Fertilizante de s\u00edntesis qu\u00edmica: 7 sacos de 25 Kg. c\/u por agricultor\/a de urea<\/li><\/ol>\n\n\n\n<ol class=\"wp-block-list\" type=\"1\" start=\"2\"><li>Guano de ave: 7 sacos de 25 Kg. c\/u por agricultor\/a de fertilizante org\u00e1nico; compost, guano, algas o equivalentes seg\u00fan disponibilidad (solo regi\u00f3n de Arica, comunas de Putre y Camarones).\u00a0<\/li><li><\/li><\/ol>\n\n\n\n<figure class=\"wp-block-image size-large\"><img loading=\"lazy\" decoding=\"async\" width=\"1024\" height=\"683\" src=\"https:\/\/temucotelevision.cl\/web\/wp-content\/uploads\/2022\/08\/Fertilizantes2-1024x683.jpg\" alt=\"\" class=\"wp-image-34614\" srcset=\"https:\/\/temucotelevision.cl\/web\/wp-content\/uploads\/2022\/08\/Fertilizantes2-1024x683.jpg 1024w, https:\/\/temucotelevision.cl\/web\/wp-content\/uploads\/2022\/08\/Fertilizantes2-768x512.jpg 768w, https:\/\/temucotelevision.cl\/web\/wp-content\/uploads\/2022\/08\/Fertilizantes2-1536x1024.jpg 1536w, https:\/\/temucotelevision.cl\/web\/wp-content\/uploads\/2022\/08\/Fertilizantes2.jpg 1560w\" sizes=\"auto, (max-width: 1024px) 100vw, 1024px\" \/><\/figure>\n\n\n\n<figure class=\"wp-block-image size-large\"><img loading=\"lazy\" decoding=\"async\" width=\"1024\" height=\"683\" src=\"https:\/\/temucotelevision.cl\/web\/wp-content\/uploads\/2022\/08\/Fertilizantes3-1024x683.jpg\" alt=\"\" class=\"wp-image-34615\" srcset=\"https:\/\/temucotelevision.cl\/web\/wp-content\/uploads\/2022\/08\/Fertilizantes3-1024x683.jpg 1024w, https:\/\/temucotelevision.cl\/web\/wp-content\/uploads\/2022\/08\/Fertilizantes3-768x512.jpg 768w, https:\/\/temucotelevision.cl\/web\/wp-content\/uploads\/2022\/08\/Fertilizantes3-1536x1024.jpg 1536w, https:\/\/temucotelevision.cl\/web\/wp-content\/uploads\/2022\/08\/Fertilizantes3.jpg 1560w\" sizes=\"auto, (max-width: 1024px) 100vw, 1024px\" \/><\/figure>\n","protected":false},"excerpt":{"rendered":"<div class=\"pvc_clear\"><\/div>\n<p id=\"pvc_stats_34612\" class=\"pvc_stats total_only  \" data-element-id=\"34612\" style=\"\"><i class=\"pvc-stats-icon large\" aria-hidden=\"true\"><svg aria-hidden=\"true\" focusable=\"false\" data-prefix=\"far\" data-icon=\"chart-bar\" role=\"img\" xmlns=\"http:\/\/www.w3.org\/2000\/svg\" viewBox=\"0 0 512 512\" class=\"svg-inline--fa fa-chart-bar fa-w-16 fa-2x\"><path fill=\"currentColor\" d=\"M396.8 352h22.4c6.4 0 12.8-6.4 12.8-12.8V108.8c0-6.4-6.4-12.8-12.8-12.8h-22.4c-6.4 0-12.8 6.4-12.8 12.8v230.4c0 6.4 6.4 12.8 12.8 12.8zm-192 0h22.4c6.4 0 12.8-6.4 12.8-12.8V140.8c0-6.4-6.4-12.8-12.8-12.8h-22.4c-6.4 0-12.8 6.4-12.8 12.8v198.4c0 6.4 6.4 12.8 12.8 12.8zm96 0h22.4c6.4 0 12.8-6.4 12.8-12.8V204.8c0-6.4-6.4-12.8-12.8-12.8h-22.4c-6.4 0-12.8 6.4-12.8 12.8v134.4c0 6.4 6.4 12.8 12.8 12.8zM496 400H48V80c0-8.84-7.16-16-16-16H16C7.16 64 0 71.16 0 80v336c0 17.67 14.33 32 32 32h464c8.84 0 16-7.16 16-16v-16c0-8.84-7.16-16-16-16zm-387.2-48h22.4c6.4 0 12.8-6.4 12.8-12.8v-70.4c0-6.4-6.4-12.8-12.8-12.8h-22.4c-6.4 0-12.8 6.4-12.8 12.8v70.4c0 6.4 6.4 12.8 12.8 12.8z\" class=\"\"><\/path><\/svg><\/i> <img loading=\"lazy\" decoding=\"async\" width=\"16\" height=\"16\" alt=\"Loading\" src=\"https:\/\/temucotelevision.cl\/web\/wp-content\/plugins\/page-views-count\/ajax-loader-2x.gif\" border=0 \/><\/p>\n<div class=\"pvc_clear\"><\/div>\n<p>En la&nbsp;Regi\u00f3n de&nbsp;La Araucan\u00eda, el ministro de Agricultura, Esteban Valenzuela encabez\u00f3 la entrega que busca estimular la siembra de la<\/p>\n","protected":false},"author":1,"featured_media":34613,"comment_status":"open","ping_status":"open","sticky":false,"template":"","format":"standard","meta":{"colormag_page_container_layout":"default_layout","colormag_page_sidebar_layout":"default_layout","footnotes":""},"categories":[15],"tags":[479,5712,206,1087,318],"class_list":["post-34612","post","type-post","status-publish","format-standard","has-post-thumbnail","hentry","category-la-araucania","tag-agricultores","tag-fertilizantes","tag-gobierno","tag-inversion","tag-ministro"],"a3_pvc":{"activated":true,"total_views":46,"today_views":0},"_links":{"self":[{"href":"https:\/\/temucotelevision.cl\/web\/wp-json\/wp\/v2\/posts\/34612","targetHints":{"allow":["GET"]}}],"collection":[{"href":"https:\/\/temucotelevision.cl\/web\/wp-json\/wp\/v2\/posts"}],"about":[{"href":"https:\/\/temucotelevision.cl\/web\/wp-json\/wp\/v2\/types\/post"}],"author":[{"embeddable":true,"href":"https:\/\/temucotelevision.cl\/web\/wp-json\/wp\/v2\/users\/1"}],"replies":[{"embeddable":true,"href":"https:\/\/temucotelevision.cl\/web\/wp-json\/wp\/v2\/comments?post=34612"}],"version-history":[{"count":1,"href":"https:\/\/temucotelevision.cl\/web\/wp-json\/wp\/v2\/posts\/34612\/revisions"}],"predecessor-version":[{"id":34616,"href":"https:\/\/temucotelevision.cl\/web\/wp-json\/wp\/v2\/posts\/34612\/revisions\/34616"}],"wp:featuredmedia":[{"embeddable":true,"href":"https:\/\/temucotelevision.cl\/web\/wp-json\/wp\/v2\/media\/34613"}],"wp:attachment":[{"href":"https:\/\/temucotelevision.cl\/web\/wp-json\/wp\/v2\/media?parent=34612"}],"wp:term":[{"taxonomy":"category","embeddable":true,"href":"https:\/\/temucotelevision.cl\/web\/wp-json\/wp\/v2\/categories?post=34612"},{"taxonomy":"post_tag","embeddable":true,"href":"https:\/\/temucotelevision.cl\/web\/wp-json\/wp\/v2\/tags?post=34612"}],"curies":[{"name":"wp","href":"https:\/\/api.w.org\/{rel}","templated":true}]}}