{"id":34607,"date":"2022-08-20T23:50:09","date_gmt":"2022-08-21T02:50:09","guid":{"rendered":"https:\/\/temucotelevision.cl\/web\/?p=34607"},"modified":"2022-08-20T23:50:10","modified_gmt":"2022-08-21T02:50:10","slug":"documenta-sur-lab-conecta-a-exponentes-del-cine-latinoamericano-con-proyectos-documentales-chilenos","status":"publish","type":"post","link":"https:\/\/temucotelevision.cl\/web\/2022\/08\/20\/documenta-sur-lab-conecta-a-exponentes-del-cine-latinoamericano-con-proyectos-documentales-chilenos\/","title":{"rendered":"DOCUMENTA +SUR: Lab conecta a exponentes del cine latinoamericano con proyectos documentales chilenos"},"content":{"rendered":"<div class=\"pvc_clear\"><\/div><p id=\"pvc_stats_34607\" class=\"pvc_stats total_only  \" data-element-id=\"34607\" style=\"\"><i class=\"pvc-stats-icon large\" aria-hidden=\"true\"><svg aria-hidden=\"true\" focusable=\"false\" data-prefix=\"far\" data-icon=\"chart-bar\" role=\"img\" xmlns=\"http:\/\/www.w3.org\/2000\/svg\" viewBox=\"0 0 512 512\" class=\"svg-inline--fa fa-chart-bar fa-w-16 fa-2x\"><path fill=\"currentColor\" d=\"M396.8 352h22.4c6.4 0 12.8-6.4 12.8-12.8V108.8c0-6.4-6.4-12.8-12.8-12.8h-22.4c-6.4 0-12.8 6.4-12.8 12.8v230.4c0 6.4 6.4 12.8 12.8 12.8zm-192 0h22.4c6.4 0 12.8-6.4 12.8-12.8V140.8c0-6.4-6.4-12.8-12.8-12.8h-22.4c-6.4 0-12.8 6.4-12.8 12.8v198.4c0 6.4 6.4 12.8 12.8 12.8zm96 0h22.4c6.4 0 12.8-6.4 12.8-12.8V204.8c0-6.4-6.4-12.8-12.8-12.8h-22.4c-6.4 0-12.8 6.4-12.8 12.8v134.4c0 6.4 6.4 12.8 12.8 12.8zM496 400H48V80c0-8.84-7.16-16-16-16H16C7.16 64 0 71.16 0 80v336c0 17.67 14.33 32 32 32h464c8.84 0 16-7.16 16-16v-16c0-8.84-7.16-16-16-16zm-387.2-48h22.4c6.4 0 12.8-6.4 12.8-12.8v-70.4c0-6.4-6.4-12.8-12.8-12.8h-22.4c-6.4 0-12.8 6.4-12.8 12.8v70.4c0 6.4 6.4 12.8 12.8 12.8z\" class=\"\"><\/path><\/svg><\/i> <img loading=\"lazy\" decoding=\"async\" width=\"16\" height=\"16\" alt=\"Loading\" src=\"https:\/\/temucotelevision.cl\/web\/wp-content\/plugins\/page-views-count\/ajax-loader-2x.gif\" border=0 \/><\/p><div class=\"pvc_clear\"><\/div>\n<ul class=\"wp-block-list\"><li><strong>Realizadores y empresas audiovisuales independientes del cine documental de regiones de Chile podr\u00e1n postular a una beca para la segunda versi\u00f3n del laboratorio de Documenta +Sur.<\/strong><\/li><\/ul>\n\n\n\n<ul class=\"wp-block-list\"><li><strong>Destacados exponentes latinoamericanos asesorar\u00e1n de forma personalizada los proyectos seleccionados, potenciando de forma integral desde su realizaci\u00f3n hasta producci\u00f3n y distribuci\u00f3n.<\/strong><strong><\/strong><\/li><\/ul>\n\n\n\n<ul class=\"wp-block-list\"><li>\u25cf&nbsp;&nbsp;&nbsp;&nbsp;&nbsp;&nbsp;&nbsp;&nbsp;&nbsp;&nbsp;&nbsp;&nbsp;<strong>Se llevar\u00e1 a cabo entre octubre de 2022 a enero de 2023. Postulaciones desde el 18 de julio hasta el 14 de agosto en&nbsp;<\/strong><a href=\"http:\/\/www.toninasur.com\/\"><strong>www.documentasur.cl<\/strong><\/a>.<\/li><\/ul>\n\n\n\n<ul class=\"wp-block-list\"><li>\u25cf&nbsp;&nbsp;&nbsp;&nbsp;&nbsp;&nbsp;&nbsp;&nbsp;&nbsp;&nbsp;&nbsp;&nbsp;<strong>Financiado por el Fondo de Fomento Audiovisual, Convocatoria 2022, del Ministerio de las Culturas, las Artes y el Patrimonio.<\/strong><\/li><\/ul>\n\n\n\n<p><strong>DOCUMENTA +SUR<\/strong>&nbsp;es una instancia que busca potenciar el cine de no ficci\u00f3n a trav\u00e9s de su laboratorio de&nbsp;<strong>capacitaci\u00f3n y asesor\u00edas,&nbsp;<\/strong>de la mano de destacados especialistas latinoamericanos del rubro cinematogr\u00e1fico, fortaleciendo proyectos de empresas audiovisuales independientes del rubro del&nbsp;<strong>cine documental de regiones de Chile<\/strong>.<\/p>\n\n\n\n<p><strong>Financiado por el Fondo de Fomento Audiovisual, Convocatoria 2022<\/strong>, del Ministerio de las Culturas, las Artes y el Patrimonio, y gestionado por Tonina Sur Films, invita a realizadores, productoras audiovisuales de regiones y gremios audiovisuales vinculados al cine documental, a participar con&nbsp;<strong>un proyecto documental en fase de desarrollo<\/strong>.<\/p>\n\n\n\n<p>La experiencia integra&nbsp;<strong>siete talleres<\/strong>, dictados por especialistas provenientes de pa\u00edses como Colombia, Argentina, Brasil y Puerto Rico,&nbsp;abordando el&nbsp;<strong>an\u00e1lisis de proyectos<\/strong>, la&nbsp;<strong>c\u00e1mara desde la narrativa documental<\/strong>,&nbsp;<strong>producci\u00f3n cinematogr\u00e1fica<\/strong>,&nbsp;<strong>distribuci\u00f3n y marketing<\/strong>,&nbsp;<strong>distribuci\u00f3n digital<\/strong>,&nbsp;<strong>estrenos comerciales&nbsp;<\/strong>y&nbsp;<strong>aspectos legales<\/strong>, desde los&nbsp;<strong>derechos de autor&nbsp;<\/strong>a los&nbsp;<strong>contratos de coproducci\u00f3n<\/strong>.&nbsp;<\/p>\n\n\n\n<p><strong>\u00bfC\u00f3mo participar?<\/strong><\/p>\n\n\n\n<p>Para ser parte de la actividad, que se desarrollar\u00e1 de manera virtual entre los meses de&nbsp;<strong>octubre de 2022 a enero de 2023<\/strong>, los interesados,&nbsp;<strong>largometrajes y cortometrajes<\/strong>, deber\u00e1n&nbsp;<strong>postular desde el 18 de julio hasta el 14 de agosto a las 23:59 hrs.&nbsp;<\/strong>inform\u00e1ndose en las&nbsp;<strong>bases&nbsp;<\/strong>y completando el<strong>&nbsp;formulario de inscripci\u00f3n<\/strong>, ambos disponibles en&nbsp;<a href=\"http:\/\/www.documentasur.cl\/\">www.documentasur.cl<\/a>.<\/p>\n\n\n\n<p>Los organizadores seleccionar\u00e1n un m\u00e1ximo de 15 proyectos, que&nbsp;<strong>se trabajar\u00e1n de manera individual&nbsp;<\/strong>con los acad\u00e9micos a cargo de cada taller, con el objetivo de detectar debilidades y fortalezas, desarrollando de la mejor forma el documental.&nbsp;<\/p>\n\n\n\n<p>Para conocer en detalle el contenido de los talleres y curr\u00edculo de sus acad\u00e9micos, revisa los datos disponibles en\u00a0<a href=\"http:\/\/www.documentasur.cl\/\">www.documentasur.cl<\/a>. Tambi\u00e9n puedes escribir tus consultas a\u00a0<a>convocatoria@toninasur.com<\/a>.<\/p>\n\n\n\n<figure class=\"wp-block-image size-large\"><img loading=\"lazy\" decoding=\"async\" width=\"1024\" height=\"576\" src=\"https:\/\/temucotelevision.cl\/web\/wp-content\/uploads\/2022\/08\/Documental-1024x576.jpeg\" alt=\"\" class=\"wp-image-34610\" srcset=\"https:\/\/temucotelevision.cl\/web\/wp-content\/uploads\/2022\/08\/Documental-1024x576.jpeg 1024w, https:\/\/temucotelevision.cl\/web\/wp-content\/uploads\/2022\/08\/Documental-768x432.jpeg 768w, https:\/\/temucotelevision.cl\/web\/wp-content\/uploads\/2022\/08\/Documental.jpeg 1280w\" sizes=\"auto, (max-width: 1024px) 100vw, 1024px\" \/><\/figure>\n","protected":false},"excerpt":{"rendered":"<div class=\"pvc_clear\"><\/div>\n<p id=\"pvc_stats_34607\" class=\"pvc_stats total_only  \" data-element-id=\"34607\" style=\"\"><i class=\"pvc-stats-icon large\" aria-hidden=\"true\"><svg aria-hidden=\"true\" focusable=\"false\" data-prefix=\"far\" data-icon=\"chart-bar\" role=\"img\" xmlns=\"http:\/\/www.w3.org\/2000\/svg\" viewBox=\"0 0 512 512\" class=\"svg-inline--fa fa-chart-bar fa-w-16 fa-2x\"><path fill=\"currentColor\" d=\"M396.8 352h22.4c6.4 0 12.8-6.4 12.8-12.8V108.8c0-6.4-6.4-12.8-12.8-12.8h-22.4c-6.4 0-12.8 6.4-12.8 12.8v230.4c0 6.4 6.4 12.8 12.8 12.8zm-192 0h22.4c6.4 0 12.8-6.4 12.8-12.8V140.8c0-6.4-6.4-12.8-12.8-12.8h-22.4c-6.4 0-12.8 6.4-12.8 12.8v198.4c0 6.4 6.4 12.8 12.8 12.8zm96 0h22.4c6.4 0 12.8-6.4 12.8-12.8V204.8c0-6.4-6.4-12.8-12.8-12.8h-22.4c-6.4 0-12.8 6.4-12.8 12.8v134.4c0 6.4 6.4 12.8 12.8 12.8zM496 400H48V80c0-8.84-7.16-16-16-16H16C7.16 64 0 71.16 0 80v336c0 17.67 14.33 32 32 32h464c8.84 0 16-7.16 16-16v-16c0-8.84-7.16-16-16-16zm-387.2-48h22.4c6.4 0 12.8-6.4 12.8-12.8v-70.4c0-6.4-6.4-12.8-12.8-12.8h-22.4c-6.4 0-12.8 6.4-12.8 12.8v70.4c0 6.4 6.4 12.8 12.8 12.8z\" class=\"\"><\/path><\/svg><\/i> <img loading=\"lazy\" decoding=\"async\" width=\"16\" height=\"16\" alt=\"Loading\" src=\"https:\/\/temucotelevision.cl\/web\/wp-content\/plugins\/page-views-count\/ajax-loader-2x.gif\" border=0 \/><\/p>\n<div class=\"pvc_clear\"><\/div>\n<p>Realizadores y empresas audiovisuales independientes del cine documental de regiones de Chile podr\u00e1n postular a una beca para la segunda<\/p>\n","protected":false},"author":1,"featured_media":34609,"comment_status":"open","ping_status":"open","sticky":false,"template":"","format":"standard","meta":{"colormag_page_container_layout":"default_layout","colormag_page_sidebar_layout":"default_layout","footnotes":""},"categories":[101,18],"tags":[2513,626,3368,651],"class_list":["post-34607","post","type-post","status-publish","format-standard","has-post-thumbnail","hentry","category-actualidad","category-nacional","tag-chilenos","tag-cine","tag-documentales","tag-proyectos"],"a3_pvc":{"activated":true,"total_views":45,"today_views":0},"_links":{"self":[{"href":"https:\/\/temucotelevision.cl\/web\/wp-json\/wp\/v2\/posts\/34607","targetHints":{"allow":["GET"]}}],"collection":[{"href":"https:\/\/temucotelevision.cl\/web\/wp-json\/wp\/v2\/posts"}],"about":[{"href":"https:\/\/temucotelevision.cl\/web\/wp-json\/wp\/v2\/types\/post"}],"author":[{"embeddable":true,"href":"https:\/\/temucotelevision.cl\/web\/wp-json\/wp\/v2\/users\/1"}],"replies":[{"embeddable":true,"href":"https:\/\/temucotelevision.cl\/web\/wp-json\/wp\/v2\/comments?post=34607"}],"version-history":[{"count":2,"href":"https:\/\/temucotelevision.cl\/web\/wp-json\/wp\/v2\/posts\/34607\/revisions"}],"predecessor-version":[{"id":34611,"href":"https:\/\/temucotelevision.cl\/web\/wp-json\/wp\/v2\/posts\/34607\/revisions\/34611"}],"wp:featuredmedia":[{"embeddable":true,"href":"https:\/\/temucotelevision.cl\/web\/wp-json\/wp\/v2\/media\/34609"}],"wp:attachment":[{"href":"https:\/\/temucotelevision.cl\/web\/wp-json\/wp\/v2\/media?parent=34607"}],"wp:term":[{"taxonomy":"category","embeddable":true,"href":"https:\/\/temucotelevision.cl\/web\/wp-json\/wp\/v2\/categories?post=34607"},{"taxonomy":"post_tag","embeddable":true,"href":"https:\/\/temucotelevision.cl\/web\/wp-json\/wp\/v2\/tags?post=34607"}],"curies":[{"name":"wp","href":"https:\/\/api.w.org\/{rel}","templated":true}]}}