{"id":34602,"date":"2022-08-20T13:54:26","date_gmt":"2022-08-20T16:54:26","guid":{"rendered":"https:\/\/temucotelevision.cl\/web\/?p=34602"},"modified":"2022-08-20T13:54:27","modified_gmt":"2022-08-20T16:54:27","slug":"feria-patio-pet-se-realizara-este-fin-de-semana-en-patio-outlet-de-temuco","status":"publish","type":"post","link":"https:\/\/temucotelevision.cl\/web\/2022\/08\/20\/feria-patio-pet-se-realizara-este-fin-de-semana-en-patio-outlet-de-temuco\/","title":{"rendered":"\u201cFeria Patio Pet\u201d se realizar\u00e1 este fin de semana en Patio Outlet de Temuco"},"content":{"rendered":"<div class=\"pvc_clear\"><\/div><p id=\"pvc_stats_34602\" class=\"pvc_stats total_only  \" data-element-id=\"34602\" style=\"\"><i class=\"pvc-stats-icon large\" aria-hidden=\"true\"><svg aria-hidden=\"true\" focusable=\"false\" data-prefix=\"far\" data-icon=\"chart-bar\" role=\"img\" xmlns=\"http:\/\/www.w3.org\/2000\/svg\" viewBox=\"0 0 512 512\" class=\"svg-inline--fa fa-chart-bar fa-w-16 fa-2x\"><path fill=\"currentColor\" d=\"M396.8 352h22.4c6.4 0 12.8-6.4 12.8-12.8V108.8c0-6.4-6.4-12.8-12.8-12.8h-22.4c-6.4 0-12.8 6.4-12.8 12.8v230.4c0 6.4 6.4 12.8 12.8 12.8zm-192 0h22.4c6.4 0 12.8-6.4 12.8-12.8V140.8c0-6.4-6.4-12.8-12.8-12.8h-22.4c-6.4 0-12.8 6.4-12.8 12.8v198.4c0 6.4 6.4 12.8 12.8 12.8zm96 0h22.4c6.4 0 12.8-6.4 12.8-12.8V204.8c0-6.4-6.4-12.8-12.8-12.8h-22.4c-6.4 0-12.8 6.4-12.8 12.8v134.4c0 6.4 6.4 12.8 12.8 12.8zM496 400H48V80c0-8.84-7.16-16-16-16H16C7.16 64 0 71.16 0 80v336c0 17.67 14.33 32 32 32h464c8.84 0 16-7.16 16-16v-16c0-8.84-7.16-16-16-16zm-387.2-48h22.4c6.4 0 12.8-6.4 12.8-12.8v-70.4c0-6.4-6.4-12.8-12.8-12.8h-22.4c-6.4 0-12.8 6.4-12.8 12.8v70.4c0 6.4 6.4 12.8 12.8 12.8z\" class=\"\"><\/path><\/svg><\/i> <img loading=\"lazy\" decoding=\"async\" width=\"16\" height=\"16\" alt=\"Loading\" src=\"https:\/\/temucotelevision.cl\/web\/wp-content\/plugins\/page-views-count\/ajax-loader-2x.gif\" border=0 \/><\/p><div class=\"pvc_clear\"><\/div>\n<p><em>Este s\u00e1bado 20 y domingo 21 de agosto se realizar\u00e1 la Feria Patio Pet en Patio Outlet de Temuco que busca apoyar a Los Solos, agrupaci\u00f3n dedicada al rescate animal.<\/em><\/p>\n\n\n\n<p>Este fin de semana en Patio Outlet Temuco, se desarrollar\u00e1 la <strong>Feria Patio Pet, <\/strong>que contar\u00e1 con la presencia de 15 stands de productos y servicios de relacionadas con el mundo animal, desde cuidados veterinarios, ropa y camas, ba\u00f1os ecol\u00f3gicos, entre otros. La feria busca apoyar a la agrupaci\u00f3n local <em>Los Solos, <\/em>quienes est\u00e1n dedicados al rescate animal.<\/p>\n\n\n\n<p>El Gerente de Outlet Patio Temuco, Osvaldo Gortaris, explic\u00f3 que: \u201cA trav\u00e9s de nuestras actividades e iniciativas, Patio Outlet se integra con la comunidad e impulsa la inclusi\u00f3n de las mascotas en el diario vivir. Invitamos a toda la comunidad a visitar la Feria Patio Pet\u201d.<\/p>\n\n\n\n<p>En el contexto de la Feria, y en conjunto con la fundaci\u00f3n, los asistentes podr\u00e1n adoptar o tambi\u00e9n apadrinar a uno de los 70 perritos que buscan un hogar definitivo, donando un dinero mensual voluntario, que permite a la fundaci\u00f3n costear vacunas, alimentaci\u00f3n, atenci\u00f3n veterinaria y cuidados.<\/p>\n\n\n\n<p><strong>El espacio se mantendr\u00e1 abierto los d\u00edas s\u00e1bado 20 y domingo 21 de agosto de 10:00 a 20:00 horas en Patio Outlet Temuco (Av. de los Poetas 429).<\/strong><\/p>\n\n\n\n<div class=\"wp-block-image\"><figure class=\"aligncenter size-full\"><img loading=\"lazy\" decoding=\"async\" width=\"759\" height=\"1024\" src=\"https:\/\/temucotelevision.cl\/web\/wp-content\/uploads\/2022\/08\/PET3.jpg\" alt=\"\" class=\"wp-image-34604\"\/><\/figure><\/div>\n","protected":false},"excerpt":{"rendered":"<div class=\"pvc_clear\"><\/div>\n<p id=\"pvc_stats_34602\" class=\"pvc_stats total_only  \" data-element-id=\"34602\" style=\"\"><i class=\"pvc-stats-icon large\" aria-hidden=\"true\"><svg aria-hidden=\"true\" focusable=\"false\" data-prefix=\"far\" data-icon=\"chart-bar\" role=\"img\" xmlns=\"http:\/\/www.w3.org\/2000\/svg\" viewBox=\"0 0 512 512\" class=\"svg-inline--fa fa-chart-bar fa-w-16 fa-2x\"><path fill=\"currentColor\" d=\"M396.8 352h22.4c6.4 0 12.8-6.4 12.8-12.8V108.8c0-6.4-6.4-12.8-12.8-12.8h-22.4c-6.4 0-12.8 6.4-12.8 12.8v230.4c0 6.4 6.4 12.8 12.8 12.8zm-192 0h22.4c6.4 0 12.8-6.4 12.8-12.8V140.8c0-6.4-6.4-12.8-12.8-12.8h-22.4c-6.4 0-12.8 6.4-12.8 12.8v198.4c0 6.4 6.4 12.8 12.8 12.8zm96 0h22.4c6.4 0 12.8-6.4 12.8-12.8V204.8c0-6.4-6.4-12.8-12.8-12.8h-22.4c-6.4 0-12.8 6.4-12.8 12.8v134.4c0 6.4 6.4 12.8 12.8 12.8zM496 400H48V80c0-8.84-7.16-16-16-16H16C7.16 64 0 71.16 0 80v336c0 17.67 14.33 32 32 32h464c8.84 0 16-7.16 16-16v-16c0-8.84-7.16-16-16-16zm-387.2-48h22.4c6.4 0 12.8-6.4 12.8-12.8v-70.4c0-6.4-6.4-12.8-12.8-12.8h-22.4c-6.4 0-12.8 6.4-12.8 12.8v70.4c0 6.4 6.4 12.8 12.8 12.8z\" class=\"\"><\/path><\/svg><\/i> <img loading=\"lazy\" decoding=\"async\" width=\"16\" height=\"16\" alt=\"Loading\" src=\"https:\/\/temucotelevision.cl\/web\/wp-content\/plugins\/page-views-count\/ajax-loader-2x.gif\" border=0 \/><\/p>\n<div class=\"pvc_clear\"><\/div>\n<p>Este s\u00e1bado 20 y domingo 21 de agosto se realizar\u00e1 la Feria Patio Pet en Patio Outlet de Temuco que<\/p>\n","protected":false},"author":1,"featured_media":34603,"comment_status":"open","ping_status":"open","sticky":false,"template":"","format":"standard","meta":{"colormag_page_container_layout":"default_layout","colormag_page_sidebar_layout":"default_layout","footnotes":""},"categories":[15,86],"tags":[377,1518,257,5509,5711],"class_list":["post-34602","post","type-post","status-publish","format-standard","has-post-thumbnail","hentry","category-la-araucania","category-panoramas","tag-agrupacion","tag-animal","tag-feria","tag-patio","tag-pet"],"a3_pvc":{"activated":true,"total_views":106,"today_views":0},"_links":{"self":[{"href":"https:\/\/temucotelevision.cl\/web\/wp-json\/wp\/v2\/posts\/34602","targetHints":{"allow":["GET"]}}],"collection":[{"href":"https:\/\/temucotelevision.cl\/web\/wp-json\/wp\/v2\/posts"}],"about":[{"href":"https:\/\/temucotelevision.cl\/web\/wp-json\/wp\/v2\/types\/post"}],"author":[{"embeddable":true,"href":"https:\/\/temucotelevision.cl\/web\/wp-json\/wp\/v2\/users\/1"}],"replies":[{"embeddable":true,"href":"https:\/\/temucotelevision.cl\/web\/wp-json\/wp\/v2\/comments?post=34602"}],"version-history":[{"count":1,"href":"https:\/\/temucotelevision.cl\/web\/wp-json\/wp\/v2\/posts\/34602\/revisions"}],"predecessor-version":[{"id":34605,"href":"https:\/\/temucotelevision.cl\/web\/wp-json\/wp\/v2\/posts\/34602\/revisions\/34605"}],"wp:featuredmedia":[{"embeddable":true,"href":"https:\/\/temucotelevision.cl\/web\/wp-json\/wp\/v2\/media\/34603"}],"wp:attachment":[{"href":"https:\/\/temucotelevision.cl\/web\/wp-json\/wp\/v2\/media?parent=34602"}],"wp:term":[{"taxonomy":"category","embeddable":true,"href":"https:\/\/temucotelevision.cl\/web\/wp-json\/wp\/v2\/categories?post=34602"},{"taxonomy":"post_tag","embeddable":true,"href":"https:\/\/temucotelevision.cl\/web\/wp-json\/wp\/v2\/tags?post=34602"}],"curies":[{"name":"wp","href":"https:\/\/api.w.org\/{rel}","templated":true}]}}