{"id":34599,"date":"2022-08-19T23:13:50","date_gmt":"2022-08-20T02:13:50","guid":{"rendered":"https:\/\/temucotelevision.cl\/web\/?p=34599"},"modified":"2022-08-19T23:13:50","modified_gmt":"2022-08-20T02:13:50","slug":"diputado-leal-emplaza-a-ministra-de-justicia-para-que-exija-retiro-del-uniforme-de-gendarmeria-en-franja-del-apruebo","status":"publish","type":"post","link":"https:\/\/temucotelevision.cl\/web\/2022\/08\/19\/diputado-leal-emplaza-a-ministra-de-justicia-para-que-exija-retiro-del-uniforme-de-gendarmeria-en-franja-del-apruebo\/","title":{"rendered":"Diputado Leal emplaza a ministra de Justicia para que exija retiro del uniforme de Gendarmer\u00eda en franja del Apruebo"},"content":{"rendered":"<div class=\"pvc_clear\"><\/div><p id=\"pvc_stats_34599\" class=\"pvc_stats total_only  \" data-element-id=\"34599\" style=\"\"><i class=\"pvc-stats-icon large\" aria-hidden=\"true\"><svg aria-hidden=\"true\" focusable=\"false\" data-prefix=\"far\" data-icon=\"chart-bar\" role=\"img\" xmlns=\"http:\/\/www.w3.org\/2000\/svg\" viewBox=\"0 0 512 512\" class=\"svg-inline--fa fa-chart-bar fa-w-16 fa-2x\"><path fill=\"currentColor\" d=\"M396.8 352h22.4c6.4 0 12.8-6.4 12.8-12.8V108.8c0-6.4-6.4-12.8-12.8-12.8h-22.4c-6.4 0-12.8 6.4-12.8 12.8v230.4c0 6.4 6.4 12.8 12.8 12.8zm-192 0h22.4c6.4 0 12.8-6.4 12.8-12.8V140.8c0-6.4-6.4-12.8-12.8-12.8h-22.4c-6.4 0-12.8 6.4-12.8 12.8v198.4c0 6.4 6.4 12.8 12.8 12.8zm96 0h22.4c6.4 0 12.8-6.4 12.8-12.8V204.8c0-6.4-6.4-12.8-12.8-12.8h-22.4c-6.4 0-12.8 6.4-12.8 12.8v134.4c0 6.4 6.4 12.8 12.8 12.8zM496 400H48V80c0-8.84-7.16-16-16-16H16C7.16 64 0 71.16 0 80v336c0 17.67 14.33 32 32 32h464c8.84 0 16-7.16 16-16v-16c0-8.84-7.16-16-16-16zm-387.2-48h22.4c6.4 0 12.8-6.4 12.8-12.8v-70.4c0-6.4-6.4-12.8-12.8-12.8h-22.4c-6.4 0-12.8 6.4-12.8 12.8v70.4c0 6.4 6.4 12.8 12.8 12.8z\" class=\"\"><\/path><\/svg><\/i> <img loading=\"lazy\" decoding=\"async\" width=\"16\" height=\"16\" alt=\"Loading\" src=\"https:\/\/temucotelevision.cl\/web\/wp-content\/plugins\/page-views-count\/ajax-loader-2x.gif\" border=0 \/><\/p><div class=\"pvc_clear\"><\/div>\n<p><em>El representante de La Araucan\u00eda cuestion\u00f3 el uso de parte del vestuario de la instituci\u00f3n, asegurando que el Gobierno \u201ctiene la obligaci\u00f3n de condenar el grave da\u00f1o que le est\u00e1n provocando a la labor penitenciaria\u201d.<\/em><\/p>\n\n\n\n<p>El diputado por la Regi\u00f3n de La Araucan\u00eda, Henry Leal (UDI), emplaz\u00f3 a la ministra de Justicia, Marcela R\u00edos, para que exija a la brevedad el retiro de los logos y emblemas de Gendarmer\u00eda de Chile del comando del Apruebo, luego que en la franja televisiva apareciera el uniforme de la instituci\u00f3n vinculado a una de las dos opciones que se plebiscitar\u00e1n el pr\u00f3ximo 4 de septiembre.<\/p>\n\n\n\n<p>Al respecto, el parlamentario gremialista calific\u00f3 como \u201cinaceptable\u201d que un sector est\u00e9 utilizando con fines pol\u00edticos e ideol\u00f3gicos parte de la indumentaria de Gendarmer\u00eda, caricaturizando la labor penitenciaria y desprestigiando a los miles de funcionarios que pertenecen a la instituci\u00f3n.<\/p>\n\n\n\n<p>\u201cEs una verdadera falta de respeto lo que ha hecho el comando del Apruebo al utilizar la vestimenta oficial de una instituci\u00f3n tan respetada como lo es Gendarmer\u00eda de Chile. Lo \u00fanico que provocan es caricaturizar de manera muy irresponsable la labor que desempe\u00f1an los gendarmes, y por lo mismo es urgente que retiren de todos lados cualquier alusi\u00f3n y mal uso que le est\u00e9n provocando a su imagen\u201d, cuestion\u00f3 el diputado Leal.<\/p>\n\n\n\n<p>Por lo mismo, el representante del Distrito 23 emplaz\u00f3 al Gobierno a defender los emblemas de la instituci\u00f3n y a exigir que el comando del Apruebo retire toda propaganda en que aparezca el uniforme o cualquier emblema de Gendarmer\u00eda, adem\u00e1s de solicitar que los encargados de la franja televisiva ofrezcan disculpas p\u00fablicos por el da\u00f1o provocado a la instituci\u00f3n.<\/p>\n\n\n\n<p>\u201cPareciera que la ministra de Justicia avala que cualquiera pueda hacer un mal uso del uniforme de Gendarmer\u00eda y atribuirlo a alguna causa pol\u00edtica o ideol\u00f3gica. Con su silencio, lo \u00fanico que est\u00e1 provocando es que la imagen de una instituci\u00f3n tan respetada se siga viendo deteriorada por esta raz\u00f3n. Ella como ministra tiene la obligaci\u00f3n de salir a defender a los gendarmes y exigir que se respete la labor penitenciaria, pero lamentablemente han transcurrido m\u00e1s de dos d\u00edas y sigue mirando hacia el techo como si aqu\u00ed no ocurriera nada\u201d, critic\u00f3 el legislador UDI.<\/p>\n\n\n\n<p>Por \u00faltimo, Leal adelant\u00f3 que citar\u00e1 a la titular del ramo a la comisi\u00f3n de Constituci\u00f3n y Justicia de la C\u00e1mara Baja, a objeto de que \u201cnos explique por qu\u00e9 raz\u00f3n el Gobierno ha sido tan ambiguo en condenar el mal uso de la imagen de Gendarmer\u00eda\u201d, asegurando que \u201csi lo dejamos pasar por esta vez, poco a poco las instituciones terminar\u00e1n siendo politizadas\u201d.<\/p>\n","protected":false},"excerpt":{"rendered":"<div class=\"pvc_clear\"><\/div>\n<p id=\"pvc_stats_34599\" class=\"pvc_stats total_only  \" data-element-id=\"34599\" style=\"\"><i class=\"pvc-stats-icon large\" aria-hidden=\"true\"><svg aria-hidden=\"true\" focusable=\"false\" data-prefix=\"far\" data-icon=\"chart-bar\" role=\"img\" xmlns=\"http:\/\/www.w3.org\/2000\/svg\" viewBox=\"0 0 512 512\" class=\"svg-inline--fa fa-chart-bar fa-w-16 fa-2x\"><path fill=\"currentColor\" d=\"M396.8 352h22.4c6.4 0 12.8-6.4 12.8-12.8V108.8c0-6.4-6.4-12.8-12.8-12.8h-22.4c-6.4 0-12.8 6.4-12.8 12.8v230.4c0 6.4 6.4 12.8 12.8 12.8zm-192 0h22.4c6.4 0 12.8-6.4 12.8-12.8V140.8c0-6.4-6.4-12.8-12.8-12.8h-22.4c-6.4 0-12.8 6.4-12.8 12.8v198.4c0 6.4 6.4 12.8 12.8 12.8zm96 0h22.4c6.4 0 12.8-6.4 12.8-12.8V204.8c0-6.4-6.4-12.8-12.8-12.8h-22.4c-6.4 0-12.8 6.4-12.8 12.8v134.4c0 6.4 6.4 12.8 12.8 12.8zM496 400H48V80c0-8.84-7.16-16-16-16H16C7.16 64 0 71.16 0 80v336c0 17.67 14.33 32 32 32h464c8.84 0 16-7.16 16-16v-16c0-8.84-7.16-16-16-16zm-387.2-48h22.4c6.4 0 12.8-6.4 12.8-12.8v-70.4c0-6.4-6.4-12.8-12.8-12.8h-22.4c-6.4 0-12.8 6.4-12.8 12.8v70.4c0 6.4 6.4 12.8 12.8 12.8z\" class=\"\"><\/path><\/svg><\/i> <img loading=\"lazy\" decoding=\"async\" width=\"16\" height=\"16\" alt=\"Loading\" src=\"https:\/\/temucotelevision.cl\/web\/wp-content\/plugins\/page-views-count\/ajax-loader-2x.gif\" border=0 \/><\/p>\n<div class=\"pvc_clear\"><\/div>\n<p>El representante de La Araucan\u00eda cuestion\u00f3 el uso de parte del vestuario de la instituci\u00f3n, asegurando que el Gobierno \u201ctiene<\/p>\n","protected":false},"author":1,"featured_media":34600,"comment_status":"open","ping_status":"open","sticky":false,"template":"","format":"standard","meta":{"colormag_page_container_layout":"default_layout","colormag_page_sidebar_layout":"default_layout","footnotes":""},"categories":[84],"tags":[154,5710,326,198,730],"class_list":["post-34599","post","type-post","status-publish","format-standard","has-post-thumbnail","hentry","category-politica","tag-diputado","tag-franja","tag-gendarmeria","tag-justicia","tag-ministra"],"a3_pvc":{"activated":true,"total_views":53,"today_views":0},"_links":{"self":[{"href":"https:\/\/temucotelevision.cl\/web\/wp-json\/wp\/v2\/posts\/34599","targetHints":{"allow":["GET"]}}],"collection":[{"href":"https:\/\/temucotelevision.cl\/web\/wp-json\/wp\/v2\/posts"}],"about":[{"href":"https:\/\/temucotelevision.cl\/web\/wp-json\/wp\/v2\/types\/post"}],"author":[{"embeddable":true,"href":"https:\/\/temucotelevision.cl\/web\/wp-json\/wp\/v2\/users\/1"}],"replies":[{"embeddable":true,"href":"https:\/\/temucotelevision.cl\/web\/wp-json\/wp\/v2\/comments?post=34599"}],"version-history":[{"count":1,"href":"https:\/\/temucotelevision.cl\/web\/wp-json\/wp\/v2\/posts\/34599\/revisions"}],"predecessor-version":[{"id":34601,"href":"https:\/\/temucotelevision.cl\/web\/wp-json\/wp\/v2\/posts\/34599\/revisions\/34601"}],"wp:featuredmedia":[{"embeddable":true,"href":"https:\/\/temucotelevision.cl\/web\/wp-json\/wp\/v2\/media\/34600"}],"wp:attachment":[{"href":"https:\/\/temucotelevision.cl\/web\/wp-json\/wp\/v2\/media?parent=34599"}],"wp:term":[{"taxonomy":"category","embeddable":true,"href":"https:\/\/temucotelevision.cl\/web\/wp-json\/wp\/v2\/categories?post=34599"},{"taxonomy":"post_tag","embeddable":true,"href":"https:\/\/temucotelevision.cl\/web\/wp-json\/wp\/v2\/tags?post=34599"}],"curies":[{"name":"wp","href":"https:\/\/api.w.org\/{rel}","templated":true}]}}