{"id":34595,"date":"2022-08-19T16:53:08","date_gmt":"2022-08-19T19:53:08","guid":{"rendered":"https:\/\/temucotelevision.cl\/web\/?p=34595"},"modified":"2022-08-19T16:53:09","modified_gmt":"2022-08-19T19:53:09","slug":"158-proyectos-sociales-seran-materializados-con-fondo-comunitario-de-aguas-araucania","status":"publish","type":"post","link":"https:\/\/temucotelevision.cl\/web\/2022\/08\/19\/158-proyectos-sociales-seran-materializados-con-fondo-comunitario-de-aguas-araucania\/","title":{"rendered":"158 proyectos sociales ser\u00e1n materializados\u00a0con fondo comunitario de Aguas Araucan\u00eda"},"content":{"rendered":"<div class=\"pvc_clear\"><\/div><p id=\"pvc_stats_34595\" class=\"pvc_stats total_only  \" data-element-id=\"34595\" style=\"\"><i class=\"pvc-stats-icon large\" aria-hidden=\"true\"><svg aria-hidden=\"true\" focusable=\"false\" data-prefix=\"far\" data-icon=\"chart-bar\" role=\"img\" xmlns=\"http:\/\/www.w3.org\/2000\/svg\" viewBox=\"0 0 512 512\" class=\"svg-inline--fa fa-chart-bar fa-w-16 fa-2x\"><path fill=\"currentColor\" d=\"M396.8 352h22.4c6.4 0 12.8-6.4 12.8-12.8V108.8c0-6.4-6.4-12.8-12.8-12.8h-22.4c-6.4 0-12.8 6.4-12.8 12.8v230.4c0 6.4 6.4 12.8 12.8 12.8zm-192 0h22.4c6.4 0 12.8-6.4 12.8-12.8V140.8c0-6.4-6.4-12.8-12.8-12.8h-22.4c-6.4 0-12.8 6.4-12.8 12.8v198.4c0 6.4 6.4 12.8 12.8 12.8zm96 0h22.4c6.4 0 12.8-6.4 12.8-12.8V204.8c0-6.4-6.4-12.8-12.8-12.8h-22.4c-6.4 0-12.8 6.4-12.8 12.8v134.4c0 6.4 6.4 12.8 12.8 12.8zM496 400H48V80c0-8.84-7.16-16-16-16H16C7.16 64 0 71.16 0 80v336c0 17.67 14.33 32 32 32h464c8.84 0 16-7.16 16-16v-16c0-8.84-7.16-16-16-16zm-387.2-48h22.4c6.4 0 12.8-6.4 12.8-12.8v-70.4c0-6.4-6.4-12.8-12.8-12.8h-22.4c-6.4 0-12.8 6.4-12.8 12.8v70.4c0 6.4 6.4 12.8 12.8 12.8z\" class=\"\"><\/path><\/svg><\/i> <img loading=\"lazy\" decoding=\"async\" width=\"16\" height=\"16\" alt=\"Loading\" src=\"https:\/\/temucotelevision.cl\/web\/wp-content\/plugins\/page-views-count\/ajax-loader-2x.gif\" border=0 \/><\/p><div class=\"pvc_clear\"><\/div>\n<p><em>M\u00e1s de 80 millones ser\u00e1n distribuidos en diversas iniciativas de mejoramiento, equipamiento y medio ambiente que las organizaciones sociales de la regi\u00f3n postularon al fondo concursable de la sanitaria.<\/em><\/p>\n\n\n\n<p>Con m\u00e1s de un 40% de proyectos adjudicados respecto del proceso 2021, Aguas Araucan\u00eda realiz\u00f3 entrega del primer grupo de organizaciones sociales&nbsp;y comunitarias&nbsp;beneficiadas en la regi\u00f3n, en la&nbsp;und\u00e9cima&nbsp;versi\u00f3n del fondo concursable de desarrollo comunitario que, este a\u00f1o, ir\u00e1 en directo beneficio de 158 proyectos sociales.<\/p>\n\n\n\n<p>La actividad congreg\u00f3 a 74 entidades que, como es tradicional y de forma simb\u00f3lica, recibieron el cheque que representa el aporte adjudicado por su organizaci\u00f3n. Asimismo participaron de la actividad, la seremi de Desarrollo Social, Mariela Huillipan, los alcaldes de Vilc\u00fan y Galvarino, Katherinne Migueles y Marcos Hern\u00e1ndez, respectivamente, la concejala Claudia Pe\u00f1ailillo y representantes de los municipios de Carahue, Padre Las Casas, Temuco, Lautaro y Chol Chol.<\/p>\n\n\n\n<p>Jos\u00e9 Torga, gerente regional de Aguas Araucan\u00eda destac\u00f3 el inter\u00e9s que tuvo este a\u00f1o, las iniciativas vinculadas a temas de equipamiento de sedes comunitarias, las que representaron un 76% de la totalidad de los proyectos postulados.<\/p>\n\n\n\n<p>\u201cTenemos un compromiso con la comunidad, que va m\u00e1s all\u00e1 de este fondo concursable. Nuestra relaci\u00f3n es permanente y nace de la gesti\u00f3n efectiva de sus inquietudes y de la confianza que nos han entregado para trabajar de manera conjunta\u201d, sostuvo.<\/p>\n\n\n\n<p>Del mismo modo, Carmen Troppa de la Junta de Vecinos Villa El Salitre de Temuco, destac\u00f3 la iniciativa \u201cestamos muy contentos, ya que, con estos fondos, vamos a comenzar a implementar nuestra sede. Es una gran ayuda para las organizaciones, y lo mejor es que es m\u00e1s directa y te apoyan en cada momento. No tienes que andar de all\u00e1 para ac\u00e1\u201d.<\/p>\n\n\n\n<p>En los pr\u00f3ximos d\u00edas, a compa\u00f1\u00eda realizar\u00e1 diversos hitos de entrega de aportes en comunas como Villarrica, Angol, Victoria y Pitrufqu\u00e9n, completando as\u00ed el traspaso de los recursos del fondo concursable 2022.<\/p>\n\n\n\n<p>Sin embargo, el ejecutivo se\u00f1al\u00f3 que el proceso no culmina con la entrega de fondos. \u201cMuy por el contrario, aqu\u00ed se inicia una nueva etapa en la que acompa\u00f1amos a las organizaciones en la materializaci\u00f3n de los proyectos, la rendici\u00f3n de \u00e9stos y lo m\u00e1s importante la ejecuci\u00f3n de las diversas iniciativas.<\/p>\n\n\n\n<figure class=\"wp-block-image size-large\"><img loading=\"lazy\" decoding=\"async\" width=\"1024\" height=\"683\" src=\"https:\/\/temucotelevision.cl\/web\/wp-content\/uploads\/2022\/08\/entrega-fc2022-1024x683.jpg\" alt=\"\" class=\"wp-image-34597\" srcset=\"https:\/\/temucotelevision.cl\/web\/wp-content\/uploads\/2022\/08\/entrega-fc2022-1024x683.jpg 1024w, https:\/\/temucotelevision.cl\/web\/wp-content\/uploads\/2022\/08\/entrega-fc2022-768x512.jpg 768w, https:\/\/temucotelevision.cl\/web\/wp-content\/uploads\/2022\/08\/entrega-fc2022-1536x1024.jpg 1536w, https:\/\/temucotelevision.cl\/web\/wp-content\/uploads\/2022\/08\/entrega-fc2022-2048x1365.jpg 2048w\" sizes=\"auto, (max-width: 1024px) 100vw, 1024px\" \/><\/figure>\n","protected":false},"excerpt":{"rendered":"<div class=\"pvc_clear\"><\/div>\n<p id=\"pvc_stats_34595\" class=\"pvc_stats total_only  \" data-element-id=\"34595\" style=\"\"><i class=\"pvc-stats-icon large\" aria-hidden=\"true\"><svg aria-hidden=\"true\" focusable=\"false\" data-prefix=\"far\" data-icon=\"chart-bar\" role=\"img\" xmlns=\"http:\/\/www.w3.org\/2000\/svg\" viewBox=\"0 0 512 512\" class=\"svg-inline--fa fa-chart-bar fa-w-16 fa-2x\"><path fill=\"currentColor\" d=\"M396.8 352h22.4c6.4 0 12.8-6.4 12.8-12.8V108.8c0-6.4-6.4-12.8-12.8-12.8h-22.4c-6.4 0-12.8 6.4-12.8 12.8v230.4c0 6.4 6.4 12.8 12.8 12.8zm-192 0h22.4c6.4 0 12.8-6.4 12.8-12.8V140.8c0-6.4-6.4-12.8-12.8-12.8h-22.4c-6.4 0-12.8 6.4-12.8 12.8v198.4c0 6.4 6.4 12.8 12.8 12.8zm96 0h22.4c6.4 0 12.8-6.4 12.8-12.8V204.8c0-6.4-6.4-12.8-12.8-12.8h-22.4c-6.4 0-12.8 6.4-12.8 12.8v134.4c0 6.4 6.4 12.8 12.8 12.8zM496 400H48V80c0-8.84-7.16-16-16-16H16C7.16 64 0 71.16 0 80v336c0 17.67 14.33 32 32 32h464c8.84 0 16-7.16 16-16v-16c0-8.84-7.16-16-16-16zm-387.2-48h22.4c6.4 0 12.8-6.4 12.8-12.8v-70.4c0-6.4-6.4-12.8-12.8-12.8h-22.4c-6.4 0-12.8 6.4-12.8 12.8v70.4c0 6.4 6.4 12.8 12.8 12.8z\" class=\"\"><\/path><\/svg><\/i> <img loading=\"lazy\" decoding=\"async\" width=\"16\" height=\"16\" alt=\"Loading\" src=\"https:\/\/temucotelevision.cl\/web\/wp-content\/plugins\/page-views-count\/ajax-loader-2x.gif\" border=0 \/><\/p>\n<div class=\"pvc_clear\"><\/div>\n<p>M\u00e1s de 80 millones ser\u00e1n distribuidos en diversas iniciativas de mejoramiento, equipamiento y medio ambiente que las organizaciones sociales de<\/p>\n","protected":false},"author":1,"featured_media":34596,"comment_status":"open","ping_status":"open","sticky":false,"template":"","format":"standard","meta":{"colormag_page_container_layout":"default_layout","colormag_page_sidebar_layout":"default_layout","footnotes":""},"categories":[15],"tags":[753,2991,1620,2453,651],"class_list":["post-34595","post","type-post","status-publish","format-standard","has-post-thumbnail","hentry","category-la-araucania","tag-aguas-araucania","tag-equipamiento","tag-fondos","tag-organizaciones","tag-proyectos"],"a3_pvc":{"activated":true,"total_views":75,"today_views":0},"_links":{"self":[{"href":"https:\/\/temucotelevision.cl\/web\/wp-json\/wp\/v2\/posts\/34595","targetHints":{"allow":["GET"]}}],"collection":[{"href":"https:\/\/temucotelevision.cl\/web\/wp-json\/wp\/v2\/posts"}],"about":[{"href":"https:\/\/temucotelevision.cl\/web\/wp-json\/wp\/v2\/types\/post"}],"author":[{"embeddable":true,"href":"https:\/\/temucotelevision.cl\/web\/wp-json\/wp\/v2\/users\/1"}],"replies":[{"embeddable":true,"href":"https:\/\/temucotelevision.cl\/web\/wp-json\/wp\/v2\/comments?post=34595"}],"version-history":[{"count":1,"href":"https:\/\/temucotelevision.cl\/web\/wp-json\/wp\/v2\/posts\/34595\/revisions"}],"predecessor-version":[{"id":34598,"href":"https:\/\/temucotelevision.cl\/web\/wp-json\/wp\/v2\/posts\/34595\/revisions\/34598"}],"wp:featuredmedia":[{"embeddable":true,"href":"https:\/\/temucotelevision.cl\/web\/wp-json\/wp\/v2\/media\/34596"}],"wp:attachment":[{"href":"https:\/\/temucotelevision.cl\/web\/wp-json\/wp\/v2\/media?parent=34595"}],"wp:term":[{"taxonomy":"category","embeddable":true,"href":"https:\/\/temucotelevision.cl\/web\/wp-json\/wp\/v2\/categories?post=34595"},{"taxonomy":"post_tag","embeddable":true,"href":"https:\/\/temucotelevision.cl\/web\/wp-json\/wp\/v2\/tags?post=34595"}],"curies":[{"name":"wp","href":"https:\/\/api.w.org\/{rel}","templated":true}]}}