{"id":34593,"date":"2022-08-18T22:55:43","date_gmt":"2022-08-19T01:55:43","guid":{"rendered":"https:\/\/temucotelevision.cl\/web\/?p=34593"},"modified":"2022-08-18T22:55:44","modified_gmt":"2022-08-19T01:55:44","slug":"fedetur-por-termino-de-la-homologacion-de-vacunas-valoramos-la-medida-ya-que-nos-permite-iniciar-la-reactivacion-del-sector","status":"publish","type":"post","link":"https:\/\/temucotelevision.cl\/web\/2022\/08\/18\/fedetur-por-termino-de-la-homologacion-de-vacunas-valoramos-la-medida-ya-que-nos-permite-iniciar-la-reactivacion-del-sector\/","title":{"rendered":"Fedetur por t\u00e9rmino de la homologaci\u00f3n de vacunas: \u201cValoramos la medida, ya que nos permite iniciar la reactivaci\u00f3n del sector\u201d"},"content":{"rendered":"<div class=\"pvc_clear\"><\/div><p id=\"pvc_stats_34593\" class=\"pvc_stats total_only  \" data-element-id=\"34593\" style=\"\"><i class=\"pvc-stats-icon large\" aria-hidden=\"true\"><svg aria-hidden=\"true\" focusable=\"false\" data-prefix=\"far\" data-icon=\"chart-bar\" role=\"img\" xmlns=\"http:\/\/www.w3.org\/2000\/svg\" viewBox=\"0 0 512 512\" class=\"svg-inline--fa fa-chart-bar fa-w-16 fa-2x\"><path fill=\"currentColor\" d=\"M396.8 352h22.4c6.4 0 12.8-6.4 12.8-12.8V108.8c0-6.4-6.4-12.8-12.8-12.8h-22.4c-6.4 0-12.8 6.4-12.8 12.8v230.4c0 6.4 6.4 12.8 12.8 12.8zm-192 0h22.4c6.4 0 12.8-6.4 12.8-12.8V140.8c0-6.4-6.4-12.8-12.8-12.8h-22.4c-6.4 0-12.8 6.4-12.8 12.8v198.4c0 6.4 6.4 12.8 12.8 12.8zm96 0h22.4c6.4 0 12.8-6.4 12.8-12.8V204.8c0-6.4-6.4-12.8-12.8-12.8h-22.4c-6.4 0-12.8 6.4-12.8 12.8v134.4c0 6.4 6.4 12.8 12.8 12.8zM496 400H48V80c0-8.84-7.16-16-16-16H16C7.16 64 0 71.16 0 80v336c0 17.67 14.33 32 32 32h464c8.84 0 16-7.16 16-16v-16c0-8.84-7.16-16-16-16zm-387.2-48h22.4c6.4 0 12.8-6.4 12.8-12.8v-70.4c0-6.4-6.4-12.8-12.8-12.8h-22.4c-6.4 0-12.8 6.4-12.8 12.8v70.4c0 6.4 6.4 12.8 12.8 12.8z\" class=\"\"><\/path><\/svg><\/i> <img loading=\"lazy\" decoding=\"async\" width=\"16\" height=\"16\" alt=\"Loading\" src=\"https:\/\/temucotelevision.cl\/web\/wp-content\/plugins\/page-views-count\/ajax-loader-2x.gif\" border=0 \/><\/p><div class=\"pvc_clear\"><\/div>\n<p>\u2022 La vicepresidenta Ejecutiva de la Federaci\u00f3n de Empresas de Turismo de Chile, Helen Kouyoumdjian, indic\u00f3 que \u201ca partir de ahora vamos a concentrar los esfuerzos en recuperar la competitividad del pa\u00eds para atraer a los visitantes internacionales y comenzar paulatinamente a reactivar la actividad hasta llegar a niveles prepandemia\u201d.<\/p>\n\n\n\n<p>Viernes 12 de agosto de 2022. Hasta que lo lograron. Tras casi un a\u00f1o de estar pidiendo incesantemente al gobierno y las autoridades sanitarias que pusieran t\u00e9rmino a la homologaci\u00f3n de vacunas para permitir que el turismo receptivo se ponga de pie, el Ejecutivo anunci\u00f3 esta ma\u00f1ana,que a partir del 1 de septiembre se pondr\u00e1 fin a esta restricci\u00f3n para ingresar al pa\u00eds.<\/p>\n\n\n\n<p>De hecho, Fedetur ven\u00eda pidiendo su eliminaci\u00f3n, previo al inicio de la temporada alta del a\u00f1o pasado, que para el rubro se inicia en septiembre, y tem\u00edan que se perdiera nuevamente la de este a\u00f1o si es que se manten\u00eda la medida, ya que un n\u00famero importante de turistas extranjeros que visita el pa\u00eds durante el verano, planifican su viaje con varios meses de anticipaci\u00f3n.<\/p>\n\n\n\n<p>\u201cEste anuncio nos quita un enorme peso de encima y es un gran alivio para una industria que ha resultado tremendamente golpeada por la pandemia, al punto que somos el sector con mayor rezago en el proceso de recuperaci\u00f3n, y donde el turismo receptivo era el m\u00e1s afectado de todos, ya que la homologaci\u00f3n de vacunas desincentivaba la llegada de personas de otras latitudes\u201d, puntualiz\u00f3 Helen Kouyoumdjian.<\/p>\n\n\n\n<p>La representante gremial indic\u00f3 que \u201cvaloramos este anuncio, porque nos permite iniciar la reactivaci\u00f3n del sector. Ahora nos pondremos a trabajar a toda m\u00e1quina, porque el desaf\u00edo est\u00e1 en recuperar la competitividad de Chile como destino, para promover e incentivar que los turistas extranjeros nos visiten, y as\u00ed, en un plazo prudente, poder retomar los niveles de turismo receptivo que ten\u00edamos previo a la pandemia\u201d.<\/p>\n\n\n\n<p>\u201cHa sido un camino largo llegar hasta ac\u00e1. Ahora nos toca concentrarnos en recuperar el terreno perdido, donde las campa\u00f1as de promoci\u00f3n internacional ser\u00e1n clave para atraer turistas de otras partes del mundo, y es el desaf\u00edo m\u00e1s inmediato que tenemos como sector\u201d, puntualiz\u00f3 Helen Kouyoumdjian.<\/p>\n\n\n\n<p>Desde Fedetur, agradecieron la colaboraci\u00f3n de distintos actores p\u00fablicos y privados \u201cque nos ayudaron a empujar este tema hasta lograr el objetivo de terminar con la homologaci\u00f3n de vacunas, y tambi\u00e9n a los gremios asociados a la Federaci\u00f3n, con quienes hemos estado siempre alineados en esta materia y en sacar adelante una actividad que es crucial para el desarrollo social y econ\u00f3mico del pa\u00eds\u201d, expres\u00f3 Helen Kouyoumdjian.<\/p>\n\n\n\n<p>La Vicepresidenta Ejecutiva de Fedetur a\u00f1adi\u00f3 que \u201cadem\u00e1s de apuntalar la reactivaci\u00f3n del turismo receptivo, quedan otras materias pendientes por las que debemos trabajar, como el t\u00e9rmino de las restricciones de funcionamiento que a\u00fan se mantienen, y en particular, temas que quedaron en segundo plano debido a la pandemia, pero que son prioritarios para el rubro, entre ellos, descentralizaci\u00f3n,sustentabilidad, adaptabilidad laboral, formalidad de los servicios tur\u00edsticos e infraestructura.<\/p>\n","protected":false},"excerpt":{"rendered":"<div class=\"pvc_clear\"><\/div>\n<p id=\"pvc_stats_34593\" class=\"pvc_stats total_only  \" data-element-id=\"34593\" style=\"\"><i class=\"pvc-stats-icon large\" aria-hidden=\"true\"><svg aria-hidden=\"true\" focusable=\"false\" data-prefix=\"far\" data-icon=\"chart-bar\" role=\"img\" xmlns=\"http:\/\/www.w3.org\/2000\/svg\" viewBox=\"0 0 512 512\" class=\"svg-inline--fa fa-chart-bar fa-w-16 fa-2x\"><path fill=\"currentColor\" d=\"M396.8 352h22.4c6.4 0 12.8-6.4 12.8-12.8V108.8c0-6.4-6.4-12.8-12.8-12.8h-22.4c-6.4 0-12.8 6.4-12.8 12.8v230.4c0 6.4 6.4 12.8 12.8 12.8zm-192 0h22.4c6.4 0 12.8-6.4 12.8-12.8V140.8c0-6.4-6.4-12.8-12.8-12.8h-22.4c-6.4 0-12.8 6.4-12.8 12.8v198.4c0 6.4 6.4 12.8 12.8 12.8zm96 0h22.4c6.4 0 12.8-6.4 12.8-12.8V204.8c0-6.4-6.4-12.8-12.8-12.8h-22.4c-6.4 0-12.8 6.4-12.8 12.8v134.4c0 6.4 6.4 12.8 12.8 12.8zM496 400H48V80c0-8.84-7.16-16-16-16H16C7.16 64 0 71.16 0 80v336c0 17.67 14.33 32 32 32h464c8.84 0 16-7.16 16-16v-16c0-8.84-7.16-16-16-16zm-387.2-48h22.4c6.4 0 12.8-6.4 12.8-12.8v-70.4c0-6.4-6.4-12.8-12.8-12.8h-22.4c-6.4 0-12.8 6.4-12.8 12.8v70.4c0 6.4 6.4 12.8 12.8 12.8z\" class=\"\"><\/path><\/svg><\/i> <img loading=\"lazy\" decoding=\"async\" width=\"16\" height=\"16\" alt=\"Loading\" src=\"https:\/\/temucotelevision.cl\/web\/wp-content\/plugins\/page-views-count\/ajax-loader-2x.gif\" border=0 \/><\/p>\n<div class=\"pvc_clear\"><\/div>\n<p>\u2022 La vicepresidenta Ejecutiva de la Federaci\u00f3n de Empresas de Turismo de Chile, Helen Kouyoumdjian, indic\u00f3 que \u201ca partir de<\/p>\n","protected":false},"author":1,"featured_media":34592,"comment_status":"open","ping_status":"open","sticky":false,"template":"","format":"standard","meta":{"colormag_page_container_layout":"default_layout","colormag_page_sidebar_layout":"default_layout","footnotes":""},"categories":[101],"tags":[5708,513],"class_list":["post-34593","post","type-post","status-publish","format-standard","has-post-thumbnail","hentry","category-actualidad","tag-federer","tag-vacunas"],"a3_pvc":{"activated":true,"total_views":49,"today_views":0},"_links":{"self":[{"href":"https:\/\/temucotelevision.cl\/web\/wp-json\/wp\/v2\/posts\/34593","targetHints":{"allow":["GET"]}}],"collection":[{"href":"https:\/\/temucotelevision.cl\/web\/wp-json\/wp\/v2\/posts"}],"about":[{"href":"https:\/\/temucotelevision.cl\/web\/wp-json\/wp\/v2\/types\/post"}],"author":[{"embeddable":true,"href":"https:\/\/temucotelevision.cl\/web\/wp-json\/wp\/v2\/users\/1"}],"replies":[{"embeddable":true,"href":"https:\/\/temucotelevision.cl\/web\/wp-json\/wp\/v2\/comments?post=34593"}],"version-history":[{"count":1,"href":"https:\/\/temucotelevision.cl\/web\/wp-json\/wp\/v2\/posts\/34593\/revisions"}],"predecessor-version":[{"id":34594,"href":"https:\/\/temucotelevision.cl\/web\/wp-json\/wp\/v2\/posts\/34593\/revisions\/34594"}],"wp:featuredmedia":[{"embeddable":true,"href":"https:\/\/temucotelevision.cl\/web\/wp-json\/wp\/v2\/media\/34592"}],"wp:attachment":[{"href":"https:\/\/temucotelevision.cl\/web\/wp-json\/wp\/v2\/media?parent=34593"}],"wp:term":[{"taxonomy":"category","embeddable":true,"href":"https:\/\/temucotelevision.cl\/web\/wp-json\/wp\/v2\/categories?post=34593"},{"taxonomy":"post_tag","embeddable":true,"href":"https:\/\/temucotelevision.cl\/web\/wp-json\/wp\/v2\/tags?post=34593"}],"curies":[{"name":"wp","href":"https:\/\/api.w.org\/{rel}","templated":true}]}}