{"id":3459,"date":"2019-05-06T10:38:10","date_gmt":"2019-05-06T13:38:10","guid":{"rendered":"https:\/\/temucotelevision.cl\/web\/?p=3459"},"modified":"2019-05-06T10:38:10","modified_gmt":"2019-05-06T13:38:10","slug":"victoria-20-millones-en-droga-fue-sacada-de-circulacion-por-la-pdi","status":"publish","type":"post","link":"https:\/\/temucotelevision.cl\/web\/2019\/05\/06\/victoria-20-millones-en-droga-fue-sacada-de-circulacion-por-la-pdi\/","title":{"rendered":"Victoria: $20 millones en droga fue sacada de circulaci\u00f3n por la PDI"},"content":{"rendered":"<div class=\"pvc_clear\"><\/div>\n<p id=\"pvc_stats_3459\" class=\"pvc_stats total_only  \" data-element-id=\"3459\" style=\"\"><i class=\"pvc-stats-icon large\" aria-hidden=\"true\"><svg aria-hidden=\"true\" focusable=\"false\" data-prefix=\"far\" data-icon=\"chart-bar\" role=\"img\" xmlns=\"http:\/\/www.w3.org\/2000\/svg\" viewBox=\"0 0 512 512\" class=\"svg-inline--fa fa-chart-bar fa-w-16 fa-2x\"><path fill=\"currentColor\" d=\"M396.8 352h22.4c6.4 0 12.8-6.4 12.8-12.8V108.8c0-6.4-6.4-12.8-12.8-12.8h-22.4c-6.4 0-12.8 6.4-12.8 12.8v230.4c0 6.4 6.4 12.8 12.8 12.8zm-192 0h22.4c6.4 0 12.8-6.4 12.8-12.8V140.8c0-6.4-6.4-12.8-12.8-12.8h-22.4c-6.4 0-12.8 6.4-12.8 12.8v198.4c0 6.4 6.4 12.8 12.8 12.8zm96 0h22.4c6.4 0 12.8-6.4 12.8-12.8V204.8c0-6.4-6.4-12.8-12.8-12.8h-22.4c-6.4 0-12.8 6.4-12.8 12.8v134.4c0 6.4 6.4 12.8 12.8 12.8zM496 400H48V80c0-8.84-7.16-16-16-16H16C7.16 64 0 71.16 0 80v336c0 17.67 14.33 32 32 32h464c8.84 0 16-7.16 16-16v-16c0-8.84-7.16-16-16-16zm-387.2-48h22.4c6.4 0 12.8-6.4 12.8-12.8v-70.4c0-6.4-6.4-12.8-12.8-12.8h-22.4c-6.4 0-12.8 6.4-12.8 12.8v70.4c0 6.4 6.4 12.8 12.8 12.8z\" class=\"\"><\/path><\/svg><\/i> <img loading=\"lazy\" decoding=\"async\" width=\"16\" height=\"16\" alt=\"Loading\" src=\"https:\/\/temucotelevision.cl\/web\/wp-content\/plugins\/page-views-count\/ajax-loader-2x.gif\" border=0 \/><\/p>\n<div class=\"pvc_clear\"><\/div>\n<p style=\"text-align: justify;\">Detectives de la Brigada de Investigaci\u00f3n Criminal (Bicrim) Victoria detuvieron a dos personas -un hombre y una mujer- por el delito de tr\u00e1fico de drogas, incautando m\u00e1s de seis kilos de cannabis sativa, lo que equivale a 20 mil dosis sacadas de circulaci\u00f3n.<\/p>\n<p style=\"text-align: justify;\">Tras recibir antecedentes respecto de posibles cultivos de cannabis en el sector de Malalcahuello, adem\u00e1s de otras referencias aportadas en diferentes reuniones de los Consejos Comunales de Seguridad P\u00fablica, donde se efectuaron algunas denuncias, la fiscal\u00eda local de Curacaut\u00edn emiti\u00f3 una instrucci\u00f3n particular para investigar.<\/p>\n<p style=\"text-align: justify;\">Al respecto, el comisario Carlos Rojas, jefe de la Bicrim Victoria, dijo que \u201cSe realiz\u00f3 una investigaci\u00f3n y se estableci\u00f3 que un imputado podr\u00eda tener un cultivo de plantas de cannabis sativa en ese sector. Despu\u00e9s de algunas semanas de investigaci\u00f3n se solicit\u00f3 una entrada y registro voluntaria, donde se logr\u00f3 encontrar una gran cantidad de ese tipo de droga, que estaba en proceso de secado, para su posterior comercializaci\u00f3n\u201d.<\/p>\n<p style=\"text-align: justify;\">En el procedimiento -efectuado con apoyo de equipo MT-0 de Victoria, y en coordinaci\u00f3n con Brigada Antinarc\u00f3ticos de Angol- se incautaron, en total, 6.315,23 gramos de la droga, avaluada en $20 millones, y una balanza digital.<\/p>\n<p>Los detenidos fueron puestos a disposici\u00f3n del Juzgado de Garant\u00eda de Victoria para el correspondiente control de detenci\u00f3n.<\/p>\n","protected":false},"excerpt":{"rendered":"<div class=\"pvc_clear\"><\/div>\n<p id=\"pvc_stats_3459\" class=\"pvc_stats total_only  \" data-element-id=\"3459\" style=\"\"><i class=\"pvc-stats-icon large\" aria-hidden=\"true\"><svg aria-hidden=\"true\" focusable=\"false\" data-prefix=\"far\" data-icon=\"chart-bar\" role=\"img\" xmlns=\"http:\/\/www.w3.org\/2000\/svg\" viewBox=\"0 0 512 512\" class=\"svg-inline--fa fa-chart-bar fa-w-16 fa-2x\"><path fill=\"currentColor\" d=\"M396.8 352h22.4c6.4 0 12.8-6.4 12.8-12.8V108.8c0-6.4-6.4-12.8-12.8-12.8h-22.4c-6.4 0-12.8 6.4-12.8 12.8v230.4c0 6.4 6.4 12.8 12.8 12.8zm-192 0h22.4c6.4 0 12.8-6.4 12.8-12.8V140.8c0-6.4-6.4-12.8-12.8-12.8h-22.4c-6.4 0-12.8 6.4-12.8 12.8v198.4c0 6.4 6.4 12.8 12.8 12.8zm96 0h22.4c6.4 0 12.8-6.4 12.8-12.8V204.8c0-6.4-6.4-12.8-12.8-12.8h-22.4c-6.4 0-12.8 6.4-12.8 12.8v134.4c0 6.4 6.4 12.8 12.8 12.8zM496 400H48V80c0-8.84-7.16-16-16-16H16C7.16 64 0 71.16 0 80v336c0 17.67 14.33 32 32 32h464c8.84 0 16-7.16 16-16v-16c0-8.84-7.16-16-16-16zm-387.2-48h22.4c6.4 0 12.8-6.4 12.8-12.8v-70.4c0-6.4-6.4-12.8-12.8-12.8h-22.4c-6.4 0-12.8 6.4-12.8 12.8v70.4c0 6.4 6.4 12.8 12.8 12.8z\" class=\"\"><\/path><\/svg><\/i> <img loading=\"lazy\" decoding=\"async\" width=\"16\" height=\"16\" alt=\"Loading\" src=\"https:\/\/temucotelevision.cl\/web\/wp-content\/plugins\/page-views-count\/ajax-loader-2x.gif\" border=0 \/><\/p>\n<div class=\"pvc_clear\"><\/div>\n<p>Detectives de la Brigada de Investigaci\u00f3n Criminal (Bicrim) Victoria detuvieron a dos personas -un hombre y una mujer- por el<\/p>\n","protected":false},"author":1,"featured_media":3460,"comment_status":"open","ping_status":"open","sticky":false,"template":"","format":"standard","meta":{"colormag_page_container_layout":"default_layout","colormag_page_sidebar_layout":"default_layout","footnotes":""},"categories":[16],"tags":[433,158,188,757],"class_list":["post-3459","post","type-post","status-publish","format-standard","has-post-thumbnail","hentry","category-policial","tag-denuncia","tag-droga","tag-hombre","tag-mujer"],"a3_pvc":{"activated":true,"total_views":65,"today_views":0},"_links":{"self":[{"href":"https:\/\/temucotelevision.cl\/web\/wp-json\/wp\/v2\/posts\/3459","targetHints":{"allow":["GET"]}}],"collection":[{"href":"https:\/\/temucotelevision.cl\/web\/wp-json\/wp\/v2\/posts"}],"about":[{"href":"https:\/\/temucotelevision.cl\/web\/wp-json\/wp\/v2\/types\/post"}],"author":[{"embeddable":true,"href":"https:\/\/temucotelevision.cl\/web\/wp-json\/wp\/v2\/users\/1"}],"replies":[{"embeddable":true,"href":"https:\/\/temucotelevision.cl\/web\/wp-json\/wp\/v2\/comments?post=3459"}],"version-history":[{"count":1,"href":"https:\/\/temucotelevision.cl\/web\/wp-json\/wp\/v2\/posts\/3459\/revisions"}],"predecessor-version":[{"id":3461,"href":"https:\/\/temucotelevision.cl\/web\/wp-json\/wp\/v2\/posts\/3459\/revisions\/3461"}],"wp:featuredmedia":[{"embeddable":true,"href":"https:\/\/temucotelevision.cl\/web\/wp-json\/wp\/v2\/media\/3460"}],"wp:attachment":[{"href":"https:\/\/temucotelevision.cl\/web\/wp-json\/wp\/v2\/media?parent=3459"}],"wp:term":[{"taxonomy":"category","embeddable":true,"href":"https:\/\/temucotelevision.cl\/web\/wp-json\/wp\/v2\/categories?post=3459"},{"taxonomy":"post_tag","embeddable":true,"href":"https:\/\/temucotelevision.cl\/web\/wp-json\/wp\/v2\/tags?post=3459"}],"curies":[{"name":"wp","href":"https:\/\/api.w.org\/{rel}","templated":true}]}}