{"id":34584,"date":"2022-08-18T21:46:46","date_gmt":"2022-08-19T00:46:46","guid":{"rendered":"https:\/\/temucotelevision.cl\/web\/?p=34584"},"modified":"2022-08-18T21:46:46","modified_gmt":"2022-08-19T00:46:46","slug":"matrona-mapuche-expone-en-el-hospital-regional-parte-de-su-obra-de-acuarela-botanica","status":"publish","type":"post","link":"https:\/\/temucotelevision.cl\/web\/2022\/08\/18\/matrona-mapuche-expone-en-el-hospital-regional-parte-de-su-obra-de-acuarela-botanica\/","title":{"rendered":"Matrona mapuche expone en el Hospital Regional parte de su obra de acuarela bot\u00e1nica"},"content":{"rendered":"<div class=\"pvc_clear\"><\/div><p id=\"pvc_stats_34584\" class=\"pvc_stats total_only  \" data-element-id=\"34584\" style=\"\"><i class=\"pvc-stats-icon large\" aria-hidden=\"true\"><svg aria-hidden=\"true\" focusable=\"false\" data-prefix=\"far\" data-icon=\"chart-bar\" role=\"img\" xmlns=\"http:\/\/www.w3.org\/2000\/svg\" viewBox=\"0 0 512 512\" class=\"svg-inline--fa fa-chart-bar fa-w-16 fa-2x\"><path fill=\"currentColor\" d=\"M396.8 352h22.4c6.4 0 12.8-6.4 12.8-12.8V108.8c0-6.4-6.4-12.8-12.8-12.8h-22.4c-6.4 0-12.8 6.4-12.8 12.8v230.4c0 6.4 6.4 12.8 12.8 12.8zm-192 0h22.4c6.4 0 12.8-6.4 12.8-12.8V140.8c0-6.4-6.4-12.8-12.8-12.8h-22.4c-6.4 0-12.8 6.4-12.8 12.8v198.4c0 6.4 6.4 12.8 12.8 12.8zm96 0h22.4c6.4 0 12.8-6.4 12.8-12.8V204.8c0-6.4-6.4-12.8-12.8-12.8h-22.4c-6.4 0-12.8 6.4-12.8 12.8v134.4c0 6.4 6.4 12.8 12.8 12.8zM496 400H48V80c0-8.84-7.16-16-16-16H16C7.16 64 0 71.16 0 80v336c0 17.67 14.33 32 32 32h464c8.84 0 16-7.16 16-16v-16c0-8.84-7.16-16-16-16zm-387.2-48h22.4c6.4 0 12.8-6.4 12.8-12.8v-70.4c0-6.4-6.4-12.8-12.8-12.8h-22.4c-6.4 0-12.8 6.4-12.8 12.8v70.4c0 6.4 6.4 12.8 12.8 12.8z\" class=\"\"><\/path><\/svg><\/i> <img loading=\"lazy\" decoding=\"async\" width=\"16\" height=\"16\" alt=\"Loading\" src=\"https:\/\/temucotelevision.cl\/web\/wp-content\/plugins\/page-views-count\/ajax-loader-2x.gif\" border=0 \/><\/p><div class=\"pvc_clear\"><\/div>\n<p><em>Una muestra con 7 obras de la pintora regional Fernanda Millanao (26) expone la riqueza cultural de la flora presente en el territorio. La presentaci\u00f3n estar\u00e1 disponible durante todo el mes en el hall principal del recinto hospitalario, enmarcado en la celebraci\u00f3n del mes de la matroner\u00eda.&nbsp;<\/em><\/p>\n\n\n\n<p>Fernanda Millanao lleva cuatro a\u00f1os ejerciendo como matrona en el Hospital Regional de Temuco. Una labor compleja en el acompa\u00f1amiento a la mujer en su embarazo, la cual fuera de su trabajo complementa con el arte. Es hace m\u00e1s de una d\u00e9cada que la egresada de la Universidad de La Frontera realiza de forma autodidacta acuarelas bot\u00e1nicas para no alejarse de los pasatiempos que la inspiran y motivan.&nbsp;&nbsp;<\/p>\n\n\n\n<p>Un inter\u00e9s personal que hoy es reconocido por la comunidad hospitalaria, luego que el trabajo de Millanao haya sido seleccionado para ser presentado a toda la comunidad regional. Desde el pr\u00f3ximo mi\u00e9rcoles 24 de agosto, siete de sus acuarelas estar\u00e1n disponibles en el hall principal del Hospital por el resto del mes de forma gratuita.<\/p>\n\n\n\n<p>La muestra de la acuarelista temuquense est\u00e1 enmarcada en el mes de la matroner\u00eda, buscando generar un di\u00e1logo entre las cuestiones del arte y la vida profesional de los trabajadores de la salud. Una actividad art\u00edstica vinculada a la unidad de periodismo y la direcci\u00f3n del Hospital Regional, en colaboraci\u00f3n con Millanao.<\/p>\n\n\n\n<p>Tanto pacientes como personal m\u00e9dico pueden acercarse al hospital a contemplar estas acuarelas de arte bot\u00e1nico, disponibles hasta principios de septiembre. \u201cLa exposici\u00f3n busca demostrar que los funcionarios de la salud tienen una vida art\u00edstica, una vida m\u00e1s sensible, que pueda hacer mejorar la calidad de la atenci\u00f3n de las personas que est\u00e1n ah\u00ed, sobre todo las mujeres y los beb\u00e9s\u201d, relata la artista.<\/p>\n\n\n\n<figure class=\"wp-block-image size-large\"><img loading=\"lazy\" decoding=\"async\" width=\"768\" height=\"1024\" src=\"https:\/\/temucotelevision.cl\/web\/wp-content\/uploads\/2022\/08\/fernanda-millanao-acuarelas-2-768x1024.jpg\" alt=\"\" class=\"wp-image-34587\" srcset=\"https:\/\/temucotelevision.cl\/web\/wp-content\/uploads\/2022\/08\/fernanda-millanao-acuarelas-2-768x1024.jpg 768w, https:\/\/temucotelevision.cl\/web\/wp-content\/uploads\/2022\/08\/fernanda-millanao-acuarelas-2-1152x1536.jpg 1152w, https:\/\/temucotelevision.cl\/web\/wp-content\/uploads\/2022\/08\/fernanda-millanao-acuarelas-2-1536x2048.jpg 1536w, https:\/\/temucotelevision.cl\/web\/wp-content\/uploads\/2022\/08\/fernanda-millanao-acuarelas-2-scaled.jpg 1920w\" sizes=\"auto, (max-width: 768px) 100vw, 768px\" \/><\/figure>\n\n\n\n<p><strong>Trabajo<\/strong><\/p>\n\n\n\n<p>Ser\u00e1n siete acuarelas de tinte bot\u00e1nico, las cuales nacen en base a la memoria y la belleza presente en el territorio. Su pasi\u00f3n por la acuarela y las flores tiene directa relaci\u00f3n con su profesi\u00f3n. \u201cEl agua es vital para todos nosotros, y las flores nos acompa\u00f1an desde el nacimiento. Uno florece en cualquier momento de la vida, y la muerte igual est\u00e1 rodeada de flores\u201d, expresa.<\/p>\n\n\n\n<p>Millanao divide su rutina entre su trabajo en el hospital como en la creaci\u00f3n de pinturas, muchas de las cuales realiza a pedido de clientes, a trav\u00e9s de su cuenta de Instagram \u201cAcuarelas Fernanda\u201d. Ante ello, su hobbie se ha vuelto parte de sus tareas, las cuales realiza durante el descanso de sus labores: \u201cLas personas regalan mis flores a una persona muy femenina, a quienes est\u00e1n pasando momentos dif\u00edciles,&nbsp;&nbsp;o simplemente para que sus madres tengan un recuerdo en sus casas\u201d, describe.<\/p>\n\n\n\n<p>Entre los cuadros seleccionados para la muestra en el hospital est\u00e1 \u201c\u00c1rbol de oto\u00f1o naranjo\u201d, pintura simb\u00f3lica para la artista, luego que la inspiraci\u00f3n para realizar dicho cuadro provenga desde la infancia de la autora. A dicha acuarela, se suma una selecci\u00f3n realizada con la ayuda de sus familiares y amigos.<\/p>\n\n\n\n<p>Ante el combinar dos disciplinas que, a primera vista, parecen no tener relaci\u00f3n, la profesional indica que es una forma de no dejar de lado los sue\u00f1os. En este caso, pintar la ha acompa\u00f1ado desde siempre. Hoy, aparte de ser un trabajo complementario, se transforma en una forma de enfrentar la rutina y el cansancio que implica dedicarse a las labores de la salud. \u201cAmo mi profesi\u00f3n, a los beb\u00e9s y a las mujeres que tengo que atender diariamente, pero tambi\u00e9n estoy haciendo lo que me apasiona. Se puede, mi familia me apoya y es mi gran pilar para lograr lo que quiero\u201d, complementa.<\/p>\n\n\n\n<p>Esta es la segunda exposici\u00f3n que Fernanda Millanao realiza, luego de una reciente experiencia en la Cafeter\u00eda Allegro llamada &#8220;Arte Local&#8221;. Para m\u00e1s informaci\u00f3n, pueden visitar su cuenta de Instagram @acuarelasfernanda.<\/p>\n\n\n\n<div class=\"wp-block-image\"><figure class=\"aligncenter size-large\"><img loading=\"lazy\" decoding=\"async\" width=\"473\" height=\"1024\" src=\"https:\/\/temucotelevision.cl\/web\/wp-content\/uploads\/2022\/08\/fernanda-millanao-acuarelas-1-473x1024.jpg\" alt=\"\" class=\"wp-image-34586\" srcset=\"https:\/\/temucotelevision.cl\/web\/wp-content\/uploads\/2022\/08\/fernanda-millanao-acuarelas-1-473x1024.jpg 473w, https:\/\/temucotelevision.cl\/web\/wp-content\/uploads\/2022\/08\/fernanda-millanao-acuarelas-1-709x1536.jpg 709w, https:\/\/temucotelevision.cl\/web\/wp-content\/uploads\/2022\/08\/fernanda-millanao-acuarelas-1.jpg 739w\" sizes=\"auto, (max-width: 473px) 100vw, 473px\" \/><\/figure><\/div>\n","protected":false},"excerpt":{"rendered":"<div class=\"pvc_clear\"><\/div>\n<p id=\"pvc_stats_34584\" class=\"pvc_stats total_only  \" data-element-id=\"34584\" style=\"\"><i class=\"pvc-stats-icon large\" aria-hidden=\"true\"><svg aria-hidden=\"true\" focusable=\"false\" data-prefix=\"far\" data-icon=\"chart-bar\" role=\"img\" xmlns=\"http:\/\/www.w3.org\/2000\/svg\" viewBox=\"0 0 512 512\" class=\"svg-inline--fa fa-chart-bar fa-w-16 fa-2x\"><path fill=\"currentColor\" d=\"M396.8 352h22.4c6.4 0 12.8-6.4 12.8-12.8V108.8c0-6.4-6.4-12.8-12.8-12.8h-22.4c-6.4 0-12.8 6.4-12.8 12.8v230.4c0 6.4 6.4 12.8 12.8 12.8zm-192 0h22.4c6.4 0 12.8-6.4 12.8-12.8V140.8c0-6.4-6.4-12.8-12.8-12.8h-22.4c-6.4 0-12.8 6.4-12.8 12.8v198.4c0 6.4 6.4 12.8 12.8 12.8zm96 0h22.4c6.4 0 12.8-6.4 12.8-12.8V204.8c0-6.4-6.4-12.8-12.8-12.8h-22.4c-6.4 0-12.8 6.4-12.8 12.8v134.4c0 6.4 6.4 12.8 12.8 12.8zM496 400H48V80c0-8.84-7.16-16-16-16H16C7.16 64 0 71.16 0 80v336c0 17.67 14.33 32 32 32h464c8.84 0 16-7.16 16-16v-16c0-8.84-7.16-16-16-16zm-387.2-48h22.4c6.4 0 12.8-6.4 12.8-12.8v-70.4c0-6.4-6.4-12.8-12.8-12.8h-22.4c-6.4 0-12.8 6.4-12.8 12.8v70.4c0 6.4 6.4 12.8 12.8 12.8z\" class=\"\"><\/path><\/svg><\/i> <img loading=\"lazy\" decoding=\"async\" width=\"16\" height=\"16\" alt=\"Loading\" src=\"https:\/\/temucotelevision.cl\/web\/wp-content\/plugins\/page-views-count\/ajax-loader-2x.gif\" border=0 \/><\/p>\n<div class=\"pvc_clear\"><\/div>\n<p>Una muestra con 7 obras de la pintora regional Fernanda Millanao (26) expone la riqueza cultural de la flora presente<\/p>\n","protected":false},"author":1,"featured_media":34585,"comment_status":"open","ping_status":"open","sticky":false,"template":"","format":"standard","meta":{"colormag_page_container_layout":"default_layout","colormag_page_sidebar_layout":"default_layout","footnotes":""},"categories":[101,86],"tags":[5705,5706,216,5704,925],"class_list":["post-34584","post","type-post","status-publish","format-standard","has-post-thumbnail","hentry","category-actualidad","category-panoramas","tag-acuarela","tag-botanica","tag-mapuche","tag-matrona","tag-obra"],"a3_pvc":{"activated":true,"total_views":214,"today_views":0},"_links":{"self":[{"href":"https:\/\/temucotelevision.cl\/web\/wp-json\/wp\/v2\/posts\/34584","targetHints":{"allow":["GET"]}}],"collection":[{"href":"https:\/\/temucotelevision.cl\/web\/wp-json\/wp\/v2\/posts"}],"about":[{"href":"https:\/\/temucotelevision.cl\/web\/wp-json\/wp\/v2\/types\/post"}],"author":[{"embeddable":true,"href":"https:\/\/temucotelevision.cl\/web\/wp-json\/wp\/v2\/users\/1"}],"replies":[{"embeddable":true,"href":"https:\/\/temucotelevision.cl\/web\/wp-json\/wp\/v2\/comments?post=34584"}],"version-history":[{"count":1,"href":"https:\/\/temucotelevision.cl\/web\/wp-json\/wp\/v2\/posts\/34584\/revisions"}],"predecessor-version":[{"id":34588,"href":"https:\/\/temucotelevision.cl\/web\/wp-json\/wp\/v2\/posts\/34584\/revisions\/34588"}],"wp:featuredmedia":[{"embeddable":true,"href":"https:\/\/temucotelevision.cl\/web\/wp-json\/wp\/v2\/media\/34585"}],"wp:attachment":[{"href":"https:\/\/temucotelevision.cl\/web\/wp-json\/wp\/v2\/media?parent=34584"}],"wp:term":[{"taxonomy":"category","embeddable":true,"href":"https:\/\/temucotelevision.cl\/web\/wp-json\/wp\/v2\/categories?post=34584"},{"taxonomy":"post_tag","embeddable":true,"href":"https:\/\/temucotelevision.cl\/web\/wp-json\/wp\/v2\/tags?post=34584"}],"curies":[{"name":"wp","href":"https:\/\/api.w.org\/{rel}","templated":true}]}}