{"id":34573,"date":"2022-08-18T21:29:27","date_gmt":"2022-08-19T00:29:27","guid":{"rendered":"https:\/\/temucotelevision.cl\/web\/?p=34573"},"modified":"2022-08-18T21:30:15","modified_gmt":"2022-08-19T00:30:15","slug":"gn7-tucapel-los-fundadores-del-escultismo-en-la-araucania","status":"publish","type":"post","link":"https:\/\/temucotelevision.cl\/web\/2022\/08\/18\/gn7-tucapel-los-fundadores-del-escultismo-en-la-araucania\/","title":{"rendered":"GN7 Tucapel : Los fundadores del escultismo en La Araucan\u00eda,\u00a0grupo scout de nuestra regi\u00f3n celebra sus 58 a\u00f1os de historia"},"content":{"rendered":"<div class=\"pvc_clear\"><\/div><p id=\"pvc_stats_34573\" class=\"pvc_stats total_only  \" data-element-id=\"34573\" style=\"\"><i class=\"pvc-stats-icon large\" aria-hidden=\"true\"><svg aria-hidden=\"true\" focusable=\"false\" data-prefix=\"far\" data-icon=\"chart-bar\" role=\"img\" xmlns=\"http:\/\/www.w3.org\/2000\/svg\" viewBox=\"0 0 512 512\" class=\"svg-inline--fa fa-chart-bar fa-w-16 fa-2x\"><path fill=\"currentColor\" d=\"M396.8 352h22.4c6.4 0 12.8-6.4 12.8-12.8V108.8c0-6.4-6.4-12.8-12.8-12.8h-22.4c-6.4 0-12.8 6.4-12.8 12.8v230.4c0 6.4 6.4 12.8 12.8 12.8zm-192 0h22.4c6.4 0 12.8-6.4 12.8-12.8V140.8c0-6.4-6.4-12.8-12.8-12.8h-22.4c-6.4 0-12.8 6.4-12.8 12.8v198.4c0 6.4 6.4 12.8 12.8 12.8zm96 0h22.4c6.4 0 12.8-6.4 12.8-12.8V204.8c0-6.4-6.4-12.8-12.8-12.8h-22.4c-6.4 0-12.8 6.4-12.8 12.8v134.4c0 6.4 6.4 12.8 12.8 12.8zM496 400H48V80c0-8.84-7.16-16-16-16H16C7.16 64 0 71.16 0 80v336c0 17.67 14.33 32 32 32h464c8.84 0 16-7.16 16-16v-16c0-8.84-7.16-16-16-16zm-387.2-48h22.4c6.4 0 12.8-6.4 12.8-12.8v-70.4c0-6.4-6.4-12.8-12.8-12.8h-22.4c-6.4 0-12.8 6.4-12.8 12.8v70.4c0 6.4 6.4 12.8 12.8 12.8z\" class=\"\"><\/path><\/svg><\/i> <img loading=\"lazy\" decoding=\"async\" width=\"16\" height=\"16\" alt=\"Loading\" src=\"https:\/\/temucotelevision.cl\/web\/wp-content\/plugins\/page-views-count\/ajax-loader-2x.gif\" border=0 \/><\/p><div class=\"pvc_clear\"><\/div>\n<p>Este s\u00e1bado 20 de agosto el primer grupo scout de nuestra regi\u00f3n celebra sus 58 a\u00f1os de historia Fundado el 20 de agosto de 1963, el grupo scout n\u00famero 7 Tucapel surge en La Araucan\u00eda como el primer referente del escultismo internacional en nuestra regi\u00f3n. <\/p>\n\n\n\n<p>De la mano de Miguel Lasch, profesor de ingl\u00e9s e inmigrante, y Gregorio Seguel; este grupo da cuenta de su larga historia en su nombre, pues al inicio los grupos scout se numeraban asociados al concepto de brigadas que instal\u00f3 la -en ese entonces- Asociaci\u00f3n de Boy Scout Caut\u00edn.Su nombre se asocia a sus primeros miembros, casi en su totalidad vecinos del hist\u00f3rico Barrio Tucapel de Temuco. <\/p>\n\n\n\n<p>Denominaci\u00f3n que se ha mantenido pese a que su ubicaci\u00f3n ha cambiado, pues en un principio se instal\u00f3 en una casa de calle Carrera#87, mientras en la actualidad, el grupo tiene su casa scout en Le\u00f3n Gallo#951, uno de los sitios ic\u00f3nicos de la ciudad que recibi\u00f3 las consecuencias del terremoto del 27 de febrero de 2010.<\/p>\n\n\n\n<p>Emplazada en uno de los barrios tradicionales de Temuco, \u201clos del Tucapel\u201d han logrado mimetizarse con el entorno de vecinos cercanos al Estadio Municipal Germ\u00e1n Becker, principales beneficiados con las jornadas de servicio que realizan ni\u00f1os y j\u00f3venes.<\/p>\n\n\n\n<p>\u201cHacha, cuchillo y cordel; Grupo Tucapel\u201d, versa el grito del grupo que hoy suma a cerca de un centenar de ni\u00f1os, ni\u00f1as, adolescentes y dirigentes en sus filas, y que hace que la tradici\u00f3n perdure pese al paso de los a\u00f1os, siendo clave la conciencia ambiental, la importancia del trabajo de equipo y el apoyo que se entrega a las familias en la formaci\u00f3n val\u00f3rica; una formaci\u00f3n que en pandemia se ha hecho a\u00fan m\u00e1s necesaria y desafiante, seg\u00fan aseguran sus actuales responsables, entre los que se cuenta a j\u00f3venes profesionales y estudiantes universitarios de las m\u00e1s variadas carreras, siendo liderados por la m\u00e9dico cirujana, Claudia Leal B\u00f3rquez, con experiencia de m\u00e1s de 20 a\u00f1os en el movimiento scout de Chile.<\/p>\n\n\n\n<p>Es justamente esta historia y formas de trabajo, las que este s\u00e1bado 20 de agosto a partir de las 15 horas, ser\u00e1n expuestas en stands informativos y pr\u00e1cticos, desde las distintas unidades a la comunidad en el acceso al Parque Isla Caut\u00edn.<\/p>\n\n\n","protected":false},"excerpt":{"rendered":"<div class=\"pvc_clear\"><\/div>\n<p id=\"pvc_stats_34573\" class=\"pvc_stats total_only  \" data-element-id=\"34573\" style=\"\"><i class=\"pvc-stats-icon large\" aria-hidden=\"true\"><svg aria-hidden=\"true\" focusable=\"false\" data-prefix=\"far\" data-icon=\"chart-bar\" role=\"img\" xmlns=\"http:\/\/www.w3.org\/2000\/svg\" viewBox=\"0 0 512 512\" class=\"svg-inline--fa fa-chart-bar fa-w-16 fa-2x\"><path fill=\"currentColor\" d=\"M396.8 352h22.4c6.4 0 12.8-6.4 12.8-12.8V108.8c0-6.4-6.4-12.8-12.8-12.8h-22.4c-6.4 0-12.8 6.4-12.8 12.8v230.4c0 6.4 6.4 12.8 12.8 12.8zm-192 0h22.4c6.4 0 12.8-6.4 12.8-12.8V140.8c0-6.4-6.4-12.8-12.8-12.8h-22.4c-6.4 0-12.8 6.4-12.8 12.8v198.4c0 6.4 6.4 12.8 12.8 12.8zm96 0h22.4c6.4 0 12.8-6.4 12.8-12.8V204.8c0-6.4-6.4-12.8-12.8-12.8h-22.4c-6.4 0-12.8 6.4-12.8 12.8v134.4c0 6.4 6.4 12.8 12.8 12.8zM496 400H48V80c0-8.84-7.16-16-16-16H16C7.16 64 0 71.16 0 80v336c0 17.67 14.33 32 32 32h464c8.84 0 16-7.16 16-16v-16c0-8.84-7.16-16-16-16zm-387.2-48h22.4c6.4 0 12.8-6.4 12.8-12.8v-70.4c0-6.4-6.4-12.8-12.8-12.8h-22.4c-6.4 0-12.8 6.4-12.8 12.8v70.4c0 6.4 6.4 12.8 12.8 12.8z\" class=\"\"><\/path><\/svg><\/i> <img loading=\"lazy\" decoding=\"async\" width=\"16\" height=\"16\" alt=\"Loading\" src=\"https:\/\/temucotelevision.cl\/web\/wp-content\/plugins\/page-views-count\/ajax-loader-2x.gif\" border=0 \/><\/p>\n<div class=\"pvc_clear\"><\/div>\n<p>Este s\u00e1bado 20 de agosto el primer grupo scout de nuestra regi\u00f3n celebra sus 58 a\u00f1os de historia Fundado el<\/p>\n","protected":false},"author":1,"featured_media":34574,"comment_status":"open","ping_status":"open","sticky":false,"template":"","format":"standard","meta":{"colormag_page_container_layout":"default_layout","colormag_page_sidebar_layout":"default_layout","footnotes":""},"categories":[101],"tags":[5702,5701,288,5703],"class_list":["post-34573","post","type-post","status-publish","format-standard","has-post-thumbnail","hentry","category-actualidad","tag-escultismo","tag-gn7","tag-grupo","tag-scout"],"a3_pvc":{"activated":true,"total_views":183,"today_views":0},"_links":{"self":[{"href":"https:\/\/temucotelevision.cl\/web\/wp-json\/wp\/v2\/posts\/34573","targetHints":{"allow":["GET"]}}],"collection":[{"href":"https:\/\/temucotelevision.cl\/web\/wp-json\/wp\/v2\/posts"}],"about":[{"href":"https:\/\/temucotelevision.cl\/web\/wp-json\/wp\/v2\/types\/post"}],"author":[{"embeddable":true,"href":"https:\/\/temucotelevision.cl\/web\/wp-json\/wp\/v2\/users\/1"}],"replies":[{"embeddable":true,"href":"https:\/\/temucotelevision.cl\/web\/wp-json\/wp\/v2\/comments?post=34573"}],"version-history":[{"count":2,"href":"https:\/\/temucotelevision.cl\/web\/wp-json\/wp\/v2\/posts\/34573\/revisions"}],"predecessor-version":[{"id":34578,"href":"https:\/\/temucotelevision.cl\/web\/wp-json\/wp\/v2\/posts\/34573\/revisions\/34578"}],"wp:featuredmedia":[{"embeddable":true,"href":"https:\/\/temucotelevision.cl\/web\/wp-json\/wp\/v2\/media\/34574"}],"wp:attachment":[{"href":"https:\/\/temucotelevision.cl\/web\/wp-json\/wp\/v2\/media?parent=34573"}],"wp:term":[{"taxonomy":"category","embeddable":true,"href":"https:\/\/temucotelevision.cl\/web\/wp-json\/wp\/v2\/categories?post=34573"},{"taxonomy":"post_tag","embeddable":true,"href":"https:\/\/temucotelevision.cl\/web\/wp-json\/wp\/v2\/tags?post=34573"}],"curies":[{"name":"wp","href":"https:\/\/api.w.org\/{rel}","templated":true}]}}