{"id":34570,"date":"2022-08-18T21:21:17","date_gmt":"2022-08-19T00:21:17","guid":{"rendered":"https:\/\/temucotelevision.cl\/web\/?p=34570"},"modified":"2022-08-18T21:21:17","modified_gmt":"2022-08-19T00:21:17","slug":"que-esta-pasando-fiscal-abbott-diputada-naveillan-emplaza-a-fiscal-nacional-por-declaraciones-de-llaitul","status":"publish","type":"post","link":"https:\/\/temucotelevision.cl\/web\/2022\/08\/18\/que-esta-pasando-fiscal-abbott-diputada-naveillan-emplaza-a-fiscal-nacional-por-declaraciones-de-llaitul\/","title":{"rendered":"\u00bfQu\u00e9 est\u00e1 pasando fiscal Abbott? : Diputada Naveillan emplaza a fiscal nacional por declaraciones de Llaitul"},"content":{"rendered":"<div class=\"pvc_clear\"><\/div><p id=\"pvc_stats_34570\" class=\"pvc_stats total_only  \" data-element-id=\"34570\" style=\"\"><i class=\"pvc-stats-icon large\" aria-hidden=\"true\"><svg aria-hidden=\"true\" focusable=\"false\" data-prefix=\"far\" data-icon=\"chart-bar\" role=\"img\" xmlns=\"http:\/\/www.w3.org\/2000\/svg\" viewBox=\"0 0 512 512\" class=\"svg-inline--fa fa-chart-bar fa-w-16 fa-2x\"><path fill=\"currentColor\" d=\"M396.8 352h22.4c6.4 0 12.8-6.4 12.8-12.8V108.8c0-6.4-6.4-12.8-12.8-12.8h-22.4c-6.4 0-12.8 6.4-12.8 12.8v230.4c0 6.4 6.4 12.8 12.8 12.8zm-192 0h22.4c6.4 0 12.8-6.4 12.8-12.8V140.8c0-6.4-6.4-12.8-12.8-12.8h-22.4c-6.4 0-12.8 6.4-12.8 12.8v198.4c0 6.4 6.4 12.8 12.8 12.8zm96 0h22.4c6.4 0 12.8-6.4 12.8-12.8V204.8c0-6.4-6.4-12.8-12.8-12.8h-22.4c-6.4 0-12.8 6.4-12.8 12.8v134.4c0 6.4 6.4 12.8 12.8 12.8zM496 400H48V80c0-8.84-7.16-16-16-16H16C7.16 64 0 71.16 0 80v336c0 17.67 14.33 32 32 32h464c8.84 0 16-7.16 16-16v-16c0-8.84-7.16-16-16-16zm-387.2-48h22.4c6.4 0 12.8-6.4 12.8-12.8v-70.4c0-6.4-6.4-12.8-12.8-12.8h-22.4c-6.4 0-12.8 6.4-12.8 12.8v70.4c0 6.4 6.4 12.8 12.8 12.8z\" class=\"\"><\/path><\/svg><\/i> <img loading=\"lazy\" decoding=\"async\" width=\"16\" height=\"16\" alt=\"Loading\" src=\"https:\/\/temucotelevision.cl\/web\/wp-content\/plugins\/page-views-count\/ajax-loader-2x.gif\" border=0 \/><\/p><div class=\"pvc_clear\"><\/div>\n<p><em>La diputada emplaz\u00f3 al fiscal nacional tras sus declaraciones frente a la confesi\u00f3n de Llaitul sobre el robo de madera orientada a la compra de armas.\u00a0<\/em><\/p>\n\n\n\n<p><br>La diputada Gloria Naveillan reaccion\u00f3 a las declaraciones del fiscal nacional, Jorge Abbott, quien manifest\u00f3 que \u201cno basta pura y simplemente con que alguien se atribuya una conducta para que inmediatamente el Ministerio P\u00fablico pueda tomar una decisi\u00f3n de formalizaci\u00f3n de una investigaci\u00f3n\u201d, agregando que la confesi\u00f3n en el sistema procesal penal \u201cno tiene ning\u00fan valor\u201d.\u00a0<\/p>\n\n\n\n<p><br>Ante esto la diputada por el distrito 22 de La Araucan\u00eda, Gloria Naveillan, dijo no entender a la autoridad del Ministerio P\u00fablico. \u201cImpresionante las declaraciones del fiscal nacional, diciendo de que no basta que una persona como H\u00e9ctor Llaitul, vocero de una organizaci\u00f3n terrorista, se adjudique atentados, se adjudique robo de madera para comprar armas, lo diga con todas sus letras y no, no basta\u201d.<\/p>\n\n\n\n<p><br>\u201cNo basta con eso para detenerlo, no basta con eso para que el tipo declare. \u00bfQu\u00e9 necesita el fiscal Abbott? Necesita que le graben un video, qu\u00e9 necesita. Me parece una verg\u00fcenza porque se supone que el es la m\u00e1xima autoridad nacional en lo que es investigaci\u00f3n de delitos y de verdad que sus declaraciones, me parece que es lo estar a la altura de hacer las investigaciones que todos estamos exigiendo. Hasta cu\u00e1ndo vamos a permitir que personas como Llaitul, l\u00edderes de organizaciones terroristas hagan lo que quieran y que sencillamente nadie sea capaz de detenerlos al menos para que declaren\u201d, agreg\u00f3 la legisladora.\u00a0<\/p>\n\n\n\n<p><br>La diputada fue m\u00e1s directa a\u00fan: \u201cQu\u00e9 est\u00e1 pasando fiscal Abbott? \u00bfEs porque usted se ir\u00e1 luego? \u00bfEs porque no se atreve? Haga su pega, para eso le pagan\u201d, se\u00f1al\u00f3 Naveillan.<\/p>\n","protected":false},"excerpt":{"rendered":"<div class=\"pvc_clear\"><\/div>\n<p id=\"pvc_stats_34570\" class=\"pvc_stats total_only  \" data-element-id=\"34570\" style=\"\"><i class=\"pvc-stats-icon large\" aria-hidden=\"true\"><svg aria-hidden=\"true\" focusable=\"false\" data-prefix=\"far\" data-icon=\"chart-bar\" role=\"img\" xmlns=\"http:\/\/www.w3.org\/2000\/svg\" viewBox=\"0 0 512 512\" class=\"svg-inline--fa fa-chart-bar fa-w-16 fa-2x\"><path fill=\"currentColor\" d=\"M396.8 352h22.4c6.4 0 12.8-6.4 12.8-12.8V108.8c0-6.4-6.4-12.8-12.8-12.8h-22.4c-6.4 0-12.8 6.4-12.8 12.8v230.4c0 6.4 6.4 12.8 12.8 12.8zm-192 0h22.4c6.4 0 12.8-6.4 12.8-12.8V140.8c0-6.4-6.4-12.8-12.8-12.8h-22.4c-6.4 0-12.8 6.4-12.8 12.8v198.4c0 6.4 6.4 12.8 12.8 12.8zm96 0h22.4c6.4 0 12.8-6.4 12.8-12.8V204.8c0-6.4-6.4-12.8-12.8-12.8h-22.4c-6.4 0-12.8 6.4-12.8 12.8v134.4c0 6.4 6.4 12.8 12.8 12.8zM496 400H48V80c0-8.84-7.16-16-16-16H16C7.16 64 0 71.16 0 80v336c0 17.67 14.33 32 32 32h464c8.84 0 16-7.16 16-16v-16c0-8.84-7.16-16-16-16zm-387.2-48h22.4c6.4 0 12.8-6.4 12.8-12.8v-70.4c0-6.4-6.4-12.8-12.8-12.8h-22.4c-6.4 0-12.8 6.4-12.8 12.8v70.4c0 6.4 6.4 12.8 12.8 12.8z\" class=\"\"><\/path><\/svg><\/i> <img loading=\"lazy\" decoding=\"async\" width=\"16\" height=\"16\" alt=\"Loading\" src=\"https:\/\/temucotelevision.cl\/web\/wp-content\/plugins\/page-views-count\/ajax-loader-2x.gif\" border=0 \/><\/p>\n<div class=\"pvc_clear\"><\/div>\n<p>La diputada emplaz\u00f3 al fiscal nacional tras sus declaraciones frente a la confesi\u00f3n de Llaitul sobre el robo de madera<\/p>\n","protected":false},"author":1,"featured_media":34571,"comment_status":"open","ping_status":"open","sticky":false,"template":"","format":"standard","meta":{"colormag_page_container_layout":"default_layout","colormag_page_sidebar_layout":"default_layout","footnotes":""},"categories":[84],"tags":[1796,788,1009,2149,5367],"class_list":["post-34570","post","type-post","status-publish","format-standard","has-post-thumbnail","hentry","category-politica","tag-declaraciones","tag-diputada","tag-fiscal","tag-llaitul","tag-naveillan"],"a3_pvc":{"activated":true,"total_views":46,"today_views":0},"_links":{"self":[{"href":"https:\/\/temucotelevision.cl\/web\/wp-json\/wp\/v2\/posts\/34570","targetHints":{"allow":["GET"]}}],"collection":[{"href":"https:\/\/temucotelevision.cl\/web\/wp-json\/wp\/v2\/posts"}],"about":[{"href":"https:\/\/temucotelevision.cl\/web\/wp-json\/wp\/v2\/types\/post"}],"author":[{"embeddable":true,"href":"https:\/\/temucotelevision.cl\/web\/wp-json\/wp\/v2\/users\/1"}],"replies":[{"embeddable":true,"href":"https:\/\/temucotelevision.cl\/web\/wp-json\/wp\/v2\/comments?post=34570"}],"version-history":[{"count":1,"href":"https:\/\/temucotelevision.cl\/web\/wp-json\/wp\/v2\/posts\/34570\/revisions"}],"predecessor-version":[{"id":34572,"href":"https:\/\/temucotelevision.cl\/web\/wp-json\/wp\/v2\/posts\/34570\/revisions\/34572"}],"wp:featuredmedia":[{"embeddable":true,"href":"https:\/\/temucotelevision.cl\/web\/wp-json\/wp\/v2\/media\/34571"}],"wp:attachment":[{"href":"https:\/\/temucotelevision.cl\/web\/wp-json\/wp\/v2\/media?parent=34570"}],"wp:term":[{"taxonomy":"category","embeddable":true,"href":"https:\/\/temucotelevision.cl\/web\/wp-json\/wp\/v2\/categories?post=34570"},{"taxonomy":"post_tag","embeddable":true,"href":"https:\/\/temucotelevision.cl\/web\/wp-json\/wp\/v2\/tags?post=34570"}],"curies":[{"name":"wp","href":"https:\/\/api.w.org\/{rel}","templated":true}]}}