{"id":34564,"date":"2022-08-18T21:35:18","date_gmt":"2022-08-19T00:35:18","guid":{"rendered":"https:\/\/temucotelevision.cl\/web\/?p=34564"},"modified":"2022-08-18T21:35:19","modified_gmt":"2022-08-19T00:35:19","slug":"velita-el-nuevo-single-de-felipe-grandon","status":"publish","type":"post","link":"https:\/\/temucotelevision.cl\/web\/2022\/08\/18\/velita-el-nuevo-single-de-felipe-grandon\/","title":{"rendered":"&#8220;velita&#8221;: el nuevo single de Felipe Grand\u00f3n"},"content":{"rendered":"<div class=\"pvc_clear\"><\/div><p id=\"pvc_stats_34564\" class=\"pvc_stats total_only  \" data-element-id=\"34564\" style=\"\"><i class=\"pvc-stats-icon large\" aria-hidden=\"true\"><svg aria-hidden=\"true\" focusable=\"false\" data-prefix=\"far\" data-icon=\"chart-bar\" role=\"img\" xmlns=\"http:\/\/www.w3.org\/2000\/svg\" viewBox=\"0 0 512 512\" class=\"svg-inline--fa fa-chart-bar fa-w-16 fa-2x\"><path fill=\"currentColor\" d=\"M396.8 352h22.4c6.4 0 12.8-6.4 12.8-12.8V108.8c0-6.4-6.4-12.8-12.8-12.8h-22.4c-6.4 0-12.8 6.4-12.8 12.8v230.4c0 6.4 6.4 12.8 12.8 12.8zm-192 0h22.4c6.4 0 12.8-6.4 12.8-12.8V140.8c0-6.4-6.4-12.8-12.8-12.8h-22.4c-6.4 0-12.8 6.4-12.8 12.8v198.4c0 6.4 6.4 12.8 12.8 12.8zm96 0h22.4c6.4 0 12.8-6.4 12.8-12.8V204.8c0-6.4-6.4-12.8-12.8-12.8h-22.4c-6.4 0-12.8 6.4-12.8 12.8v134.4c0 6.4 6.4 12.8 12.8 12.8zM496 400H48V80c0-8.84-7.16-16-16-16H16C7.16 64 0 71.16 0 80v336c0 17.67 14.33 32 32 32h464c8.84 0 16-7.16 16-16v-16c0-8.84-7.16-16-16-16zm-387.2-48h22.4c6.4 0 12.8-6.4 12.8-12.8v-70.4c0-6.4-6.4-12.8-12.8-12.8h-22.4c-6.4 0-12.8 6.4-12.8 12.8v70.4c0 6.4 6.4 12.8 12.8 12.8z\" class=\"\"><\/path><\/svg><\/i> <img loading=\"lazy\" decoding=\"async\" width=\"16\" height=\"16\" alt=\"Loading\" src=\"https:\/\/temucotelevision.cl\/web\/wp-content\/plugins\/page-views-count\/ajax-loader-2x.gif\" border=0 \/><\/p><div class=\"pvc_clear\"><\/div>\n<p><strong>Es agosto y aparece \u201cvelita\u201d, una canci\u00f3n cercana al indie ac\u00fastico y folk alternativo. Se acompa\u00f1a de un clip cinematogr\u00e1fico, inspirado en \u201cLa forma del agua\u201d (Guillermo del Toro), \u201cEl maquinista\u201d (Brad Anderson), \u201cHombre mirando al sudeste\u201d (Eliseo Subiela), entre otras. Emerge como una atm\u00f3sfera de p\u00e9rdida espiritual narrada en im\u00e1genes y lugares \u201c\u00e9l dej\u00f3 la ausencia, relevando a la existencia, \u00e9l ya ha dejado todo\u2026\u201d &nbsp;Corresponde al \u00faltimo adelanto de \u201cnevada\u201d el nuevo LP de Felipe Grand\u00f3n, quien muestra lo m\u00e1s ac\u00fastico de toda su carrera.<\/strong><\/p>\n\n\n\n<p><strong>\u201cvelita\u201d <\/strong>fue producida y arreglada por el destacado m\u00fasico Andr\u00e9s Celis, (Ana Tijoux, Apok\u00e1lipo), y grabada en <strong>Santiago Records<\/strong>. El videoclip estuvo protagonizado por el actor-bailar\u00edn <strong>Vicente Almuna<\/strong> quien a trav\u00e9s de una interpretaci\u00f3n libre en formato de danza contempor\u00e1nea, aborda de manera sensorial los ambientes de la canci\u00f3n.&nbsp;<\/p>\n\n\n\n<p>Se destaca la cinematograf\u00eda, la fotograf\u00eda y el arte del v\u00eddeo, decisiones a cargo de <strong>Arrecife Estudio<\/strong> y bajo la direcci\u00f3n de <strong>Fredy Soto <\/strong>\u201cFue un trabajo <strong>muy liberador en el sentido del gui\u00f3n y la propuesta visual. Se intent\u00f3 ir m\u00e1s all\u00e1 de los videos musicales tradicionales haciendo algunos gui\u00f1os est\u00e9ticos a films de ciencia ficci\u00f3n\u201d.&nbsp;<\/strong><\/p>\n\n\n\n<p>\u201cvelita\u201d se suma a \u201clas micros\u201d y \u201cde los amigos\u201d, la tr\u00edada m\u00e1s intimista del cantautor nacional, incluidos en \u201cnevada\u201d, disco larga duraci\u00f3n con registros m\u00e1s ac\u00fasticos, \u201ccon harta presencia de sintes, synth bass, guitarra cl\u00e1sica y melod\u00edas vocales\u201d. Ser\u00e1 liberado en los pr\u00f3ximos meses.<\/p>\n\n\n\n<p>Su primer disco &#8220;La Bot\u00e1nica del Asfalto&#8221; (2013) producido por Javier Barr\u00eda. Le sigue &#8220;Atentado&#8221; (2016) LP cargado al rock y las guitarras el\u00e9ctricas. En Mayo del 2017 su single <strong>&#8220;Maltrecho&#8221; gana la categor\u00eda a mejor videoclip de los premios Pulsar<\/strong>. En&nbsp; 2018 promociona los singles \u201cEl D\u00eda D\u201d y \u201cDiagonal Paraguay\u201d producido por Andr\u00e9s Celis. \u201cvelita\u201d ya se encuentra disponible en todas las plataformas de descarga digital.&nbsp;<\/p>\n\n\n\n<p><\/p>\n\n\n\n<figure class=\"wp-block-embed is-type-video is-provider-youtube wp-block-embed-youtube wp-embed-aspect-16-9 wp-has-aspect-ratio\"><div class=\"wp-block-embed__wrapper\">\n<div class=\"epyt-video-wrapper\"><iframe loading=\"lazy\"  id=\"_ytid_64799\"  width=\"800\" height=\"450\"  data-origwidth=\"800\" data-origheight=\"450\" src=\"https:\/\/www.youtube.com\/embed\/o1RRWds24BA?enablejsapi=1&#038;autoplay=0&#038;cc_load_policy=0&#038;cc_lang_pref=&#038;iv_load_policy=1&#038;loop=0&#038;rel=1&#038;fs=1&#038;playsinline=0&#038;autohide=2&#038;theme=dark&#038;color=red&#038;controls=1&#038;disablekb=0&#038;\" class=\"__youtube_prefs__  epyt-is-override  no-lazyload\" title=\"YouTube player\"  allow=\"fullscreen; accelerometer; autoplay; clipboard-write; encrypted-media; gyroscope; picture-in-picture; web-share\" referrerpolicy=\"strict-origin-when-cross-origin\" allowfullscreen data-no-lazy=\"1\" data-skipgform_ajax_framebjll=\"\"><\/iframe><\/div>\n<\/div><\/figure>\n","protected":false},"excerpt":{"rendered":"<div class=\"pvc_clear\"><\/div>\n<p id=\"pvc_stats_34564\" class=\"pvc_stats total_only  \" data-element-id=\"34564\" style=\"\"><i class=\"pvc-stats-icon large\" aria-hidden=\"true\"><svg aria-hidden=\"true\" focusable=\"false\" data-prefix=\"far\" data-icon=\"chart-bar\" role=\"img\" xmlns=\"http:\/\/www.w3.org\/2000\/svg\" viewBox=\"0 0 512 512\" class=\"svg-inline--fa fa-chart-bar fa-w-16 fa-2x\"><path fill=\"currentColor\" d=\"M396.8 352h22.4c6.4 0 12.8-6.4 12.8-12.8V108.8c0-6.4-6.4-12.8-12.8-12.8h-22.4c-6.4 0-12.8 6.4-12.8 12.8v230.4c0 6.4 6.4 12.8 12.8 12.8zm-192 0h22.4c6.4 0 12.8-6.4 12.8-12.8V140.8c0-6.4-6.4-12.8-12.8-12.8h-22.4c-6.4 0-12.8 6.4-12.8 12.8v198.4c0 6.4 6.4 12.8 12.8 12.8zm96 0h22.4c6.4 0 12.8-6.4 12.8-12.8V204.8c0-6.4-6.4-12.8-12.8-12.8h-22.4c-6.4 0-12.8 6.4-12.8 12.8v134.4c0 6.4 6.4 12.8 12.8 12.8zM496 400H48V80c0-8.84-7.16-16-16-16H16C7.16 64 0 71.16 0 80v336c0 17.67 14.33 32 32 32h464c8.84 0 16-7.16 16-16v-16c0-8.84-7.16-16-16-16zm-387.2-48h22.4c6.4 0 12.8-6.4 12.8-12.8v-70.4c0-6.4-6.4-12.8-12.8-12.8h-22.4c-6.4 0-12.8 6.4-12.8 12.8v70.4c0 6.4 6.4 12.8 12.8 12.8z\" class=\"\"><\/path><\/svg><\/i> <img loading=\"lazy\" decoding=\"async\" width=\"16\" height=\"16\" alt=\"Loading\" src=\"https:\/\/temucotelevision.cl\/web\/wp-content\/plugins\/page-views-count\/ajax-loader-2x.gif\" border=0 \/><\/p>\n<div class=\"pvc_clear\"><\/div>\n<p>Es agosto y aparece \u201cvelita\u201d, una canci\u00f3n cercana al indie ac\u00fastico y folk alternativo. Se acompa\u00f1a de un clip cinematogr\u00e1fico,<\/p>\n","protected":false},"author":1,"featured_media":34579,"comment_status":"open","ping_status":"open","sticky":false,"template":"","format":"standard","meta":{"colormag_page_container_layout":"default_layout","colormag_page_sidebar_layout":"default_layout","footnotes":""},"categories":[369],"tags":[],"class_list":["post-34564","post","type-post","status-publish","format-standard","has-post-thumbnail","hentry","category-musica"],"a3_pvc":{"activated":true,"total_views":54,"today_views":0},"_links":{"self":[{"href":"https:\/\/temucotelevision.cl\/web\/wp-json\/wp\/v2\/posts\/34564","targetHints":{"allow":["GET"]}}],"collection":[{"href":"https:\/\/temucotelevision.cl\/web\/wp-json\/wp\/v2\/posts"}],"about":[{"href":"https:\/\/temucotelevision.cl\/web\/wp-json\/wp\/v2\/types\/post"}],"author":[{"embeddable":true,"href":"https:\/\/temucotelevision.cl\/web\/wp-json\/wp\/v2\/users\/1"}],"replies":[{"embeddable":true,"href":"https:\/\/temucotelevision.cl\/web\/wp-json\/wp\/v2\/comments?post=34564"}],"version-history":[{"count":2,"href":"https:\/\/temucotelevision.cl\/web\/wp-json\/wp\/v2\/posts\/34564\/revisions"}],"predecessor-version":[{"id":34581,"href":"https:\/\/temucotelevision.cl\/web\/wp-json\/wp\/v2\/posts\/34564\/revisions\/34581"}],"wp:featuredmedia":[{"embeddable":true,"href":"https:\/\/temucotelevision.cl\/web\/wp-json\/wp\/v2\/media\/34579"}],"wp:attachment":[{"href":"https:\/\/temucotelevision.cl\/web\/wp-json\/wp\/v2\/media?parent=34564"}],"wp:term":[{"taxonomy":"category","embeddable":true,"href":"https:\/\/temucotelevision.cl\/web\/wp-json\/wp\/v2\/categories?post=34564"},{"taxonomy":"post_tag","embeddable":true,"href":"https:\/\/temucotelevision.cl\/web\/wp-json\/wp\/v2\/tags?post=34564"}],"curies":[{"name":"wp","href":"https:\/\/api.w.org\/{rel}","templated":true}]}}