{"id":34555,"date":"2022-08-18T18:24:25","date_gmt":"2022-08-18T21:24:25","guid":{"rendered":"https:\/\/temucotelevision.cl\/web\/?p=34555"},"modified":"2022-08-18T18:30:40","modified_gmt":"2022-08-18T21:30:40","slug":"nuevo-golpe-al-narcotrafico-carabineros-del-os-7-araucania-decomisan-11-kilos-de-droga-en-control-carretero-droga-avaluada-en-111-000-000","status":"publish","type":"post","link":"https:\/\/temucotelevision.cl\/web\/2022\/08\/18\/nuevo-golpe-al-narcotrafico-carabineros-del-os-7-araucania-decomisan-11-kilos-de-droga-en-control-carretero-droga-avaluada-en-111-000-000\/","title":{"rendered":"Nuevo golpe al narcotr\u00e1fico: Carabineros del OS-7 Araucan\u00eda decomisan 11 kilos de droga en control carretero, droga avaluada en $111.000.000"},"content":{"rendered":"<div class=\"pvc_clear\"><\/div><p id=\"pvc_stats_34555\" class=\"pvc_stats total_only  \" data-element-id=\"34555\" style=\"\"><i class=\"pvc-stats-icon large\" aria-hidden=\"true\"><svg aria-hidden=\"true\" focusable=\"false\" data-prefix=\"far\" data-icon=\"chart-bar\" role=\"img\" xmlns=\"http:\/\/www.w3.org\/2000\/svg\" viewBox=\"0 0 512 512\" class=\"svg-inline--fa fa-chart-bar fa-w-16 fa-2x\"><path fill=\"currentColor\" d=\"M396.8 352h22.4c6.4 0 12.8-6.4 12.8-12.8V108.8c0-6.4-6.4-12.8-12.8-12.8h-22.4c-6.4 0-12.8 6.4-12.8 12.8v230.4c0 6.4 6.4 12.8 12.8 12.8zm-192 0h22.4c6.4 0 12.8-6.4 12.8-12.8V140.8c0-6.4-6.4-12.8-12.8-12.8h-22.4c-6.4 0-12.8 6.4-12.8 12.8v198.4c0 6.4 6.4 12.8 12.8 12.8zm96 0h22.4c6.4 0 12.8-6.4 12.8-12.8V204.8c0-6.4-6.4-12.8-12.8-12.8h-22.4c-6.4 0-12.8 6.4-12.8 12.8v134.4c0 6.4 6.4 12.8 12.8 12.8zM496 400H48V80c0-8.84-7.16-16-16-16H16C7.16 64 0 71.16 0 80v336c0 17.67 14.33 32 32 32h464c8.84 0 16-7.16 16-16v-16c0-8.84-7.16-16-16-16zm-387.2-48h22.4c6.4 0 12.8-6.4 12.8-12.8v-70.4c0-6.4-6.4-12.8-12.8-12.8h-22.4c-6.4 0-12.8 6.4-12.8 12.8v70.4c0 6.4 6.4 12.8 12.8 12.8z\" class=\"\"><\/path><\/svg><\/i> <img loading=\"lazy\" decoding=\"async\" width=\"16\" height=\"16\" alt=\"Loading\" src=\"https:\/\/temucotelevision.cl\/web\/wp-content\/plugins\/page-views-count\/ajax-loader-2x.gif\" border=0 \/><\/p><div class=\"pvc_clear\"><\/div>\n<p>Detenido de 25 a\u00f1os de edad evadi\u00f3 el control policial a gran velocidad, volcando en el acceso norte a Perquenco. Perro policial Elier, detect\u00f3 en el veh\u00edculo la droga avaluada en $111.000.000.<\/p>\n\n\n\n<p>Un nuevo golpe al narcotr\u00e1fico en la Regi\u00f3n asest\u00f3 Carabineros del OS-7 \u201cAraucan\u00eda\u201d durante esta madrugada. Esta vez, se incautaron 11 kilos de droga en medio de un control carretero en el marco de servicios planificados para la prevenci\u00f3n de il\u00edcitos en la Ruta 5 Sur.<\/p>\n\n\n\n<p>El conductor, en los instantes en que era fiscalizado y al notar la presencia del can antidrogas Elier, se dio a la fuga a gran velocidad, intentando ingresar a la comuna de Perquenco por el acceso norte, perdiendo en la arriesgada maniobra el control del veh\u00edculo, volcando a un costado de la ruta.<\/p>\n\n\n\n<p>Carabineros, procedi\u00f3 de inmediato a la detenci\u00f3n del ahora imputado y con el perro policial Elier, realizaron un circuito de b\u00fasqueda por el autom\u00f3vil hallando en el portamaletas 3 bolsos los que conten\u00eda 14 paquetes cubiertos con papel alusa.<\/p>\n\n\n\n<p>Estos, conten\u00edan 11 kilos 105 gramos de marihuana elaborada, equivalente a 22.210 dosis de la droga que gracias al trabajo de OS-7 quedaron fuera de circulaci\u00f3n, lo que afecta en $111.000.000 al patrimonio de narcotraficantes.<\/p>\n\n\n\n<p>El General Manuel Cifuentes, Jefe de la IX Zona de Carabineros \u201cAraucan\u00eda\u201d, confirm\u00f3 que el procedimiento policial se gest\u00f3 en el marco de la estrategia de seguridad y control que despliega la polic\u00eda en la Ruta 5 Sur para prevenir delitos. \u201cEl sujeto al advertir que iba a ser controlado por el ejemplar canino que conforme a su adiestramiento clara e inequ\u00edvocamente iba a detectar la presencia de drogas que transportaba en el maletero del veh\u00edculo, opta por darse a la fuga por lo cual Carabineros realiza un seguimiento controlado, a partir de ello, el sujeto pierde el control del veh\u00edculo y es detenido junto con verificar que en el portamaletas trasladaba bolsos y distintos contenedores que totalizan m\u00e1s 11 kilos de marihuana\u201d, afirm\u00f3 el General, precisando que se trata de droga de un alto valor \u201cpor cuanto se trata de las sumidades floridas de la marihuana, conocidas en la jerga de los consumidores problem\u00e1ticos de drogas como cogollos\u201d.<\/p>\n\n\n\n<p>En tanto, el Fiscal Miguel Vel\u00e1squez, de la Fiscal\u00eda local de Lautaro, explic\u00f3 que \u201ctodo esto se enmarca en el trabajo conjunto que est\u00e1 realizando Carabineros con la Fiscal\u00eda de Lautaro para atacar tanto el tr\u00e1fico desde otras regiones como el tr\u00e1fico en peque\u00f1as cantidades (\u2026) es la pol\u00edtica de prevenci\u00f3n, b\u00fasqueda, ataque y enjuiciamiento de los imputados, va en la l\u00ednea de la pol\u00edtica de persecuci\u00f3n criminal que ha sido dirigida por el Fiscal Nacional y recogida por las polic\u00edas\u201d.<\/p>\n\n\n\n<p>Finalmente, Francisco Vega, Coordinador Regional de Seguridad P\u00fablica, agreg\u00f3 que \u201ccomo Gobierno valoramos mucho el trabajo realizado por Carabineros en dos \u00e1mbitos, primero lo que son este tipo de acciones que generan un impacto en el crimen organizado, pero tambi\u00e9n comprender que esta estrategia nacional implica un trabajo focalizado en t\u00e9rminos de microtr\u00e1fico\u201d.<\/p>\n\n\n\n<p>El detenido, fue presentado en esta jornada a la audiencia de control de la detenci\u00f3n logrando la Fiscal\u00eda prisi\u00f3n preventiva en su contra y un plazo de investigaci\u00f3n de cuatro meses.<\/p>\n\n\n\n<div class=\"wp-block-media-text is-stacked-on-mobile\"><figure class=\"wp-block-media-text__media\"><video controls src=\"https:\/\/temucotelevision.cl\/web\/wp-content\/uploads\/2022\/08\/Detencion-Droga.mp4\"><\/video><\/figure><div class=\"wp-block-media-text__content\">\n<p class=\"has-large-font-size\"><\/p>\n<\/div><\/div>\n\n\n\n<figure class=\"wp-block-image size-large\"><img loading=\"lazy\" decoding=\"async\" width=\"1024\" height=\"768\" src=\"https:\/\/temucotelevision.cl\/web\/wp-content\/uploads\/2022\/08\/Droga5-1024x768.jpg\" alt=\"\" class=\"wp-image-34560\" srcset=\"https:\/\/temucotelevision.cl\/web\/wp-content\/uploads\/2022\/08\/Droga5-1024x768.jpg 1024w, https:\/\/temucotelevision.cl\/web\/wp-content\/uploads\/2022\/08\/Droga5-768x576.jpg 768w, https:\/\/temucotelevision.cl\/web\/wp-content\/uploads\/2022\/08\/Droga5-1536x1152.jpg 1536w, https:\/\/temucotelevision.cl\/web\/wp-content\/uploads\/2022\/08\/Droga5.jpg 1600w\" sizes=\"auto, (max-width: 1024px) 100vw, 1024px\" \/><\/figure>\n\n\n\n<figure class=\"wp-block-image size-large\"><img loading=\"lazy\" decoding=\"async\" width=\"1024\" height=\"737\" src=\"https:\/\/temucotelevision.cl\/web\/wp-content\/uploads\/2022\/08\/Droga3-1024x737.jpg\" alt=\"\" class=\"wp-image-34561\" srcset=\"https:\/\/temucotelevision.cl\/web\/wp-content\/uploads\/2022\/08\/Droga3-1024x737.jpg 1024w, https:\/\/temucotelevision.cl\/web\/wp-content\/uploads\/2022\/08\/Droga3-768x553.jpg 768w, https:\/\/temucotelevision.cl\/web\/wp-content\/uploads\/2022\/08\/Droga3-1536x1106.jpg 1536w, https:\/\/temucotelevision.cl\/web\/wp-content\/uploads\/2022\/08\/Droga3.jpg 1600w\" sizes=\"auto, (max-width: 1024px) 100vw, 1024px\" \/><\/figure>\n","protected":false},"excerpt":{"rendered":"<div class=\"pvc_clear\"><\/div>\n<p id=\"pvc_stats_34555\" class=\"pvc_stats total_only  \" data-element-id=\"34555\" style=\"\"><i class=\"pvc-stats-icon large\" aria-hidden=\"true\"><svg aria-hidden=\"true\" focusable=\"false\" data-prefix=\"far\" data-icon=\"chart-bar\" role=\"img\" xmlns=\"http:\/\/www.w3.org\/2000\/svg\" viewBox=\"0 0 512 512\" class=\"svg-inline--fa fa-chart-bar fa-w-16 fa-2x\"><path fill=\"currentColor\" d=\"M396.8 352h22.4c6.4 0 12.8-6.4 12.8-12.8V108.8c0-6.4-6.4-12.8-12.8-12.8h-22.4c-6.4 0-12.8 6.4-12.8 12.8v230.4c0 6.4 6.4 12.8 12.8 12.8zm-192 0h22.4c6.4 0 12.8-6.4 12.8-12.8V140.8c0-6.4-6.4-12.8-12.8-12.8h-22.4c-6.4 0-12.8 6.4-12.8 12.8v198.4c0 6.4 6.4 12.8 12.8 12.8zm96 0h22.4c6.4 0 12.8-6.4 12.8-12.8V204.8c0-6.4-6.4-12.8-12.8-12.8h-22.4c-6.4 0-12.8 6.4-12.8 12.8v134.4c0 6.4 6.4 12.8 12.8 12.8zM496 400H48V80c0-8.84-7.16-16-16-16H16C7.16 64 0 71.16 0 80v336c0 17.67 14.33 32 32 32h464c8.84 0 16-7.16 16-16v-16c0-8.84-7.16-16-16-16zm-387.2-48h22.4c6.4 0 12.8-6.4 12.8-12.8v-70.4c0-6.4-6.4-12.8-12.8-12.8h-22.4c-6.4 0-12.8 6.4-12.8 12.8v70.4c0 6.4 6.4 12.8 12.8 12.8z\" class=\"\"><\/path><\/svg><\/i> <img loading=\"lazy\" decoding=\"async\" width=\"16\" height=\"16\" alt=\"Loading\" src=\"https:\/\/temucotelevision.cl\/web\/wp-content\/plugins\/page-views-count\/ajax-loader-2x.gif\" border=0 \/><\/p>\n<div class=\"pvc_clear\"><\/div>\n<p>Detenido de 25 a\u00f1os de edad evadi\u00f3 el control policial a gran velocidad, volcando en el acceso norte a Perquenco.<\/p>\n","protected":false},"author":1,"featured_media":34556,"comment_status":"open","ping_status":"open","sticky":false,"template":"","format":"standard","meta":{"colormag_page_container_layout":"default_layout","colormag_page_sidebar_layout":"default_layout","footnotes":""},"categories":[15,16],"tags":[125,960,776,158,160],"class_list":["post-34555","post","type-post","status-publish","format-standard","has-post-thumbnail","hentry","category-la-araucania","category-policial","tag-carabineros","tag-control","tag-decomiso","tag-droga","tag-os7"],"a3_pvc":{"activated":true,"total_views":121,"today_views":0},"_links":{"self":[{"href":"https:\/\/temucotelevision.cl\/web\/wp-json\/wp\/v2\/posts\/34555","targetHints":{"allow":["GET"]}}],"collection":[{"href":"https:\/\/temucotelevision.cl\/web\/wp-json\/wp\/v2\/posts"}],"about":[{"href":"https:\/\/temucotelevision.cl\/web\/wp-json\/wp\/v2\/types\/post"}],"author":[{"embeddable":true,"href":"https:\/\/temucotelevision.cl\/web\/wp-json\/wp\/v2\/users\/1"}],"replies":[{"embeddable":true,"href":"https:\/\/temucotelevision.cl\/web\/wp-json\/wp\/v2\/comments?post=34555"}],"version-history":[{"count":3,"href":"https:\/\/temucotelevision.cl\/web\/wp-json\/wp\/v2\/posts\/34555\/revisions"}],"predecessor-version":[{"id":34563,"href":"https:\/\/temucotelevision.cl\/web\/wp-json\/wp\/v2\/posts\/34555\/revisions\/34563"}],"wp:featuredmedia":[{"embeddable":true,"href":"https:\/\/temucotelevision.cl\/web\/wp-json\/wp\/v2\/media\/34556"}],"wp:attachment":[{"href":"https:\/\/temucotelevision.cl\/web\/wp-json\/wp\/v2\/media?parent=34555"}],"wp:term":[{"taxonomy":"category","embeddable":true,"href":"https:\/\/temucotelevision.cl\/web\/wp-json\/wp\/v2\/categories?post=34555"},{"taxonomy":"post_tag","embeddable":true,"href":"https:\/\/temucotelevision.cl\/web\/wp-json\/wp\/v2\/tags?post=34555"}],"curies":[{"name":"wp","href":"https:\/\/api.w.org\/{rel}","templated":true}]}}