{"id":3455,"date":"2019-05-06T10:28:53","date_gmt":"2019-05-06T13:28:53","guid":{"rendered":"https:\/\/temucotelevision.cl\/web\/?p=3455"},"modified":"2019-05-06T10:30:04","modified_gmt":"2019-05-06T13:30:04","slug":"caso-catrillanca-corte-de-temuco-decidio-no-sobreseer-a-adolescente-que-acompanaba-a-comunero","status":"publish","type":"post","link":"https:\/\/temucotelevision.cl\/web\/2019\/05\/06\/caso-catrillanca-corte-de-temuco-decidio-no-sobreseer-a-adolescente-que-acompanaba-a-comunero\/","title":{"rendered":"Caso Catrillanca: Corte de Temuco decidi\u00f3 no sobreseer a adolescente investigado como autor de recepci\u00f3n"},"content":{"rendered":"<div class=\"pvc_clear\"><\/div>\n<p id=\"pvc_stats_3455\" class=\"pvc_stats total_only  \" data-element-id=\"3455\" style=\"\"><i class=\"pvc-stats-icon large\" aria-hidden=\"true\"><svg aria-hidden=\"true\" focusable=\"false\" data-prefix=\"far\" data-icon=\"chart-bar\" role=\"img\" xmlns=\"http:\/\/www.w3.org\/2000\/svg\" viewBox=\"0 0 512 512\" class=\"svg-inline--fa fa-chart-bar fa-w-16 fa-2x\"><path fill=\"currentColor\" d=\"M396.8 352h22.4c6.4 0 12.8-6.4 12.8-12.8V108.8c0-6.4-6.4-12.8-12.8-12.8h-22.4c-6.4 0-12.8 6.4-12.8 12.8v230.4c0 6.4 6.4 12.8 12.8 12.8zm-192 0h22.4c6.4 0 12.8-6.4 12.8-12.8V140.8c0-6.4-6.4-12.8-12.8-12.8h-22.4c-6.4 0-12.8 6.4-12.8 12.8v198.4c0 6.4 6.4 12.8 12.8 12.8zm96 0h22.4c6.4 0 12.8-6.4 12.8-12.8V204.8c0-6.4-6.4-12.8-12.8-12.8h-22.4c-6.4 0-12.8 6.4-12.8 12.8v134.4c0 6.4 6.4 12.8 12.8 12.8zM496 400H48V80c0-8.84-7.16-16-16-16H16C7.16 64 0 71.16 0 80v336c0 17.67 14.33 32 32 32h464c8.84 0 16-7.16 16-16v-16c0-8.84-7.16-16-16-16zm-387.2-48h22.4c6.4 0 12.8-6.4 12.8-12.8v-70.4c0-6.4-6.4-12.8-12.8-12.8h-22.4c-6.4 0-12.8 6.4-12.8 12.8v70.4c0 6.4 6.4 12.8 12.8 12.8z\" class=\"\"><\/path><\/svg><\/i> <img loading=\"lazy\" decoding=\"async\" width=\"16\" height=\"16\" alt=\"Loading\" src=\"https:\/\/temucotelevision.cl\/web\/wp-content\/plugins\/page-views-count\/ajax-loader-2x.gif\" border=0 \/><\/p>\n<div class=\"pvc_clear\"><\/div>\n<p style=\"text-align: justify;\">La Corte de Apelaciones de Temuco rechaz\u00f3 recurso de apelaci\u00f3n presentado por la defensa del adolescente mapuche M.A.P.C., contra quien el Ministerio P\u00fablico formaliz\u00f3 indagatoria, como autor del delito de receptaci\u00f3n de veh\u00edculo motorizado. Il\u00edcito supuestamente perpetrado el 14 de noviembre del a\u00f1o pasado, en el cruce Quechereguas, en la comuna de Ercilla, y que dio origen al denominado caso Catrillanca.<\/p>\n<p style=\"text-align: justify;\">En fallo un\u00e1nime, la Segunda Sala del tribunal de alzada \u2013integrada por los ministros Aner Padilla Buzada, Mar\u00eda Elena Llanos Morales y la abogada integrante Hellen Pacheco Cornejo\u2013 confirm\u00f3 la resoluci\u00f3n impugnada, dictada el pasado 25 de abril por el Juzgado de Garant\u00eda de Collipulli, que acogi\u00f3 el no perseverar comunicado por el Ministerio P\u00fablico y, consecuentemente, dej\u00f3 sin efecto la formalizaci\u00f3n de la causa, registrada el 15 de noviembre del a\u00f1o pasado.<\/p>\n<p style=\"text-align: justify;\">\u201cAtendido el m\u00e9rito de los antecedentes, lo expuesto por los intervinientes en audiencia, compartiendo esta Corte los fundamentos que tuvo en vista el Tribunal A Quo, SE CONFIRMA la resoluci\u00f3n apelada de fecha cuatro de abril de dos mil diecinueve, que no dio lugar a la solicitud de sobreseimiento definitivo respecto del imputado M.A.P.C.\u201d, concluye el fallo.<\/p>\n","protected":false},"excerpt":{"rendered":"<div class=\"pvc_clear\"><\/div>\n<p id=\"pvc_stats_3455\" class=\"pvc_stats total_only  \" data-element-id=\"3455\" style=\"\"><i class=\"pvc-stats-icon large\" aria-hidden=\"true\"><svg aria-hidden=\"true\" focusable=\"false\" data-prefix=\"far\" data-icon=\"chart-bar\" role=\"img\" xmlns=\"http:\/\/www.w3.org\/2000\/svg\" viewBox=\"0 0 512 512\" class=\"svg-inline--fa fa-chart-bar fa-w-16 fa-2x\"><path fill=\"currentColor\" d=\"M396.8 352h22.4c6.4 0 12.8-6.4 12.8-12.8V108.8c0-6.4-6.4-12.8-12.8-12.8h-22.4c-6.4 0-12.8 6.4-12.8 12.8v230.4c0 6.4 6.4 12.8 12.8 12.8zm-192 0h22.4c6.4 0 12.8-6.4 12.8-12.8V140.8c0-6.4-6.4-12.8-12.8-12.8h-22.4c-6.4 0-12.8 6.4-12.8 12.8v198.4c0 6.4 6.4 12.8 12.8 12.8zm96 0h22.4c6.4 0 12.8-6.4 12.8-12.8V204.8c0-6.4-6.4-12.8-12.8-12.8h-22.4c-6.4 0-12.8 6.4-12.8 12.8v134.4c0 6.4 6.4 12.8 12.8 12.8zM496 400H48V80c0-8.84-7.16-16-16-16H16C7.16 64 0 71.16 0 80v336c0 17.67 14.33 32 32 32h464c8.84 0 16-7.16 16-16v-16c0-8.84-7.16-16-16-16zm-387.2-48h22.4c6.4 0 12.8-6.4 12.8-12.8v-70.4c0-6.4-6.4-12.8-12.8-12.8h-22.4c-6.4 0-12.8 6.4-12.8 12.8v70.4c0 6.4 6.4 12.8 12.8 12.8z\" class=\"\"><\/path><\/svg><\/i> <img loading=\"lazy\" decoding=\"async\" width=\"16\" height=\"16\" alt=\"Loading\" src=\"https:\/\/temucotelevision.cl\/web\/wp-content\/plugins\/page-views-count\/ajax-loader-2x.gif\" border=0 \/><\/p>\n<div class=\"pvc_clear\"><\/div>\n<p>La Corte de Apelaciones de Temuco rechaz\u00f3 recurso de apelaci\u00f3n presentado por la defensa del adolescente mapuche M.A.P.C., contra quien<\/p>\n","protected":false},"author":1,"featured_media":2348,"comment_status":"open","ping_status":"open","sticky":false,"template":"","format":"standard","meta":{"colormag_page_container_layout":"default_layout","colormag_page_sidebar_layout":"default_layout","footnotes":""},"categories":[101],"tags":[412,572,540,365,838],"class_list":["post-3455","post","type-post","status-publish","format-standard","has-post-thumbnail","hentry","category-actualidad","tag-caso","tag-catrillanca","tag-comunero","tag-corte","tag-fallo"],"a3_pvc":{"activated":true,"total_views":22,"today_views":0},"_links":{"self":[{"href":"https:\/\/temucotelevision.cl\/web\/wp-json\/wp\/v2\/posts\/3455","targetHints":{"allow":["GET"]}}],"collection":[{"href":"https:\/\/temucotelevision.cl\/web\/wp-json\/wp\/v2\/posts"}],"about":[{"href":"https:\/\/temucotelevision.cl\/web\/wp-json\/wp\/v2\/types\/post"}],"author":[{"embeddable":true,"href":"https:\/\/temucotelevision.cl\/web\/wp-json\/wp\/v2\/users\/1"}],"replies":[{"embeddable":true,"href":"https:\/\/temucotelevision.cl\/web\/wp-json\/wp\/v2\/comments?post=3455"}],"version-history":[{"count":3,"href":"https:\/\/temucotelevision.cl\/web\/wp-json\/wp\/v2\/posts\/3455\/revisions"}],"predecessor-version":[{"id":3458,"href":"https:\/\/temucotelevision.cl\/web\/wp-json\/wp\/v2\/posts\/3455\/revisions\/3458"}],"wp:featuredmedia":[{"embeddable":true,"href":"https:\/\/temucotelevision.cl\/web\/wp-json\/wp\/v2\/media\/2348"}],"wp:attachment":[{"href":"https:\/\/temucotelevision.cl\/web\/wp-json\/wp\/v2\/media?parent=3455"}],"wp:term":[{"taxonomy":"category","embeddable":true,"href":"https:\/\/temucotelevision.cl\/web\/wp-json\/wp\/v2\/categories?post=3455"},{"taxonomy":"post_tag","embeddable":true,"href":"https:\/\/temucotelevision.cl\/web\/wp-json\/wp\/v2\/tags?post=3455"}],"curies":[{"name":"wp","href":"https:\/\/api.w.org\/{rel}","templated":true}]}}