{"id":34540,"date":"2022-08-18T17:28:08","date_gmt":"2022-08-18T20:28:08","guid":{"rendered":"https:\/\/temucotelevision.cl\/web\/?p=34540"},"modified":"2022-08-18T17:39:01","modified_gmt":"2022-08-18T20:39:01","slug":"eleonor-te-invita-a-bailar-en-la-playa-la-cancion-de-la-gaviotas","status":"publish","type":"post","link":"https:\/\/temucotelevision.cl\/web\/2022\/08\/18\/eleonor-te-invita-a-bailar-en-la-playa-la-cancion-de-la-gaviotas\/","title":{"rendered":"\u00a0Eleonor te invita a bailar en la playa &#8220;La Canci\u00f3n De La Gaviotas&#8221;"},"content":{"rendered":"<div class=\"pvc_clear\"><\/div><p id=\"pvc_stats_34540\" class=\"pvc_stats total_only  \" data-element-id=\"34540\" style=\"\"><i class=\"pvc-stats-icon large\" aria-hidden=\"true\"><svg aria-hidden=\"true\" focusable=\"false\" data-prefix=\"far\" data-icon=\"chart-bar\" role=\"img\" xmlns=\"http:\/\/www.w3.org\/2000\/svg\" viewBox=\"0 0 512 512\" class=\"svg-inline--fa fa-chart-bar fa-w-16 fa-2x\"><path fill=\"currentColor\" d=\"M396.8 352h22.4c6.4 0 12.8-6.4 12.8-12.8V108.8c0-6.4-6.4-12.8-12.8-12.8h-22.4c-6.4 0-12.8 6.4-12.8 12.8v230.4c0 6.4 6.4 12.8 12.8 12.8zm-192 0h22.4c6.4 0 12.8-6.4 12.8-12.8V140.8c0-6.4-6.4-12.8-12.8-12.8h-22.4c-6.4 0-12.8 6.4-12.8 12.8v198.4c0 6.4 6.4 12.8 12.8 12.8zm96 0h22.4c6.4 0 12.8-6.4 12.8-12.8V204.8c0-6.4-6.4-12.8-12.8-12.8h-22.4c-6.4 0-12.8 6.4-12.8 12.8v134.4c0 6.4 6.4 12.8 12.8 12.8zM496 400H48V80c0-8.84-7.16-16-16-16H16C7.16 64 0 71.16 0 80v336c0 17.67 14.33 32 32 32h464c8.84 0 16-7.16 16-16v-16c0-8.84-7.16-16-16-16zm-387.2-48h22.4c6.4 0 12.8-6.4 12.8-12.8v-70.4c0-6.4-6.4-12.8-12.8-12.8h-22.4c-6.4 0-12.8 6.4-12.8 12.8v70.4c0 6.4 6.4 12.8 12.8 12.8z\" class=\"\"><\/path><\/svg><\/i> <img loading=\"lazy\" decoding=\"async\" width=\"16\" height=\"16\" alt=\"Loading\" src=\"https:\/\/temucotelevision.cl\/web\/wp-content\/plugins\/page-views-count\/ajax-loader-2x.gif\" border=0 \/><\/p><div class=\"pvc_clear\"><\/div>\n<p><strong>La cantautora crea el himno veraniego perfecto a ritmo de pop y reggea <\/strong><\/p>\n\n\n\n<p>La cantautora ecuatoriana\u00a0<strong>Eleonor<\/strong>\u00a0presenta el single\u00a0<em>La Canci\u00f3n De Las Gaviotas<\/em>, tema veraniego que invita a bailar en la playa y que sin duda deber\u00eda convertirse en un himno de la temporada y que ya se encuentra disponible en todas las plataformas digitales.<\/p>\n\n\n\n<p><em>La Canci\u00f3n De Las Gaviotas<\/em>&nbsp;(o&nbsp;<em>LCDLG<\/em>) es una canci\u00f3n pop con toques de reggae que nos transporta autom\u00e1ticamente a la playa, una historia de amor que nos invita a dejarnos llevar, a fluir con el baile mientras atardece a la orilla del mar.<br><br>Nacida en Guayaquil, Ecuador, Eleonor se ha dedicado a la m\u00fasica desde muy peque\u00f1a, y tras estudiar producci\u00f3n musical vino a M\u00e9xico para continuar con su carrera musical. Al tiempo se uni\u00f3 a una banda de pop donde descubri\u00f3 su gusto por la composici\u00f3n.<br><br>Tras esa experiencia, inicia su proyecto como solista y con canciones de su autor\u00eda y bajo la producci\u00f3n de Ren\u00e9 Lugo (ex guitarrista y productor de Los Daniels)&nbsp;<strong>Eleonor<\/strong>&nbsp;se sumerge en el pop alternativo, fusionando g\u00e9neros como el reggae, indie pop, entre otros, para entregarnos una fresca propuesta musical.<br><br>Anteriormente&nbsp;<strong>Eleonor<\/strong>&nbsp;ha lanzado sencillos&nbsp;<em>como&nbsp;<a rel=\"noreferrer noopener\" href=\"https:\/\/open.spotify.com\/track\/388aWg6jqeT95gYFf0hOyC?si=bdbd24c9bdcc4128\" target=\"_blank\">No Te Vayas<\/a>,&nbsp;<a rel=\"noreferrer noopener\" href=\"https:\/\/open.spotify.com\/track\/3fuBH31qdwBNmdO5pE704z?si=ac60771ed2024ee0\" target=\"_blank\">V\u00edctimas Mortales<\/a>,&nbsp;<a rel=\"noreferrer noopener\" href=\"https:\/\/open.spotify.com\/track\/6gKaMK2pe6ZUCaypnnA9AM?si=faf1770dc4184fd1\" target=\"_blank\">Como Una Punzada<\/a><\/em>&nbsp;y&nbsp;<a rel=\"noreferrer noopener\" href=\"https:\/\/open.spotify.com\/track\/5raYGGwJHj0t0c8x4kz9cL?si=4cfb03bd4db34ee2\" target=\"_blank\"><em>Pinche Mala Suerte<\/em><\/a>, todas del gusto de propios y extra\u00f1os y disponibles en plataformas digitales.<\/p>\n\n\n\n<figure class=\"wp-block-embed is-type-video is-provider-youtube wp-block-embed-youtube wp-embed-aspect-4-3 wp-has-aspect-ratio\"><div class=\"wp-block-embed__wrapper\">\n<div class=\"epyt-video-wrapper\"><iframe loading=\"lazy\"  id=\"_ytid_39990\"  width=\"800\" height=\"600\"  data-origwidth=\"800\" data-origheight=\"600\" src=\"https:\/\/www.youtube.com\/embed\/XwHOTw_QfE8?enablejsapi=1&#038;autoplay=0&#038;cc_load_policy=0&#038;cc_lang_pref=&#038;iv_load_policy=1&#038;loop=0&#038;rel=1&#038;fs=1&#038;playsinline=0&#038;autohide=2&#038;theme=dark&#038;color=red&#038;controls=1&#038;disablekb=0&#038;\" class=\"__youtube_prefs__  epyt-is-override  no-lazyload\" title=\"YouTube player\"  allow=\"fullscreen; accelerometer; autoplay; clipboard-write; encrypted-media; gyroscope; picture-in-picture; web-share\" referrerpolicy=\"strict-origin-when-cross-origin\" allowfullscreen data-no-lazy=\"1\" data-skipgform_ajax_framebjll=\"\"><\/iframe><\/div>\n<\/div><\/figure>\n","protected":false},"excerpt":{"rendered":"<div class=\"pvc_clear\"><\/div>\n<p id=\"pvc_stats_34540\" class=\"pvc_stats total_only  \" data-element-id=\"34540\" style=\"\"><i class=\"pvc-stats-icon large\" aria-hidden=\"true\"><svg aria-hidden=\"true\" focusable=\"false\" data-prefix=\"far\" data-icon=\"chart-bar\" role=\"img\" xmlns=\"http:\/\/www.w3.org\/2000\/svg\" viewBox=\"0 0 512 512\" class=\"svg-inline--fa fa-chart-bar fa-w-16 fa-2x\"><path fill=\"currentColor\" d=\"M396.8 352h22.4c6.4 0 12.8-6.4 12.8-12.8V108.8c0-6.4-6.4-12.8-12.8-12.8h-22.4c-6.4 0-12.8 6.4-12.8 12.8v230.4c0 6.4 6.4 12.8 12.8 12.8zm-192 0h22.4c6.4 0 12.8-6.4 12.8-12.8V140.8c0-6.4-6.4-12.8-12.8-12.8h-22.4c-6.4 0-12.8 6.4-12.8 12.8v198.4c0 6.4 6.4 12.8 12.8 12.8zm96 0h22.4c6.4 0 12.8-6.4 12.8-12.8V204.8c0-6.4-6.4-12.8-12.8-12.8h-22.4c-6.4 0-12.8 6.4-12.8 12.8v134.4c0 6.4 6.4 12.8 12.8 12.8zM496 400H48V80c0-8.84-7.16-16-16-16H16C7.16 64 0 71.16 0 80v336c0 17.67 14.33 32 32 32h464c8.84 0 16-7.16 16-16v-16c0-8.84-7.16-16-16-16zm-387.2-48h22.4c6.4 0 12.8-6.4 12.8-12.8v-70.4c0-6.4-6.4-12.8-12.8-12.8h-22.4c-6.4 0-12.8 6.4-12.8 12.8v70.4c0 6.4 6.4 12.8 12.8 12.8z\" class=\"\"><\/path><\/svg><\/i> <img loading=\"lazy\" decoding=\"async\" width=\"16\" height=\"16\" alt=\"Loading\" src=\"https:\/\/temucotelevision.cl\/web\/wp-content\/plugins\/page-views-count\/ajax-loader-2x.gif\" border=0 \/><\/p>\n<div class=\"pvc_clear\"><\/div>\n<p>La cantautora crea el himno veraniego perfecto a ritmo de pop y reggea La cantautora ecuatoriana\u00a0Eleonor\u00a0presenta el single\u00a0La Canci\u00f3n De<\/p>\n","protected":false},"author":1,"featured_media":34541,"comment_status":"open","ping_status":"open","sticky":false,"template":"","format":"standard","meta":{"colormag_page_container_layout":"default_layout","colormag_page_sidebar_layout":"default_layout","footnotes":""},"categories":[369],"tags":[],"class_list":["post-34540","post","type-post","status-publish","format-standard","has-post-thumbnail","hentry","category-musica"],"a3_pvc":{"activated":true,"total_views":68,"today_views":0},"_links":{"self":[{"href":"https:\/\/temucotelevision.cl\/web\/wp-json\/wp\/v2\/posts\/34540","targetHints":{"allow":["GET"]}}],"collection":[{"href":"https:\/\/temucotelevision.cl\/web\/wp-json\/wp\/v2\/posts"}],"about":[{"href":"https:\/\/temucotelevision.cl\/web\/wp-json\/wp\/v2\/types\/post"}],"author":[{"embeddable":true,"href":"https:\/\/temucotelevision.cl\/web\/wp-json\/wp\/v2\/users\/1"}],"replies":[{"embeddable":true,"href":"https:\/\/temucotelevision.cl\/web\/wp-json\/wp\/v2\/comments?post=34540"}],"version-history":[{"count":5,"href":"https:\/\/temucotelevision.cl\/web\/wp-json\/wp\/v2\/posts\/34540\/revisions"}],"predecessor-version":[{"id":34548,"href":"https:\/\/temucotelevision.cl\/web\/wp-json\/wp\/v2\/posts\/34540\/revisions\/34548"}],"wp:featuredmedia":[{"embeddable":true,"href":"https:\/\/temucotelevision.cl\/web\/wp-json\/wp\/v2\/media\/34541"}],"wp:attachment":[{"href":"https:\/\/temucotelevision.cl\/web\/wp-json\/wp\/v2\/media?parent=34540"}],"wp:term":[{"taxonomy":"category","embeddable":true,"href":"https:\/\/temucotelevision.cl\/web\/wp-json\/wp\/v2\/categories?post=34540"},{"taxonomy":"post_tag","embeddable":true,"href":"https:\/\/temucotelevision.cl\/web\/wp-json\/wp\/v2\/tags?post=34540"}],"curies":[{"name":"wp","href":"https:\/\/api.w.org\/{rel}","templated":true}]}}