{"id":34537,"date":"2022-08-18T11:33:30","date_gmt":"2022-08-18T14:33:30","guid":{"rendered":"https:\/\/temucotelevision.cl\/web\/?p=34537"},"modified":"2022-08-18T11:33:31","modified_gmt":"2022-08-18T14:33:31","slug":"expertos-mundiales-en-educacion-digital-infantil-imparten-charlas-gratuitas-en-chile-y-america-latina","status":"publish","type":"post","link":"https:\/\/temucotelevision.cl\/web\/2022\/08\/18\/expertos-mundiales-en-educacion-digital-infantil-imparten-charlas-gratuitas-en-chile-y-america-latina\/","title":{"rendered":"Expertos mundiales en educaci\u00f3n digital infantil imparten charlas gratuitas en Chile y Am\u00e9rica Latina"},"content":{"rendered":"<div class=\"pvc_clear\"><\/div><p id=\"pvc_stats_34537\" class=\"pvc_stats total_only  \" data-element-id=\"34537\" style=\"\"><i class=\"pvc-stats-icon large\" aria-hidden=\"true\"><svg aria-hidden=\"true\" focusable=\"false\" data-prefix=\"far\" data-icon=\"chart-bar\" role=\"img\" xmlns=\"http:\/\/www.w3.org\/2000\/svg\" viewBox=\"0 0 512 512\" class=\"svg-inline--fa fa-chart-bar fa-w-16 fa-2x\"><path fill=\"currentColor\" d=\"M396.8 352h22.4c6.4 0 12.8-6.4 12.8-12.8V108.8c0-6.4-6.4-12.8-12.8-12.8h-22.4c-6.4 0-12.8 6.4-12.8 12.8v230.4c0 6.4 6.4 12.8 12.8 12.8zm-192 0h22.4c6.4 0 12.8-6.4 12.8-12.8V140.8c0-6.4-6.4-12.8-12.8-12.8h-22.4c-6.4 0-12.8 6.4-12.8 12.8v198.4c0 6.4 6.4 12.8 12.8 12.8zm96 0h22.4c6.4 0 12.8-6.4 12.8-12.8V204.8c0-6.4-6.4-12.8-12.8-12.8h-22.4c-6.4 0-12.8 6.4-12.8 12.8v134.4c0 6.4 6.4 12.8 12.8 12.8zM496 400H48V80c0-8.84-7.16-16-16-16H16C7.16 64 0 71.16 0 80v336c0 17.67 14.33 32 32 32h464c8.84 0 16-7.16 16-16v-16c0-8.84-7.16-16-16-16zm-387.2-48h22.4c6.4 0 12.8-6.4 12.8-12.8v-70.4c0-6.4-6.4-12.8-12.8-12.8h-22.4c-6.4 0-12.8 6.4-12.8 12.8v70.4c0 6.4 6.4 12.8 12.8 12.8z\" class=\"\"><\/path><\/svg><\/i> <img loading=\"lazy\" decoding=\"async\" width=\"16\" height=\"16\" alt=\"Loading\" src=\"https:\/\/temucotelevision.cl\/web\/wp-content\/plugins\/page-views-count\/ajax-loader-2x.gif\" border=0 \/><\/p><div class=\"pvc_clear\"><\/div>\n<p><strong>Por segundo a\u00f1o consecutivo, editorial Caligrafix junto a PleIQ y Universidad Santo Tom\u00e1s, desarrollan el Congreso de Innovaci\u00f3n en Educaci\u00f3n Inicial 2022 (CIEI)&nbsp; que se realizar\u00e1 los d\u00edas 25, 26 y 27 de agosto.&nbsp;&nbsp;<\/strong><\/p>\n\n\n\n<p><strong>El evento, 100% online, gratuito y dirigido a todos los formadores de ni\u00f1os en la primera infancia que quiera capacitarse en esta \u00e1rea, contar\u00e1 con speakers de reconocimiento mundial que estar\u00e1n compartiendo sus experiencias e investigaci\u00f3n en esta materia.&nbsp;<\/strong><\/p>\n\n\n\n<p>A ra\u00edz de la pandemia, cuatro de cada cinco ni\u00f1os y ni\u00f1as en Am\u00e9rica Latina no podr\u00e1n comprender un texto simple. As\u00ed de categ\u00f3rico fue el resultado de un informe divulgado en junio de este a\u00f1o por el Banco Mundial &#8211; UNICEF en colaboraci\u00f3n con UNESCO.&nbsp;<\/p>\n\n\n\n<p>Dicho informe, genera un llamado urgente a la acci\u00f3n de parte de todos los participantes en la formaci\u00f3n de ni\u00f1os y ni\u00f1as en la primera infancia, para poder mitigar la crisis de aprendizaje producto de COVID-19 que tuvo a muchos estudiantes sin poder avanzar en sus aprendizajes durante las cuarentenas, ya sea porque el modelo de ense\u00f1anza online no era el acorde a su edad o porque no contaban con acceso a Internet.&nbsp;<\/p>\n\n\n\n<p>Conscientes de esta problem\u00e1tica y como una forma de apoyar en la educaci\u00f3n de calidad de los ni\u00f1os y ni\u00f1as en la etapa inicial, editorial Caligrafix&nbsp;(<a href=\"http:\/\/www.caligrafix.cl\/\">caligrafix.cl<\/a>), en conjunto con PleIQ y la Universidad Santo Tom\u00e1s de Chile, llevar\u00e1n a cabo la segunda versi\u00f3n del&nbsp;Congreso de Innovaci\u00f3n en Educaci\u00f3n Inicial (CIEI),&nbsp;(<a href=\"https:\/\/cieivirtual.cl\/\">cieivirtual.cl<\/a>) los d\u00edas 25, 26 y 27 de agosto entre 9:00 a 18:00 horas, 100% online y cuya inscripci\u00f3n es totalmente gratuita para todos los&nbsp;educadores y educadoras de pre b\u00e1sica y otros profesionales vinculados a la ense\u00f1anza y atenci\u00f3n de ni\u00f1os y ni\u00f1as en la primera infancia.&nbsp;<\/p>\n\n\n\n<p>Antonio Da Rocha, Director educativo de CIEI y PlelQ, organizaci\u00f3n reconocida mundialmente y por la UNICEF por su aporte a la educaci\u00f3n digital en la primera infancia y que cuenta con m\u00e1s de 20 a\u00f1os de experiencia como docente, explica que \u201ccomo organizaci\u00f3n, Caligrafix y PlelQ, asumimos esto como un compromiso y creamos este Congreso, \u00fanico en su tipo en Hispanoam\u00e9rica.&nbsp;<\/p>\n\n\n\n<p>Reconocidos especialistas de 8 pa\u00edses, entre ellos, M\u00e9xico, Colombia, Estados Unidos, Per\u00fa, Chile, Venezuela, Espa\u00f1a, compartir\u00e1n sus experiencias y buenas pr\u00e1cticas, as\u00ed como tambi\u00e9n sus trabajos e investigaciones en torno al uso seguro de las tecnolog\u00edas en la educaci\u00f3n en la primera infancia.&nbsp;<\/p>\n\n\n\n<p>Antonio Da Rocha detalla que el congreso se dividir\u00e1 en los siguientes ejes tem\u00e1ticos: creatividad, uso seguro y responsable de las tecnolog\u00edas, innovaci\u00f3n y el uso de las TIC dentro de las pr\u00e1cticas pedag\u00f3gicas.&nbsp;<\/p>\n\n\n\n<p>El encuentro busca proveer habilidades, metodolog\u00edas y tecnolog\u00edas emergentes en torno a la educaci\u00f3n digital infantil a educadoras y educadores de pre b\u00e1sica y b\u00e1sica inicial, como tambi\u00e9n a otros profesionales vinculados en la ense\u00f1anza y atenci\u00f3n de ni\u00f1os y ni\u00f1as.<\/p>\n\n\n\n<p>Ser\u00e1 un espacio colaborativo, de reflexi\u00f3n e intercambio de experiencias que propicien la adquisici\u00f3n de estrategias para mejorar su praxis pedag\u00f3gica mediante el uso efectivo, seguro y responsable de las tecnolog\u00edas.<\/p>\n\n\n\n<p>Entre el jueves 25 y el s\u00e1bado 27 de agosto se invita a participar gratuitamente a todos los docentes de estos niveles, fonoaudi\u00f3logos, educadores diferenciales, psicopedagogos, asistentes de preescolar y cualquier profesional interesado en la educaci\u00f3n digital infantil, quienes pueden inscribirse en&nbsp;<a href=\"https:\/\/cieivirtual.cl\/#convocatoria\" target=\"_blank\" rel=\"noreferrer noopener\">cieivirtual.cl\/#convocatoria<\/a><\/p>\n\n\n\n<p>De manera paralela a este congreso, se invitar\u00e1 a los asistentes a ingresar a un mundo inmersivo, \u201cla idea es que conozcan lo que es en la pr\u00e1ctica, que ingresen con un avatar y socialicen con otros educadores\u201d, detalla el experto.&nbsp;<\/p>\n","protected":false},"excerpt":{"rendered":"<div class=\"pvc_clear\"><\/div>\n<p id=\"pvc_stats_34537\" class=\"pvc_stats total_only  \" data-element-id=\"34537\" style=\"\"><i class=\"pvc-stats-icon large\" aria-hidden=\"true\"><svg aria-hidden=\"true\" focusable=\"false\" data-prefix=\"far\" data-icon=\"chart-bar\" role=\"img\" xmlns=\"http:\/\/www.w3.org\/2000\/svg\" viewBox=\"0 0 512 512\" class=\"svg-inline--fa fa-chart-bar fa-w-16 fa-2x\"><path fill=\"currentColor\" d=\"M396.8 352h22.4c6.4 0 12.8-6.4 12.8-12.8V108.8c0-6.4-6.4-12.8-12.8-12.8h-22.4c-6.4 0-12.8 6.4-12.8 12.8v230.4c0 6.4 6.4 12.8 12.8 12.8zm-192 0h22.4c6.4 0 12.8-6.4 12.8-12.8V140.8c0-6.4-6.4-12.8-12.8-12.8h-22.4c-6.4 0-12.8 6.4-12.8 12.8v198.4c0 6.4 6.4 12.8 12.8 12.8zm96 0h22.4c6.4 0 12.8-6.4 12.8-12.8V204.8c0-6.4-6.4-12.8-12.8-12.8h-22.4c-6.4 0-12.8 6.4-12.8 12.8v134.4c0 6.4 6.4 12.8 12.8 12.8zM496 400H48V80c0-8.84-7.16-16-16-16H16C7.16 64 0 71.16 0 80v336c0 17.67 14.33 32 32 32h464c8.84 0 16-7.16 16-16v-16c0-8.84-7.16-16-16-16zm-387.2-48h22.4c6.4 0 12.8-6.4 12.8-12.8v-70.4c0-6.4-6.4-12.8-12.8-12.8h-22.4c-6.4 0-12.8 6.4-12.8 12.8v70.4c0 6.4 6.4 12.8 12.8 12.8z\" class=\"\"><\/path><\/svg><\/i> <img loading=\"lazy\" decoding=\"async\" width=\"16\" height=\"16\" alt=\"Loading\" src=\"https:\/\/temucotelevision.cl\/web\/wp-content\/plugins\/page-views-count\/ajax-loader-2x.gif\" border=0 \/><\/p>\n<div class=\"pvc_clear\"><\/div>\n<p>Por segundo a\u00f1o consecutivo, editorial Caligrafix junto a PleIQ y Universidad Santo Tom\u00e1s, desarrollan el Congreso de Innovaci\u00f3n en Educaci\u00f3n<\/p>\n","protected":false},"author":1,"featured_media":34538,"comment_status":"open","ping_status":"open","sticky":false,"template":"","format":"standard","meta":{"colormag_page_container_layout":"default_layout","colormag_page_sidebar_layout":"default_layout","footnotes":""},"categories":[101],"tags":[282,1173,5646,148,3714],"class_list":["post-34537","post","type-post","status-publish","format-standard","has-post-thumbnail","hentry","category-actualidad","tag-charlas","tag-digital","tag-editorial","tag-educacion","tag-expertos"],"a3_pvc":{"activated":true,"total_views":63,"today_views":0},"_links":{"self":[{"href":"https:\/\/temucotelevision.cl\/web\/wp-json\/wp\/v2\/posts\/34537","targetHints":{"allow":["GET"]}}],"collection":[{"href":"https:\/\/temucotelevision.cl\/web\/wp-json\/wp\/v2\/posts"}],"about":[{"href":"https:\/\/temucotelevision.cl\/web\/wp-json\/wp\/v2\/types\/post"}],"author":[{"embeddable":true,"href":"https:\/\/temucotelevision.cl\/web\/wp-json\/wp\/v2\/users\/1"}],"replies":[{"embeddable":true,"href":"https:\/\/temucotelevision.cl\/web\/wp-json\/wp\/v2\/comments?post=34537"}],"version-history":[{"count":1,"href":"https:\/\/temucotelevision.cl\/web\/wp-json\/wp\/v2\/posts\/34537\/revisions"}],"predecessor-version":[{"id":34539,"href":"https:\/\/temucotelevision.cl\/web\/wp-json\/wp\/v2\/posts\/34537\/revisions\/34539"}],"wp:featuredmedia":[{"embeddable":true,"href":"https:\/\/temucotelevision.cl\/web\/wp-json\/wp\/v2\/media\/34538"}],"wp:attachment":[{"href":"https:\/\/temucotelevision.cl\/web\/wp-json\/wp\/v2\/media?parent=34537"}],"wp:term":[{"taxonomy":"category","embeddable":true,"href":"https:\/\/temucotelevision.cl\/web\/wp-json\/wp\/v2\/categories?post=34537"},{"taxonomy":"post_tag","embeddable":true,"href":"https:\/\/temucotelevision.cl\/web\/wp-json\/wp\/v2\/tags?post=34537"}],"curies":[{"name":"wp","href":"https:\/\/api.w.org\/{rel}","templated":true}]}}