{"id":34531,"date":"2022-08-18T10:47:19","date_gmt":"2022-08-18T13:47:19","guid":{"rendered":"https:\/\/temucotelevision.cl\/web\/?p=34531"},"modified":"2022-08-18T10:47:19","modified_gmt":"2022-08-18T13:47:19","slug":"centros-de-arbitraje-de-las-camaras-de-comercio-de-santiago-y-temuco-firman-convenio-para-potenciar-resolucion-de-conflictos","status":"publish","type":"post","link":"https:\/\/temucotelevision.cl\/web\/2022\/08\/18\/centros-de-arbitraje-de-las-camaras-de-comercio-de-santiago-y-temuco-firman-convenio-para-potenciar-resolucion-de-conflictos\/","title":{"rendered":"Centros de arbitraje de las C\u00e1maras de Comercio de Santiago y Temuco firman convenio para potenciar resoluci\u00f3n de conflictos"},"content":{"rendered":"<div class=\"pvc_clear\"><\/div><p id=\"pvc_stats_34531\" class=\"pvc_stats total_only  \" data-element-id=\"34531\" style=\"\"><i class=\"pvc-stats-icon large\" aria-hidden=\"true\"><svg aria-hidden=\"true\" focusable=\"false\" data-prefix=\"far\" data-icon=\"chart-bar\" role=\"img\" xmlns=\"http:\/\/www.w3.org\/2000\/svg\" viewBox=\"0 0 512 512\" class=\"svg-inline--fa fa-chart-bar fa-w-16 fa-2x\"><path fill=\"currentColor\" d=\"M396.8 352h22.4c6.4 0 12.8-6.4 12.8-12.8V108.8c0-6.4-6.4-12.8-12.8-12.8h-22.4c-6.4 0-12.8 6.4-12.8 12.8v230.4c0 6.4 6.4 12.8 12.8 12.8zm-192 0h22.4c6.4 0 12.8-6.4 12.8-12.8V140.8c0-6.4-6.4-12.8-12.8-12.8h-22.4c-6.4 0-12.8 6.4-12.8 12.8v198.4c0 6.4 6.4 12.8 12.8 12.8zm96 0h22.4c6.4 0 12.8-6.4 12.8-12.8V204.8c0-6.4-6.4-12.8-12.8-12.8h-22.4c-6.4 0-12.8 6.4-12.8 12.8v134.4c0 6.4 6.4 12.8 12.8 12.8zM496 400H48V80c0-8.84-7.16-16-16-16H16C7.16 64 0 71.16 0 80v336c0 17.67 14.33 32 32 32h464c8.84 0 16-7.16 16-16v-16c0-8.84-7.16-16-16-16zm-387.2-48h22.4c6.4 0 12.8-6.4 12.8-12.8v-70.4c0-6.4-6.4-12.8-12.8-12.8h-22.4c-6.4 0-12.8 6.4-12.8 12.8v70.4c0 6.4 6.4 12.8 12.8 12.8z\" class=\"\"><\/path><\/svg><\/i> <img loading=\"lazy\" decoding=\"async\" width=\"16\" height=\"16\" alt=\"Loading\" src=\"https:\/\/temucotelevision.cl\/web\/wp-content\/plugins\/page-views-count\/ajax-loader-2x.gif\" border=0 \/><\/p><div class=\"pvc_clear\"><\/div>\n<p><strong>\u00a0<\/strong>La C\u00e1mara de Comercio de Santiago (CCS) y la C\u00e1mara de Comercio de Temuco firmaron un convenio de colaboraci\u00f3n con el objetivo de que sus centros de arbitraje y mediaci\u00f3n -CAM Santiago y CEAM respectivamente- potencien con fuerza sus mecanismos de resoluci\u00f3n de conflictos.<\/p>\n\n\n\n<p>Durante el encuentro entre ambos gremios, previo a la firma de la alianza, la presidenta de la CCS, Mar\u00eda Teresa Vial, y el presidente de la C\u00e1mara de Comercio de Temuco, Gustavo Valenzuela, abordaron los puntos de colaboraci\u00f3n entre ambos centros, tales como el intercambio de la n\u00f3minas de \u00e1rbitros, el uso de la plataforma electr\u00f3nica del CAM Santiago, capacitaciones en conjunto y la colaboraci\u00f3n de ambos centros de arbitraje, con el fin de que se den a conocer estos mecanismos en Temuco y el sur de Chile y las partes puedan encontrar mecanismos eficientes, con di\u00e1logo y a tiempo para resolver los conflictos.<\/p>\n\n\n\n<p>La presidenta de la CCS agradeci\u00f3 la recepci\u00f3n de la C\u00e1mara de Comercio de Temuco y de su centro de arbitraje y manifest\u00f3 que \u201cestamos convencidos que el desarrollo del arbitraje y mediaci\u00f3n es muy necesario en la Regi\u00f3n de la Araucan\u00eda, ya que va a contribuir a un trabajo distinto de c\u00f3mo enfrentar los conflictos y, adem\u00e1s, nos permite como CCS cumplir con nuestro prop\u00f3sito de fortalecer el desarrollo de un Chile emprendedor, el cual requiere paz, resoluci\u00f3n de conflictos y certidumbre\u201d<\/p>\n\n\n\n<p>En tanto, el presidente de la C\u00e1mara de Comercio, Servicios, y Turismo de Temuco, Gustavo Valenzuela, calific\u00f3 este convenio como un hecho in\u00e9dito que marca un avance muy importante para el CEAM Araucan\u00eda. \u201cAgradecemos el apoyo de la C\u00e1mara de Comercio de Santiago y a su Centro de Arbitraje, quienes nos han apoyado para perfeccionar nuestros lineamientos y focos de acci\u00f3n \u201c, manifest\u00f3.<\/p>\n\n\n\n<p>Asimismo, el dirigente destac\u00f3 que tras esta alianza el CEAM Araucan\u00eda pasar\u00e1 a ser el Centro de Arbitraje y Mediaci\u00f3n m\u00e1s importante del sur de Chile , \u201cya que vamos a poder tramitar causas no solamente en nuestra regi\u00f3n sino que en toda la zona sur del pa\u00eds \u201d.<\/p>\n\n\n\n<p>Por su parte, Macarena Letelier, directora ejecutiva del CAM Santiago, se\u00f1al\u00f3 que \u201cla firma de este acuerdo es un paso m\u00e1s dentro de esta relaci\u00f3n que se ha ido generando durante los \u00faltimos cinco a\u00f1os, desde que nos visit\u00f3 por primera vez el consejo del CEAM Araucan\u00eda, donde intercambiamos experiencias sobre los inicios del CAM Santiago. Nuestro equipo est\u00e1 a disposici\u00f3n del CEAM, de la C\u00e1mara y de la regi\u00f3n y esperamos en muy poco tiempo que el di\u00e1logo se instale con fuerza en esta zona del pa\u00eds que tanto lo necesita\u201d.<\/p>\n","protected":false},"excerpt":{"rendered":"<div class=\"pvc_clear\"><\/div>\n<p id=\"pvc_stats_34531\" class=\"pvc_stats total_only  \" data-element-id=\"34531\" style=\"\"><i class=\"pvc-stats-icon large\" aria-hidden=\"true\"><svg aria-hidden=\"true\" focusable=\"false\" data-prefix=\"far\" data-icon=\"chart-bar\" role=\"img\" xmlns=\"http:\/\/www.w3.org\/2000\/svg\" viewBox=\"0 0 512 512\" class=\"svg-inline--fa fa-chart-bar fa-w-16 fa-2x\"><path fill=\"currentColor\" d=\"M396.8 352h22.4c6.4 0 12.8-6.4 12.8-12.8V108.8c0-6.4-6.4-12.8-12.8-12.8h-22.4c-6.4 0-12.8 6.4-12.8 12.8v230.4c0 6.4 6.4 12.8 12.8 12.8zm-192 0h22.4c6.4 0 12.8-6.4 12.8-12.8V140.8c0-6.4-6.4-12.8-12.8-12.8h-22.4c-6.4 0-12.8 6.4-12.8 12.8v198.4c0 6.4 6.4 12.8 12.8 12.8zm96 0h22.4c6.4 0 12.8-6.4 12.8-12.8V204.8c0-6.4-6.4-12.8-12.8-12.8h-22.4c-6.4 0-12.8 6.4-12.8 12.8v134.4c0 6.4 6.4 12.8 12.8 12.8zM496 400H48V80c0-8.84-7.16-16-16-16H16C7.16 64 0 71.16 0 80v336c0 17.67 14.33 32 32 32h464c8.84 0 16-7.16 16-16v-16c0-8.84-7.16-16-16-16zm-387.2-48h22.4c6.4 0 12.8-6.4 12.8-12.8v-70.4c0-6.4-6.4-12.8-12.8-12.8h-22.4c-6.4 0-12.8 6.4-12.8 12.8v70.4c0 6.4 6.4 12.8 12.8 12.8z\" class=\"\"><\/path><\/svg><\/i> <img loading=\"lazy\" decoding=\"async\" width=\"16\" height=\"16\" alt=\"Loading\" src=\"https:\/\/temucotelevision.cl\/web\/wp-content\/plugins\/page-views-count\/ajax-loader-2x.gif\" border=0 \/><\/p>\n<div class=\"pvc_clear\"><\/div>\n<p>\u00a0La C\u00e1mara de Comercio de Santiago (CCS) y la C\u00e1mara de Comercio de Temuco firmaron un convenio de colaboraci\u00f3n con<\/p>\n","protected":false},"author":1,"featured_media":34532,"comment_status":"open","ping_status":"open","sticky":false,"template":"","format":"standard","meta":{"colormag_page_container_layout":"default_layout","colormag_page_sidebar_layout":"default_layout","footnotes":""},"categories":[14],"tags":[263,5700,3145,1084,78],"class_list":["post-34531","post","type-post","status-publish","format-standard","has-post-thumbnail","hentry","category-temuco","tag-camaras","tag-comercio-santiago","tag-conflictos","tag-convenio","tag-temuco"],"a3_pvc":{"activated":true,"total_views":92,"today_views":0},"_links":{"self":[{"href":"https:\/\/temucotelevision.cl\/web\/wp-json\/wp\/v2\/posts\/34531","targetHints":{"allow":["GET"]}}],"collection":[{"href":"https:\/\/temucotelevision.cl\/web\/wp-json\/wp\/v2\/posts"}],"about":[{"href":"https:\/\/temucotelevision.cl\/web\/wp-json\/wp\/v2\/types\/post"}],"author":[{"embeddable":true,"href":"https:\/\/temucotelevision.cl\/web\/wp-json\/wp\/v2\/users\/1"}],"replies":[{"embeddable":true,"href":"https:\/\/temucotelevision.cl\/web\/wp-json\/wp\/v2\/comments?post=34531"}],"version-history":[{"count":1,"href":"https:\/\/temucotelevision.cl\/web\/wp-json\/wp\/v2\/posts\/34531\/revisions"}],"predecessor-version":[{"id":34533,"href":"https:\/\/temucotelevision.cl\/web\/wp-json\/wp\/v2\/posts\/34531\/revisions\/34533"}],"wp:featuredmedia":[{"embeddable":true,"href":"https:\/\/temucotelevision.cl\/web\/wp-json\/wp\/v2\/media\/34532"}],"wp:attachment":[{"href":"https:\/\/temucotelevision.cl\/web\/wp-json\/wp\/v2\/media?parent=34531"}],"wp:term":[{"taxonomy":"category","embeddable":true,"href":"https:\/\/temucotelevision.cl\/web\/wp-json\/wp\/v2\/categories?post=34531"},{"taxonomy":"post_tag","embeddable":true,"href":"https:\/\/temucotelevision.cl\/web\/wp-json\/wp\/v2\/tags?post=34531"}],"curies":[{"name":"wp","href":"https:\/\/api.w.org\/{rel}","templated":true}]}}