{"id":34528,"date":"2022-08-18T09:45:00","date_gmt":"2022-08-18T12:45:00","guid":{"rendered":"https:\/\/temucotelevision.cl\/web\/?p=34528"},"modified":"2022-08-18T09:45:00","modified_gmt":"2022-08-18T12:45:00","slug":"delegado-raul-allard-destaca-millonaria-inversion-para-las-comunas-de-la-araucania","status":"publish","type":"post","link":"https:\/\/temucotelevision.cl\/web\/2022\/08\/18\/delegado-raul-allard-destaca-millonaria-inversion-para-las-comunas-de-la-araucania\/","title":{"rendered":"Delegado Ra\u00fal Allard destaca millonaria inversi\u00f3n para las comunas de La Araucan\u00eda"},"content":{"rendered":"<div class=\"pvc_clear\"><\/div><p id=\"pvc_stats_34528\" class=\"pvc_stats total_only  \" data-element-id=\"34528\" style=\"\"><i class=\"pvc-stats-icon large\" aria-hidden=\"true\"><svg aria-hidden=\"true\" focusable=\"false\" data-prefix=\"far\" data-icon=\"chart-bar\" role=\"img\" xmlns=\"http:\/\/www.w3.org\/2000\/svg\" viewBox=\"0 0 512 512\" class=\"svg-inline--fa fa-chart-bar fa-w-16 fa-2x\"><path fill=\"currentColor\" d=\"M396.8 352h22.4c6.4 0 12.8-6.4 12.8-12.8V108.8c0-6.4-6.4-12.8-12.8-12.8h-22.4c-6.4 0-12.8 6.4-12.8 12.8v230.4c0 6.4 6.4 12.8 12.8 12.8zm-192 0h22.4c6.4 0 12.8-6.4 12.8-12.8V140.8c0-6.4-6.4-12.8-12.8-12.8h-22.4c-6.4 0-12.8 6.4-12.8 12.8v198.4c0 6.4 6.4 12.8 12.8 12.8zm96 0h22.4c6.4 0 12.8-6.4 12.8-12.8V204.8c0-6.4-6.4-12.8-12.8-12.8h-22.4c-6.4 0-12.8 6.4-12.8 12.8v134.4c0 6.4 6.4 12.8 12.8 12.8zM496 400H48V80c0-8.84-7.16-16-16-16H16C7.16 64 0 71.16 0 80v336c0 17.67 14.33 32 32 32h464c8.84 0 16-7.16 16-16v-16c0-8.84-7.16-16-16-16zm-387.2-48h22.4c6.4 0 12.8-6.4 12.8-12.8v-70.4c0-6.4-6.4-12.8-12.8-12.8h-22.4c-6.4 0-12.8 6.4-12.8 12.8v70.4c0 6.4 6.4 12.8 12.8 12.8z\" class=\"\"><\/path><\/svg><\/i> <img loading=\"lazy\" decoding=\"async\" width=\"16\" height=\"16\" alt=\"Loading\" src=\"https:\/\/temucotelevision.cl\/web\/wp-content\/plugins\/page-views-count\/ajax-loader-2x.gif\" border=0 \/><\/p><div class=\"pvc_clear\"><\/div>\n<ul class=\"wp-block-list\"><li><em> A trav\u00e9s de la Subdere, se entreg\u00f3 financiamiento para la ejecuci\u00f3n de 105 proyectos que van en directo beneficio de la ciudadan\u00eda.<\/em><\/li><\/ul>\n\n\n\n<p>Durante la jornada de hoy, el delegado presidencial, Ra\u00fal Allard junto al encargado regional de Subdere, V\u00edctor Cuevas y los alcaldes de Loncoche y Angol, anunciaron la inversi\u00f3n hist\u00f3rica a nivel regional, por m\u00e1s de 11 mil millones de pesos, en el marco del plan de reactivaci\u00f3n econ\u00f3mica \u2018Chile Apoya a Tu Comuna\u2019.<\/p>\n\n\n\n<p>Dicho programa, asign\u00f3 durante el mes de julio, un total de 11 mil 260 millones de pesos para la ejecuci\u00f3n de 105 proyectos en 27 comunas de La Araucan\u00eda. De esta forma, se financiar\u00e1 el 100% de la cartera de proyectos elegibles en infraestructura disponibles al 31 de mayo, de los programas de \u2018Mejoramiento Urbano\u2019, \u2018Mejoramiento de Barrios\u2019, y \u2018Revitalizaci\u00f3n de Barrios e Infraestructura Patrimonial Emblem\u00e1tica\u2019.&nbsp;<\/p>\n\n\n\n<p>Al respecto, el delegado Ra\u00fal Allard destac\u00f3 el compromiso del Presidente Gabriel Boric con La Araucan\u00eda, \u201ces una inversi\u00f3n p\u00fablica gestionada \u00edntegramente por nuestro Gobierno, que busca mejorar la calidad de los habitantes del territorio, as\u00ed como reactivar la econom\u00eda local a trav\u00e9s de la generaci\u00f3n de empleos\u201d.&nbsp;<\/p>\n\n\n\n<p>La autoridad regional, precis\u00f3 que \u201csiete de las 10 comunas m\u00e1s pobres de Chile est\u00e1n en La Araucan\u00eda, haciendo que esta noticia sea de la mayor relevancia, ya que va en beneficio de todas las personas\u201d. Los proyectos que se van a financiar, dijo el delegado presidencial \u201ctiene relaci\u00f3n con distintos \u00e1mbitos de inversi\u00f3n, como agua potable, luminarias, arreglo de veredas y calles, infraestructura deportiva, alcantarillas y aguas servidas, entre otros proyectos\u201d.<\/p>\n\n\n\n<p>En tanto, el encargado regional de Subdere, V\u00edctor Cuevas, dijo que \u201clo m\u00e1s importante, es que hoy podemos decir que el 42% de los ingresos de los proyectos que se van a financiar, se van a distribuir en la provincia de Malleco. Con esto, estamos haciendo lo que nos ha pedido el Presidente Gabriel Boric, y es que haya equidad en la distribuci\u00f3n de los ingresos\u201d.&nbsp;<\/p>\n\n\n\n<p>Cuevas agreg\u00f3 que \u201cestamos muy contentos porque somos la Regi\u00f3n del pa\u00eds a la que m\u00e1s proyectos aprobaron y financiaron a trav\u00e9s de la Subdere, y hoy estamos junto a dos alcaldes que vienen a avalar que estamos haciendo el mayor de los esfuerzos para que, aquellas comunas donde no hab\u00eda llegado el Estado, lleguen recursos de forma r\u00e1pida, y por lo tanto, de aqu\u00ed a menos de dos meses, estas obras van a estar ejecut\u00e1ndose\u201d.<\/p>\n\n\n\n<p>Por su parte, el alcalde de Angol, Enrique Neira, agradeci\u00f3 el aporte del Gobierno, se\u00f1alando que \u201cen representaci\u00f3n de los once alcaldes de Malleco, quiero compartir esta felicidad, ya que esta inversi\u00f3n va en beneficio de los habitantes. En lo personal, quiero agradecer, todo lo que ha significado que estos recursos lleguen a la Regi\u00f3n\u201d.&nbsp;<\/p>\n\n\n\n<p>En el caso particular de Angol, el alcalde detall\u00f3 que el financimianto \u201csupera los 700 millones de pesos, que nos van a significar hacer obras importantes en el \u00e1mbito de los abastos de agua, que por el d\u00e9ficit h\u00eddrico hoy en d\u00eda es una tremenda necesidad que tenemos en los sectores rurales, y tambi\u00e9n en el \u00e1mbito de la seguridad con la implementaci\u00f3n de c\u00e1maras y de iluminaci\u00f3n led\u201d.<\/p>\n\n\n\n<p>El alcalde de Loncoche, Alexis Pineda tambi\u00e9n agradeci\u00f3 la inyecci\u00f3n de recursos del Gobierno, manifestando \u201cestamos felices, y creo que esta es la verdadera descentralizaci\u00f3n. Para nosotros es muy importante que se est\u00e9 dando cumplimiento a un compromiso del Presidente Gabriel Boric, de trabajar con los alcaldes\u201d.&nbsp;<\/p>\n\n\n\n<p>En el caso de nuestra comuna, dijo el alcalde Pineda, \u201ceste plan nos ha servido para financiar infraestructura deportiva, para seguridad, para iluminar distintos sectores rurales, y sin lugar a dudas, que es un tremendo avance. Gracias a este inmenso aporte, podemos decir que estamos comenzando a avanzar de la mano de un Gobierno que est\u00e1 confiando en sus alcaldes, y es por eso que nos est\u00e1 traspasando recursos\u201d.<\/p>\n","protected":false},"excerpt":{"rendered":"<div class=\"pvc_clear\"><\/div>\n<p id=\"pvc_stats_34528\" class=\"pvc_stats total_only  \" data-element-id=\"34528\" style=\"\"><i class=\"pvc-stats-icon large\" aria-hidden=\"true\"><svg aria-hidden=\"true\" focusable=\"false\" data-prefix=\"far\" data-icon=\"chart-bar\" role=\"img\" xmlns=\"http:\/\/www.w3.org\/2000\/svg\" viewBox=\"0 0 512 512\" class=\"svg-inline--fa fa-chart-bar fa-w-16 fa-2x\"><path fill=\"currentColor\" d=\"M396.8 352h22.4c6.4 0 12.8-6.4 12.8-12.8V108.8c0-6.4-6.4-12.8-12.8-12.8h-22.4c-6.4 0-12.8 6.4-12.8 12.8v230.4c0 6.4 6.4 12.8 12.8 12.8zm-192 0h22.4c6.4 0 12.8-6.4 12.8-12.8V140.8c0-6.4-6.4-12.8-12.8-12.8h-22.4c-6.4 0-12.8 6.4-12.8 12.8v198.4c0 6.4 6.4 12.8 12.8 12.8zm96 0h22.4c6.4 0 12.8-6.4 12.8-12.8V204.8c0-6.4-6.4-12.8-12.8-12.8h-22.4c-6.4 0-12.8 6.4-12.8 12.8v134.4c0 6.4 6.4 12.8 12.8 12.8zM496 400H48V80c0-8.84-7.16-16-16-16H16C7.16 64 0 71.16 0 80v336c0 17.67 14.33 32 32 32h464c8.84 0 16-7.16 16-16v-16c0-8.84-7.16-16-16-16zm-387.2-48h22.4c6.4 0 12.8-6.4 12.8-12.8v-70.4c0-6.4-6.4-12.8-12.8-12.8h-22.4c-6.4 0-12.8 6.4-12.8 12.8v70.4c0 6.4 6.4 12.8 12.8 12.8z\" class=\"\"><\/path><\/svg><\/i> <img loading=\"lazy\" decoding=\"async\" width=\"16\" height=\"16\" alt=\"Loading\" src=\"https:\/\/temucotelevision.cl\/web\/wp-content\/plugins\/page-views-count\/ajax-loader-2x.gif\" border=0 \/><\/p>\n<div class=\"pvc_clear\"><\/div>\n<p>A trav\u00e9s de la Subdere, se entreg\u00f3 financiamiento para la ejecuci\u00f3n de 105 proyectos que van en directo beneficio de<\/p>\n","protected":false},"author":1,"featured_media":34529,"comment_status":"open","ping_status":"open","sticky":false,"template":"","format":"standard","meta":{"colormag_page_container_layout":"default_layout","colormag_page_sidebar_layout":"default_layout","footnotes":""},"categories":[15],"tags":[1877,3258,1087,651],"class_list":["post-34528","post","type-post","status-publish","format-standard","has-post-thumbnail","hentry","category-la-araucania","tag-araucania-2","tag-delegado","tag-inversion","tag-proyectos"],"a3_pvc":{"activated":true,"total_views":46,"today_views":0},"_links":{"self":[{"href":"https:\/\/temucotelevision.cl\/web\/wp-json\/wp\/v2\/posts\/34528","targetHints":{"allow":["GET"]}}],"collection":[{"href":"https:\/\/temucotelevision.cl\/web\/wp-json\/wp\/v2\/posts"}],"about":[{"href":"https:\/\/temucotelevision.cl\/web\/wp-json\/wp\/v2\/types\/post"}],"author":[{"embeddable":true,"href":"https:\/\/temucotelevision.cl\/web\/wp-json\/wp\/v2\/users\/1"}],"replies":[{"embeddable":true,"href":"https:\/\/temucotelevision.cl\/web\/wp-json\/wp\/v2\/comments?post=34528"}],"version-history":[{"count":1,"href":"https:\/\/temucotelevision.cl\/web\/wp-json\/wp\/v2\/posts\/34528\/revisions"}],"predecessor-version":[{"id":34530,"href":"https:\/\/temucotelevision.cl\/web\/wp-json\/wp\/v2\/posts\/34528\/revisions\/34530"}],"wp:featuredmedia":[{"embeddable":true,"href":"https:\/\/temucotelevision.cl\/web\/wp-json\/wp\/v2\/media\/34529"}],"wp:attachment":[{"href":"https:\/\/temucotelevision.cl\/web\/wp-json\/wp\/v2\/media?parent=34528"}],"wp:term":[{"taxonomy":"category","embeddable":true,"href":"https:\/\/temucotelevision.cl\/web\/wp-json\/wp\/v2\/categories?post=34528"},{"taxonomy":"post_tag","embeddable":true,"href":"https:\/\/temucotelevision.cl\/web\/wp-json\/wp\/v2\/tags?post=34528"}],"curies":[{"name":"wp","href":"https:\/\/api.w.org\/{rel}","templated":true}]}}