{"id":34526,"date":"2022-08-17T23:35:35","date_gmt":"2022-08-18T02:35:35","guid":{"rendered":"https:\/\/temucotelevision.cl\/web\/?p=34526"},"modified":"2022-08-17T23:35:35","modified_gmt":"2022-08-18T02:35:35","slug":"voceria-de-senadora-carmen-gloria-aravena-por-declaraciones-de-ministra-siches","status":"publish","type":"post","link":"https:\/\/temucotelevision.cl\/web\/2022\/08\/17\/voceria-de-senadora-carmen-gloria-aravena-por-declaraciones-de-ministra-siches\/","title":{"rendered":"Vocer\u00eda de Senadora Carmen Gloria Aravena por declaraciones de Ministra Siches"},"content":{"rendered":"<div class=\"pvc_clear\"><\/div><p id=\"pvc_stats_34526\" class=\"pvc_stats total_only  \" data-element-id=\"34526\" style=\"\"><i class=\"pvc-stats-icon large\" aria-hidden=\"true\"><svg aria-hidden=\"true\" focusable=\"false\" data-prefix=\"far\" data-icon=\"chart-bar\" role=\"img\" xmlns=\"http:\/\/www.w3.org\/2000\/svg\" viewBox=\"0 0 512 512\" class=\"svg-inline--fa fa-chart-bar fa-w-16 fa-2x\"><path fill=\"currentColor\" d=\"M396.8 352h22.4c6.4 0 12.8-6.4 12.8-12.8V108.8c0-6.4-6.4-12.8-12.8-12.8h-22.4c-6.4 0-12.8 6.4-12.8 12.8v230.4c0 6.4 6.4 12.8 12.8 12.8zm-192 0h22.4c6.4 0 12.8-6.4 12.8-12.8V140.8c0-6.4-6.4-12.8-12.8-12.8h-22.4c-6.4 0-12.8 6.4-12.8 12.8v198.4c0 6.4 6.4 12.8 12.8 12.8zm96 0h22.4c6.4 0 12.8-6.4 12.8-12.8V204.8c0-6.4-6.4-12.8-12.8-12.8h-22.4c-6.4 0-12.8 6.4-12.8 12.8v134.4c0 6.4 6.4 12.8 12.8 12.8zM496 400H48V80c0-8.84-7.16-16-16-16H16C7.16 64 0 71.16 0 80v336c0 17.67 14.33 32 32 32h464c8.84 0 16-7.16 16-16v-16c0-8.84-7.16-16-16-16zm-387.2-48h22.4c6.4 0 12.8-6.4 12.8-12.8v-70.4c0-6.4-6.4-12.8-12.8-12.8h-22.4c-6.4 0-12.8 6.4-12.8 12.8v70.4c0 6.4 6.4 12.8 12.8 12.8z\" class=\"\"><\/path><\/svg><\/i> <img loading=\"lazy\" decoding=\"async\" width=\"16\" height=\"16\" alt=\"Loading\" src=\"https:\/\/temucotelevision.cl\/web\/wp-content\/plugins\/page-views-count\/ajax-loader-2x.gif\" border=0 \/><\/p><div class=\"pvc_clear\"><\/div>\n<p>Lo se\u00f1alado por la Ministra del Interior respecto a que el robo de madera reconocido por H\u00e9ctor Llaitul en un video, se trata de un delito com\u00fan, demuestra el profundo desconocimiento y desprecio de la Ministra por la realidad que afecta a miles de personas y familias en La Araucan\u00eda y la Macrozona Sur. Es una verdadera falta de respeto.<\/p>\n\n\n\n<p>Primero, porque el robo de madera no es un delito cualquiera, considerando que genera millones de d\u00f3lares en p\u00e9rdidas al a\u00f1o, en un da\u00f1o directo al pa\u00eds.<\/p>\n\n\n\n<p>Segundo, Llaitul reconoci\u00f3 que con el robo y venta ilegal de madera se financia la organizaci\u00f3n terrorista que encabeza, como es la CAM, para comprar armamento y municiones que utilizan con el fin de cometer diversos delitos y combatir al Estado.<\/p>\n\n\n\n<p>Los delitos que comete la CAM no son comunes, son hechos grav\u00edsimos, que incluyen ataque directo a personas, polic\u00edas y retenes; destruci\u00f3n de predios, escuelas, iglesias y maquinaria; corte de rutas, amenazas y amedrentamiento, entre otros.<\/p>\n\n\n\n<p>Francamente la Ministra Siches no entiende nada o se niega a ver la realidad. En cualquiera de los dos casos, no parece apta para el cargo que ejerce y que es de una enorme responsabilidad.<\/p>\n\n\n\n<p>A tal punto es su desvario, que hoy dijo tambi\u00e9n que Carabineros es una instituci\u00f3n aut\u00f3noma, cuando precisamente depende del Ministerio del que ella est\u00e1 a cargo.&nbsp;<\/p>\n\n\n\n<p>As\u00ed no se podr\u00e1 detener el avance del crimen organizado. Los chilenos estamos a la deriva en materia de seguridad p\u00fablica.<\/p>\n","protected":false},"excerpt":{"rendered":"<div class=\"pvc_clear\"><\/div>\n<p id=\"pvc_stats_34526\" class=\"pvc_stats total_only  \" data-element-id=\"34526\" style=\"\"><i class=\"pvc-stats-icon large\" aria-hidden=\"true\"><svg aria-hidden=\"true\" focusable=\"false\" data-prefix=\"far\" data-icon=\"chart-bar\" role=\"img\" xmlns=\"http:\/\/www.w3.org\/2000\/svg\" viewBox=\"0 0 512 512\" class=\"svg-inline--fa fa-chart-bar fa-w-16 fa-2x\"><path fill=\"currentColor\" d=\"M396.8 352h22.4c6.4 0 12.8-6.4 12.8-12.8V108.8c0-6.4-6.4-12.8-12.8-12.8h-22.4c-6.4 0-12.8 6.4-12.8 12.8v230.4c0 6.4 6.4 12.8 12.8 12.8zm-192 0h22.4c6.4 0 12.8-6.4 12.8-12.8V140.8c0-6.4-6.4-12.8-12.8-12.8h-22.4c-6.4 0-12.8 6.4-12.8 12.8v198.4c0 6.4 6.4 12.8 12.8 12.8zm96 0h22.4c6.4 0 12.8-6.4 12.8-12.8V204.8c0-6.4-6.4-12.8-12.8-12.8h-22.4c-6.4 0-12.8 6.4-12.8 12.8v134.4c0 6.4 6.4 12.8 12.8 12.8zM496 400H48V80c0-8.84-7.16-16-16-16H16C7.16 64 0 71.16 0 80v336c0 17.67 14.33 32 32 32h464c8.84 0 16-7.16 16-16v-16c0-8.84-7.16-16-16-16zm-387.2-48h22.4c6.4 0 12.8-6.4 12.8-12.8v-70.4c0-6.4-6.4-12.8-12.8-12.8h-22.4c-6.4 0-12.8 6.4-12.8 12.8v70.4c0 6.4 6.4 12.8 12.8 12.8z\" class=\"\"><\/path><\/svg><\/i> <img loading=\"lazy\" decoding=\"async\" width=\"16\" height=\"16\" alt=\"Loading\" src=\"https:\/\/temucotelevision.cl\/web\/wp-content\/plugins\/page-views-count\/ajax-loader-2x.gif\" border=0 \/><\/p>\n<div class=\"pvc_clear\"><\/div>\n<p>Lo se\u00f1alado por la Ministra del Interior respecto a que el robo de madera reconocido por H\u00e9ctor Llaitul en un<\/p>\n","protected":false},"author":1,"featured_media":34081,"comment_status":"open","ping_status":"open","sticky":false,"template":"","format":"standard","meta":{"colormag_page_container_layout":"default_layout","colormag_page_sidebar_layout":"default_layout","footnotes":""},"categories":[84],"tags":[2148,730,2065,5136],"class_list":["post-34526","post","type-post","status-publish","format-standard","has-post-thumbnail","hentry","category-politica","tag-dichos","tag-ministra","tag-senadora","tag-siches"],"a3_pvc":{"activated":true,"total_views":49,"today_views":0},"_links":{"self":[{"href":"https:\/\/temucotelevision.cl\/web\/wp-json\/wp\/v2\/posts\/34526","targetHints":{"allow":["GET"]}}],"collection":[{"href":"https:\/\/temucotelevision.cl\/web\/wp-json\/wp\/v2\/posts"}],"about":[{"href":"https:\/\/temucotelevision.cl\/web\/wp-json\/wp\/v2\/types\/post"}],"author":[{"embeddable":true,"href":"https:\/\/temucotelevision.cl\/web\/wp-json\/wp\/v2\/users\/1"}],"replies":[{"embeddable":true,"href":"https:\/\/temucotelevision.cl\/web\/wp-json\/wp\/v2\/comments?post=34526"}],"version-history":[{"count":1,"href":"https:\/\/temucotelevision.cl\/web\/wp-json\/wp\/v2\/posts\/34526\/revisions"}],"predecessor-version":[{"id":34527,"href":"https:\/\/temucotelevision.cl\/web\/wp-json\/wp\/v2\/posts\/34526\/revisions\/34527"}],"wp:featuredmedia":[{"embeddable":true,"href":"https:\/\/temucotelevision.cl\/web\/wp-json\/wp\/v2\/media\/34081"}],"wp:attachment":[{"href":"https:\/\/temucotelevision.cl\/web\/wp-json\/wp\/v2\/media?parent=34526"}],"wp:term":[{"taxonomy":"category","embeddable":true,"href":"https:\/\/temucotelevision.cl\/web\/wp-json\/wp\/v2\/categories?post=34526"},{"taxonomy":"post_tag","embeddable":true,"href":"https:\/\/temucotelevision.cl\/web\/wp-json\/wp\/v2\/tags?post=34526"}],"curies":[{"name":"wp","href":"https:\/\/api.w.org\/{rel}","templated":true}]}}