{"id":3452,"date":"2019-05-06T10:09:50","date_gmt":"2019-05-06T13:09:50","guid":{"rendered":"https:\/\/temucotelevision.cl\/web\/?p=3452"},"modified":"2019-05-06T10:09:50","modified_gmt":"2019-05-06T13:09:50","slug":"inauguran-cupula-del-museo-ferroviario-pablo-neruda","status":"publish","type":"post","link":"https:\/\/temucotelevision.cl\/web\/2019\/05\/06\/inauguran-cupula-del-museo-ferroviario-pablo-neruda\/","title":{"rendered":"Inauguran c\u00fapula del Museo Ferroviario Pablo Neruda"},"content":{"rendered":"<div class=\"pvc_clear\"><\/div>\n<p id=\"pvc_stats_3452\" class=\"pvc_stats total_only  \" data-element-id=\"3452\" style=\"\"><i class=\"pvc-stats-icon large\" aria-hidden=\"true\"><svg aria-hidden=\"true\" focusable=\"false\" data-prefix=\"far\" data-icon=\"chart-bar\" role=\"img\" xmlns=\"http:\/\/www.w3.org\/2000\/svg\" viewBox=\"0 0 512 512\" class=\"svg-inline--fa fa-chart-bar fa-w-16 fa-2x\"><path fill=\"currentColor\" d=\"M396.8 352h22.4c6.4 0 12.8-6.4 12.8-12.8V108.8c0-6.4-6.4-12.8-12.8-12.8h-22.4c-6.4 0-12.8 6.4-12.8 12.8v230.4c0 6.4 6.4 12.8 12.8 12.8zm-192 0h22.4c6.4 0 12.8-6.4 12.8-12.8V140.8c0-6.4-6.4-12.8-12.8-12.8h-22.4c-6.4 0-12.8 6.4-12.8 12.8v198.4c0 6.4 6.4 12.8 12.8 12.8zm96 0h22.4c6.4 0 12.8-6.4 12.8-12.8V204.8c0-6.4-6.4-12.8-12.8-12.8h-22.4c-6.4 0-12.8 6.4-12.8 12.8v134.4c0 6.4 6.4 12.8 12.8 12.8zM496 400H48V80c0-8.84-7.16-16-16-16H16C7.16 64 0 71.16 0 80v336c0 17.67 14.33 32 32 32h464c8.84 0 16-7.16 16-16v-16c0-8.84-7.16-16-16-16zm-387.2-48h22.4c6.4 0 12.8-6.4 12.8-12.8v-70.4c0-6.4-6.4-12.8-12.8-12.8h-22.4c-6.4 0-12.8 6.4-12.8 12.8v70.4c0 6.4 6.4 12.8 12.8 12.8z\" class=\"\"><\/path><\/svg><\/i> <img loading=\"lazy\" decoding=\"async\" width=\"16\" height=\"16\" alt=\"Loading\" src=\"https:\/\/temucotelevision.cl\/web\/wp-content\/plugins\/page-views-count\/ajax-loader-2x.gif\" border=0 \/><\/p>\n<div class=\"pvc_clear\"><\/div>\n<p style=\"text-align: justify;\">La nueva infraestructura convertir\u00e1 a Temuco en un atractivo tur\u00edstico en la Araucan\u00eda, adem\u00e1s de rescatar la cultura y tradiciones de la zona.<\/p>\n<p style=\"text-align: justify;\">Con la presencia de ministro de Obras P\u00fablicas, Juan Andr\u00e9s Fontaine, el ministro de Desarrollo Social, Alfredo Moreno, el intendente de La Araucan\u00eda, Jorge Atton y el alcalde de Temuco, Miguel Becker, se realiz\u00f3 en el Museo Ferroviario Pablo Neruda la ceremonia inaugural del proyecto de Reestructuraci\u00f3n y Mejoramiento integral \u201cCasa de M\u00e1quinas\u201d. Con el fin de presentar a la comunidad las nuevas y mejoradas dependencias del recinto.<\/p>\n<p style=\"text-align: justify;\">La iniciativa cont\u00f3 con un lleno total que borde\u00f3 las mil personas, quienes presenciaron atentamente la inauguraci\u00f3n de la nueva infraestructura, que busca instalar a Temuco como un atractivo tur\u00edstico y cultural en la zona.<\/p>\n<p style=\"text-align: justify;\">Cabe se\u00f1alar que la restauraci\u00f3n tuvo una inversi\u00f3n cercana a los seis mil cuatrocientos millones de pesos, financiadas por el Gobierno Regional, la Subsecretar\u00eda de Desarrollo Regional y la Divisi\u00f3n de Arquitectura, que presenta una de las obras emblem\u00e1ticas en el desarrollo del equipamiento urbano de la capital regional.<\/p>\n<p style=\"text-align: justify;\">Tras la ceremonia, el acalde de Temuco Miguel Becker se mostr\u00f3 muy conforme con el trabajo realizado. \u201cSue\u00f1o cumplido, la verdad es que esto es una gran noticia para nuestra comuna y regi\u00f3n, agradecer todo el trabajo realizado por mucha gente durante a\u00f1os, para que hoy d\u00eda entreguemos esta inversi\u00f3n a la comunidad. Agradecemos a los ministros que est\u00e1n con nosotros, especialmente al ministro de Obras P\u00fablicas, agradecer a los senadores, diputados, consejeros regionales que aportaron recursos y a nuestros concejales, por su permanente preocupaci\u00f3n por este tipo de obras\u201d.<\/p>\n<p style=\"text-align: justify;\">En tanto, el ministro de Obras P\u00fablicas, Juan Andr\u00e9s Fontaine, se mostr\u00f3 muy conforme con los resultados de este megaproyecto, \u201ces una enorme satisfacci\u00f3n haber participado en la inauguraci\u00f3n de la c\u00fapula de la Casa de M\u00e1quinas del Museo Ferroviario Pablo Neruda aqu\u00ed en Temuco. Esta ha sido una iniciativa que ha sido llevada adelante tanto por el Gobierno Regional como el Ministerio de Obras P\u00fablicas, as\u00ed que estamos muy contentos por tener estos resultados\u201d cerr\u00f3.<\/p>\n<p style=\"text-align: justify;\">Destacar, que los trabajos consideraron la restauraci\u00f3n y construcci\u00f3n de nuevos muros de hormig\u00f3n armado, reparaci\u00f3n de la estructura existente, revestimiento de muros perimetrales de acero, construcci\u00f3n de modernos ba\u00f1os p\u00fablicos, boleter\u00eda y un nuevo auditorio. Tambi\u00e9n se contempl\u00f3 un sistema de iluminaci\u00f3n y de climatizaci\u00f3n, adem\u00e1s de una estructura de acero para una cubierta techada, la cual es iluminada con un sistema de alta tecnolog\u00eda convirti\u00e9ndose en un atractivo ante los ojos de los visitantes.<\/p>\n<p style=\"text-align: justify;\">Historia del Museo Ferroviario Pablo Neruda.<br \/>\nEl terreno y las piezas ferroviarias en su interior fueron declarados monumento hist\u00f3rico nacional en el a\u00f1o 1989, cuando pertenec\u00eda a la empresa de Ferrocarriles del Estado, entidad que traspas\u00f3 el sitio a la municipalidad de Temuco el a\u00f1o 2001. Tras varios a\u00f1os de mejoramiento, el lugar fue transformado en el primer y \u00fanico museo nacional Ferroviario de Chile, fue bautizado en honor al poeta nacional Pablo Neruda, hijo de maquinista que creci\u00f3 jugando entre rieles y vapor, y que termin\u00f3 consagrando parte de su poes\u00eda a su pasi\u00f3n por los trenes.<\/p>\n<p style=\"text-align: justify;\">El 27 de febrero de 2010, la estructura, ya d\u00e9bil por el paso de los a\u00f1os fue gravemente afectada por el terremoto 8.8 Richter que azot\u00f3 a Temuco y la zona centro sur de chile. Fue entonces cuando fue declarada inhabitable por el departamento de Obras de la municipalidad y el Serviu.<\/p>\n<p style=\"text-align: justify;\">Fueron a\u00f1os donde las piezas ferroviarias permanecieron a la intemperie, deterior\u00e1ndose r\u00e1pidamente por las condiciones clim\u00e1ticas y la lluvia sure\u00f1a que aceleraba el \u00f3xido de estas antiguas e hist\u00f3ricas moles.<\/p>\n<p style=\"text-align: justify;\">Hoy se ve coronado el sue\u00f1o de muchos que lucharon por preservar el patrimonio ferroviario para las generaciones venideras.<\/p>\n<p style=\"text-align: justify;\">Cabe destacar que el proyecto fue aprobado como aprovechamiento de espacios p\u00fablicos dise\u00f1ado cautelosamente para no intervenir ni causar el m\u00ednimo da\u00f1o a este gran edificio patrimonial de gran valor hist\u00f3rico y arquitect\u00f3nico que hoy abre sus puertas a la comunidad como uno de los m\u00e1s importantes centro de eventos culturales de nuestro pa\u00eds.<\/p>\n","protected":false},"excerpt":{"rendered":"<div class=\"pvc_clear\"><\/div>\n<p id=\"pvc_stats_3452\" class=\"pvc_stats total_only  \" data-element-id=\"3452\" style=\"\"><i class=\"pvc-stats-icon large\" aria-hidden=\"true\"><svg aria-hidden=\"true\" focusable=\"false\" data-prefix=\"far\" data-icon=\"chart-bar\" role=\"img\" xmlns=\"http:\/\/www.w3.org\/2000\/svg\" viewBox=\"0 0 512 512\" class=\"svg-inline--fa fa-chart-bar fa-w-16 fa-2x\"><path fill=\"currentColor\" d=\"M396.8 352h22.4c6.4 0 12.8-6.4 12.8-12.8V108.8c0-6.4-6.4-12.8-12.8-12.8h-22.4c-6.4 0-12.8 6.4-12.8 12.8v230.4c0 6.4 6.4 12.8 12.8 12.8zm-192 0h22.4c6.4 0 12.8-6.4 12.8-12.8V140.8c0-6.4-6.4-12.8-12.8-12.8h-22.4c-6.4 0-12.8 6.4-12.8 12.8v198.4c0 6.4 6.4 12.8 12.8 12.8zm96 0h22.4c6.4 0 12.8-6.4 12.8-12.8V204.8c0-6.4-6.4-12.8-12.8-12.8h-22.4c-6.4 0-12.8 6.4-12.8 12.8v134.4c0 6.4 6.4 12.8 12.8 12.8zM496 400H48V80c0-8.84-7.16-16-16-16H16C7.16 64 0 71.16 0 80v336c0 17.67 14.33 32 32 32h464c8.84 0 16-7.16 16-16v-16c0-8.84-7.16-16-16-16zm-387.2-48h22.4c6.4 0 12.8-6.4 12.8-12.8v-70.4c0-6.4-6.4-12.8-12.8-12.8h-22.4c-6.4 0-12.8 6.4-12.8 12.8v70.4c0 6.4 6.4 12.8 12.8 12.8z\" class=\"\"><\/path><\/svg><\/i> <img loading=\"lazy\" decoding=\"async\" width=\"16\" height=\"16\" alt=\"Loading\" src=\"https:\/\/temucotelevision.cl\/web\/wp-content\/plugins\/page-views-count\/ajax-loader-2x.gif\" border=0 \/><\/p>\n<div class=\"pvc_clear\"><\/div>\n<p>La nueva infraestructura convertir\u00e1 a Temuco en un atractivo tur\u00edstico en la Araucan\u00eda, adem\u00e1s de rescatar la cultura y tradiciones<\/p>\n","protected":false},"author":1,"featured_media":3453,"comment_status":"open","ping_status":"open","sticky":false,"template":"","format":"standard","meta":{"colormag_page_container_layout":"default_layout","colormag_page_sidebar_layout":"default_layout","footnotes":""},"categories":[101],"tags":[488,1360,875,529],"class_list":["post-3452","post","type-post","status-publish","format-standard","has-post-thumbnail","hentry","category-actualidad","tag-cultura","tag-cupula","tag-ferroviario","tag-museo"],"a3_pvc":{"activated":true,"total_views":465,"today_views":0},"_links":{"self":[{"href":"https:\/\/temucotelevision.cl\/web\/wp-json\/wp\/v2\/posts\/3452","targetHints":{"allow":["GET"]}}],"collection":[{"href":"https:\/\/temucotelevision.cl\/web\/wp-json\/wp\/v2\/posts"}],"about":[{"href":"https:\/\/temucotelevision.cl\/web\/wp-json\/wp\/v2\/types\/post"}],"author":[{"embeddable":true,"href":"https:\/\/temucotelevision.cl\/web\/wp-json\/wp\/v2\/users\/1"}],"replies":[{"embeddable":true,"href":"https:\/\/temucotelevision.cl\/web\/wp-json\/wp\/v2\/comments?post=3452"}],"version-history":[{"count":1,"href":"https:\/\/temucotelevision.cl\/web\/wp-json\/wp\/v2\/posts\/3452\/revisions"}],"predecessor-version":[{"id":3454,"href":"https:\/\/temucotelevision.cl\/web\/wp-json\/wp\/v2\/posts\/3452\/revisions\/3454"}],"wp:featuredmedia":[{"embeddable":true,"href":"https:\/\/temucotelevision.cl\/web\/wp-json\/wp\/v2\/media\/3453"}],"wp:attachment":[{"href":"https:\/\/temucotelevision.cl\/web\/wp-json\/wp\/v2\/media?parent=3452"}],"wp:term":[{"taxonomy":"category","embeddable":true,"href":"https:\/\/temucotelevision.cl\/web\/wp-json\/wp\/v2\/categories?post=3452"},{"taxonomy":"post_tag","embeddable":true,"href":"https:\/\/temucotelevision.cl\/web\/wp-json\/wp\/v2\/tags?post=3452"}],"curies":[{"name":"wp","href":"https:\/\/api.w.org\/{rel}","templated":true}]}}