{"id":34518,"date":"2022-08-17T14:43:11","date_gmt":"2022-08-17T17:43:11","guid":{"rendered":"https:\/\/temucotelevision.cl\/web\/?p=34518"},"modified":"2022-08-17T14:43:11","modified_gmt":"2022-08-17T17:43:11","slug":"ministerio-de-agricultura-entrega-apoyos-de-emergencia-del-programa-siembra-por-chile-a-135-agricultores-de-padre-las-casas","status":"publish","type":"post","link":"https:\/\/temucotelevision.cl\/web\/2022\/08\/17\/ministerio-de-agricultura-entrega-apoyos-de-emergencia-del-programa-siembra-por-chile-a-135-agricultores-de-padre-las-casas\/","title":{"rendered":"Ministerio de Agricultura entrega apoyos de emergencia del programa Siembra por Chile a 135 agricultores de Padre Las Casas"},"content":{"rendered":"<div class=\"pvc_clear\"><\/div><p id=\"pvc_stats_34518\" class=\"pvc_stats total_only  \" data-element-id=\"34518\" style=\"\"><i class=\"pvc-stats-icon large\" aria-hidden=\"true\"><svg aria-hidden=\"true\" focusable=\"false\" data-prefix=\"far\" data-icon=\"chart-bar\" role=\"img\" xmlns=\"http:\/\/www.w3.org\/2000\/svg\" viewBox=\"0 0 512 512\" class=\"svg-inline--fa fa-chart-bar fa-w-16 fa-2x\"><path fill=\"currentColor\" d=\"M396.8 352h22.4c6.4 0 12.8-6.4 12.8-12.8V108.8c0-6.4-6.4-12.8-12.8-12.8h-22.4c-6.4 0-12.8 6.4-12.8 12.8v230.4c0 6.4 6.4 12.8 12.8 12.8zm-192 0h22.4c6.4 0 12.8-6.4 12.8-12.8V140.8c0-6.4-6.4-12.8-12.8-12.8h-22.4c-6.4 0-12.8 6.4-12.8 12.8v198.4c0 6.4 6.4 12.8 12.8 12.8zm96 0h22.4c6.4 0 12.8-6.4 12.8-12.8V204.8c0-6.4-6.4-12.8-12.8-12.8h-22.4c-6.4 0-12.8 6.4-12.8 12.8v134.4c0 6.4 6.4 12.8 12.8 12.8zM496 400H48V80c0-8.84-7.16-16-16-16H16C7.16 64 0 71.16 0 80v336c0 17.67 14.33 32 32 32h464c8.84 0 16-7.16 16-16v-16c0-8.84-7.16-16-16-16zm-387.2-48h22.4c6.4 0 12.8-6.4 12.8-12.8v-70.4c0-6.4-6.4-12.8-12.8-12.8h-22.4c-6.4 0-12.8 6.4-12.8 12.8v70.4c0 6.4 6.4 12.8 12.8 12.8z\" class=\"\"><\/path><\/svg><\/i> <img loading=\"lazy\" decoding=\"async\" width=\"16\" height=\"16\" alt=\"Loading\" src=\"https:\/\/temucotelevision.cl\/web\/wp-content\/plugins\/page-views-count\/ajax-loader-2x.gif\" border=0 \/><\/p><div class=\"pvc_clear\"><\/div>\n<p><em>La iniciativa forma parte del convenio que se firm\u00f3 entre la cartera de Estado y las 32 Municipalidades de La Araucan\u00eda para la rehabilitaci\u00f3n de los sistemas productivos de los integrantes de la agricultura familiar campesina.&nbsp;<\/em><\/p>\n\n\n\n<p>En el marco de las acciones de apoyo del programa de Gobierno Siembra por Chile impulsado por el Presidente Gabriel Boric, en la comuna de Padre Las Casas se realiz\u00f3 la entrega de incentivos de emergencia a peque\u00f1os productores agr\u00edcolas no usuarios de INDAP.<\/p>\n\n\n\n<p>La iniciativa, seg\u00fan lo precis\u00f3 el seremi de Agricultura, H\u00e9ctor Cumilaf, abarca a todas las comunas de la Regi\u00f3n. \u201cLa entrega es parte de la emergencia h\u00eddrica que declar\u00f3 el Gobierno en abril pasado, y hoy entregamos este bono a los usuarios no INDAP de la comuna, que son 135 personas. Este programa se extiende a todas las comunas de La Araucan\u00eda a trav\u00e9s de un convenio que fue firmado entre el Ministerio de Agricultura y las Municipalidades de las 32 comunas\u201d.&nbsp;&nbsp;&nbsp;&nbsp;&nbsp;<\/p>\n\n\n\n<p>La ceremonia se realiz\u00f3 en el Centro Cultural de la comuna y a ella asisti\u00f3 el alcalde, Mario Gonz\u00e1lez, concejales y otras autoridades, adem\u00e1s de los integrantes de la agricultura familiar campesina de la comuna.<\/p>\n\n\n\n<p>En total son 2.304 millones de pesos; un esfuerzo significativo del Gobierno, divididos entre INDAP y la Subsecretar\u00eda de Agricultura (con 1.107 y 1.197 millones de pesos respectivamente); para ir en apoyo de los agricultores de las 32 comunas de la Regi\u00f3n.&nbsp;<\/p>\n\n\n\n<p>Los fondos pueden ser utilizados para la compra de forraje, alimentaci\u00f3n animal, insumos ap\u00edcolas, materiales y equipamiento de riego, infraestructura de producci\u00f3n y\/o vol\u00famenes de agua para uso productivo o abastecimiento animal.&nbsp;<\/p>\n\n\n\n<p>En tanto por la l\u00ednea de la reactivaci\u00f3n de cultivos tradicionales los recursos podr\u00e1n ser destinados a la adquisici\u00f3n de insumos para el cultivo, con el prop\u00f3sito de mantener las intenciones de siembra y superficie cultivada por parte de los usuarios.<\/p>\n","protected":false},"excerpt":{"rendered":"<div class=\"pvc_clear\"><\/div>\n<p id=\"pvc_stats_34518\" class=\"pvc_stats total_only  \" data-element-id=\"34518\" style=\"\"><i class=\"pvc-stats-icon large\" aria-hidden=\"true\"><svg aria-hidden=\"true\" focusable=\"false\" data-prefix=\"far\" data-icon=\"chart-bar\" role=\"img\" xmlns=\"http:\/\/www.w3.org\/2000\/svg\" viewBox=\"0 0 512 512\" class=\"svg-inline--fa fa-chart-bar fa-w-16 fa-2x\"><path fill=\"currentColor\" d=\"M396.8 352h22.4c6.4 0 12.8-6.4 12.8-12.8V108.8c0-6.4-6.4-12.8-12.8-12.8h-22.4c-6.4 0-12.8 6.4-12.8 12.8v230.4c0 6.4 6.4 12.8 12.8 12.8zm-192 0h22.4c6.4 0 12.8-6.4 12.8-12.8V140.8c0-6.4-6.4-12.8-12.8-12.8h-22.4c-6.4 0-12.8 6.4-12.8 12.8v198.4c0 6.4 6.4 12.8 12.8 12.8zm96 0h22.4c6.4 0 12.8-6.4 12.8-12.8V204.8c0-6.4-6.4-12.8-12.8-12.8h-22.4c-6.4 0-12.8 6.4-12.8 12.8v134.4c0 6.4 6.4 12.8 12.8 12.8zM496 400H48V80c0-8.84-7.16-16-16-16H16C7.16 64 0 71.16 0 80v336c0 17.67 14.33 32 32 32h464c8.84 0 16-7.16 16-16v-16c0-8.84-7.16-16-16-16zm-387.2-48h22.4c6.4 0 12.8-6.4 12.8-12.8v-70.4c0-6.4-6.4-12.8-12.8-12.8h-22.4c-6.4 0-12.8 6.4-12.8 12.8v70.4c0 6.4 6.4 12.8 12.8 12.8z\" class=\"\"><\/path><\/svg><\/i> <img loading=\"lazy\" decoding=\"async\" width=\"16\" height=\"16\" alt=\"Loading\" src=\"https:\/\/temucotelevision.cl\/web\/wp-content\/plugins\/page-views-count\/ajax-loader-2x.gif\" border=0 \/><\/p>\n<div class=\"pvc_clear\"><\/div>\n<p>La iniciativa forma parte del convenio que se firm\u00f3 entre la cartera de Estado y las 32 Municipalidades de La<\/p>\n","protected":false},"author":1,"featured_media":34519,"comment_status":"open","ping_status":"open","sticky":false,"template":"","format":"standard","meta":{"colormag_page_container_layout":"default_layout","colormag_page_sidebar_layout":"default_layout","footnotes":""},"categories":[15],"tags":[319,345,321,2687,521],"class_list":["post-34518","post","type-post","status-publish","format-standard","has-post-thumbnail","hentry","category-la-araucania","tag-agricultura","tag-apoyo","tag-emergencia","tag-ministerio","tag-programa"],"a3_pvc":{"activated":true,"total_views":47,"today_views":0},"_links":{"self":[{"href":"https:\/\/temucotelevision.cl\/web\/wp-json\/wp\/v2\/posts\/34518","targetHints":{"allow":["GET"]}}],"collection":[{"href":"https:\/\/temucotelevision.cl\/web\/wp-json\/wp\/v2\/posts"}],"about":[{"href":"https:\/\/temucotelevision.cl\/web\/wp-json\/wp\/v2\/types\/post"}],"author":[{"embeddable":true,"href":"https:\/\/temucotelevision.cl\/web\/wp-json\/wp\/v2\/users\/1"}],"replies":[{"embeddable":true,"href":"https:\/\/temucotelevision.cl\/web\/wp-json\/wp\/v2\/comments?post=34518"}],"version-history":[{"count":1,"href":"https:\/\/temucotelevision.cl\/web\/wp-json\/wp\/v2\/posts\/34518\/revisions"}],"predecessor-version":[{"id":34520,"href":"https:\/\/temucotelevision.cl\/web\/wp-json\/wp\/v2\/posts\/34518\/revisions\/34520"}],"wp:featuredmedia":[{"embeddable":true,"href":"https:\/\/temucotelevision.cl\/web\/wp-json\/wp\/v2\/media\/34519"}],"wp:attachment":[{"href":"https:\/\/temucotelevision.cl\/web\/wp-json\/wp\/v2\/media?parent=34518"}],"wp:term":[{"taxonomy":"category","embeddable":true,"href":"https:\/\/temucotelevision.cl\/web\/wp-json\/wp\/v2\/categories?post=34518"},{"taxonomy":"post_tag","embeddable":true,"href":"https:\/\/temucotelevision.cl\/web\/wp-json\/wp\/v2\/tags?post=34518"}],"curies":[{"name":"wp","href":"https:\/\/api.w.org\/{rel}","templated":true}]}}