{"id":34515,"date":"2022-08-17T14:33:36","date_gmt":"2022-08-17T17:33:36","guid":{"rendered":"https:\/\/temucotelevision.cl\/web\/?p=34515"},"modified":"2022-08-17T14:33:36","modified_gmt":"2022-08-17T17:33:36","slug":"antes-de-su-llegada-al-pais-billy-idol-estrena-nuevo-single-y-video-cage","status":"publish","type":"post","link":"https:\/\/temucotelevision.cl\/web\/2022\/08\/17\/antes-de-su-llegada-al-pais-billy-idol-estrena-nuevo-single-y-video-cage\/","title":{"rendered":"Antes de su llegada al pa\u00eds, BILLY IDOL estrena nuevo single y video \u201cCAGE\u201d\u00a0\u00a0"},"content":{"rendered":"<div class=\"pvc_clear\"><\/div><p id=\"pvc_stats_34515\" class=\"pvc_stats total_only  \" data-element-id=\"34515\" style=\"\"><i class=\"pvc-stats-icon large\" aria-hidden=\"true\"><svg aria-hidden=\"true\" focusable=\"false\" data-prefix=\"far\" data-icon=\"chart-bar\" role=\"img\" xmlns=\"http:\/\/www.w3.org\/2000\/svg\" viewBox=\"0 0 512 512\" class=\"svg-inline--fa fa-chart-bar fa-w-16 fa-2x\"><path fill=\"currentColor\" d=\"M396.8 352h22.4c6.4 0 12.8-6.4 12.8-12.8V108.8c0-6.4-6.4-12.8-12.8-12.8h-22.4c-6.4 0-12.8 6.4-12.8 12.8v230.4c0 6.4 6.4 12.8 12.8 12.8zm-192 0h22.4c6.4 0 12.8-6.4 12.8-12.8V140.8c0-6.4-6.4-12.8-12.8-12.8h-22.4c-6.4 0-12.8 6.4-12.8 12.8v198.4c0 6.4 6.4 12.8 12.8 12.8zm96 0h22.4c6.4 0 12.8-6.4 12.8-12.8V204.8c0-6.4-6.4-12.8-12.8-12.8h-22.4c-6.4 0-12.8 6.4-12.8 12.8v134.4c0 6.4 6.4 12.8 12.8 12.8zM496 400H48V80c0-8.84-7.16-16-16-16H16C7.16 64 0 71.16 0 80v336c0 17.67 14.33 32 32 32h464c8.84 0 16-7.16 16-16v-16c0-8.84-7.16-16-16-16zm-387.2-48h22.4c6.4 0 12.8-6.4 12.8-12.8v-70.4c0-6.4-6.4-12.8-12.8-12.8h-22.4c-6.4 0-12.8 6.4-12.8 12.8v70.4c0 6.4 6.4 12.8 12.8 12.8z\" class=\"\"><\/path><\/svg><\/i> <img loading=\"lazy\" decoding=\"async\" width=\"16\" height=\"16\" alt=\"Loading\" src=\"https:\/\/temucotelevision.cl\/web\/wp-content\/plugins\/page-views-count\/ajax-loader-2x.gif\" border=0 \/><\/p><div class=\"pvc_clear\"><\/div>\n<p><strong>Billy Idol<\/strong> anunci\u00f3 el lanzamiento de su pr\u00f3ximo <strong>EP \u201cThe Cage\u201d<\/strong> que saldr\u00e1 a la venta el <strong>23 de septiembre<\/strong> a trav\u00e9s de <strong>Dark Horse Records<\/strong> \/ <strong>BMG<\/strong>.\u00a0 Este nuevo material sigue al lanzamiento del EP de 2021 \u201c<strong>The Roadside\u201d<\/strong>, que inclu\u00eda el hit Top 15 &#8220;<strong>Bitter Taste<\/strong>&#8221; y que recibi\u00f3 elogios de los fans y de la cr\u00edtica.\u00a0 Al igual que en <em>The Roadside EP<\/em>, Idol est\u00e1 acompa\u00f1ado en este nuevo proyecto por su colaborador de siempre, el co-compositor y guitarrista <strong>Steve Stevens<\/strong>.\u00a0 Los fans pueden reservar <em>The Cage EP<\/em> <a rel=\"noreferrer noopener\" href=\"https:\/\/billyidol.lnk.to\/TheCageEPPR\" target=\"_blank\">aqu\u00ed<\/a>.<\/p>\n\n\n\n<iframe loading=\"lazy\" width=\"560\" height=\"315\" src=\"https:\/\/www.youtube.com\/embed\/OHndHseXKQU\" title=\"YouTube video player\" frameborder=\"0\" allow=\"accelerometer; autoplay; clipboard-write; encrypted-media; gyroscope; picture-in-picture\" allowfullscreen><\/iframe>\n\n\n\n<p>Para celebrar el pr\u00f3ximo lanzamiento, <strong>Billy Idol estren\u00f3 hoy el single principal<\/strong> del EP, &#8220;<strong>Cage<\/strong>&#8220;, con un <a href=\"https:\/\/www.youtube.com\/watch?v=OHndHseXKQU\" target=\"_blank\" rel=\"noreferrer noopener\">videoclip<\/a> dirigido por <strong>Steven Sebring<\/strong> (Patti Smith, Jack White).&nbsp;&nbsp;<\/p>\n\n\n\n<p><em>&#8220;Al salir de la cuarentena, la gente ten\u00eda mucha energ\u00eda acumulada\u201d,<\/em> recuerda el coproductor <strong>Tommy English <\/strong>(Kacey Musgraves, B\u00d8RNS), quien tambi\u00e9n coescribi\u00f3 tres de los temas del \u00e1lbum con Idol, Stevens y <strong>Joe Janiak<\/strong> (Ellie Goulding, Adam Lambert).&nbsp; <em>&#8220;Esa fue la inspiraci\u00f3n para <\/em><strong><em>\u201cCage\u201d<\/em><\/strong><em>.&nbsp; Salir y hacer las cosas que hab\u00edamos perdido.&nbsp; Y eso incluye no tener miedo de hacer una canci\u00f3n punk rock estridente como <\/em><strong><em>\u201cCage\u201d<\/em><\/strong><em>.&nbsp; Y no nos preocupamos si encajaba porque simplemente suena muy Billy&#8221;.<\/em>&nbsp;<\/p>\n\n\n\n<p><strong>Idol<\/strong> dio la noticia del lanzamiento en <strong><em>Variety<\/em><\/strong> junto con los planes para un pr\u00f3ximo documental sobre su vida dirigido por <strong>Jonas Akerlund<\/strong> (Paul McCartney, Madonna); del cual pronto se dar\u00e1n a conocer m\u00e1s detalles ya que la pel\u00edcula est\u00e1 actualmente en las etapas finales de producci\u00f3n.&nbsp;<\/p>\n\n\n\n<p>Aprovechando el impulso generado por el lanzamiento del EP The Roadside de 2021, <strong>Billy<\/strong> ha vuelto a dar rienda suelta a su esp\u00edritu de uni\u00f3n y ha recurrido a colaboradores contempor\u00e1neos para que le ayuden a ampliar su ya vasta paleta musical, tomando lo mejor del pasado y envolvi\u00e9ndolo en algo totalmente nuevo.&nbsp;<\/p>\n\n\n\n<p><\/p>\n","protected":false},"excerpt":{"rendered":"<div class=\"pvc_clear\"><\/div>\n<p id=\"pvc_stats_34515\" class=\"pvc_stats total_only  \" data-element-id=\"34515\" style=\"\"><i class=\"pvc-stats-icon large\" aria-hidden=\"true\"><svg aria-hidden=\"true\" focusable=\"false\" data-prefix=\"far\" data-icon=\"chart-bar\" role=\"img\" xmlns=\"http:\/\/www.w3.org\/2000\/svg\" viewBox=\"0 0 512 512\" class=\"svg-inline--fa fa-chart-bar fa-w-16 fa-2x\"><path fill=\"currentColor\" d=\"M396.8 352h22.4c6.4 0 12.8-6.4 12.8-12.8V108.8c0-6.4-6.4-12.8-12.8-12.8h-22.4c-6.4 0-12.8 6.4-12.8 12.8v230.4c0 6.4 6.4 12.8 12.8 12.8zm-192 0h22.4c6.4 0 12.8-6.4 12.8-12.8V140.8c0-6.4-6.4-12.8-12.8-12.8h-22.4c-6.4 0-12.8 6.4-12.8 12.8v198.4c0 6.4 6.4 12.8 12.8 12.8zm96 0h22.4c6.4 0 12.8-6.4 12.8-12.8V204.8c0-6.4-6.4-12.8-12.8-12.8h-22.4c-6.4 0-12.8 6.4-12.8 12.8v134.4c0 6.4 6.4 12.8 12.8 12.8zM496 400H48V80c0-8.84-7.16-16-16-16H16C7.16 64 0 71.16 0 80v336c0 17.67 14.33 32 32 32h464c8.84 0 16-7.16 16-16v-16c0-8.84-7.16-16-16-16zm-387.2-48h22.4c6.4 0 12.8-6.4 12.8-12.8v-70.4c0-6.4-6.4-12.8-12.8-12.8h-22.4c-6.4 0-12.8 6.4-12.8 12.8v70.4c0 6.4 6.4 12.8 12.8 12.8z\" class=\"\"><\/path><\/svg><\/i> <img loading=\"lazy\" decoding=\"async\" width=\"16\" height=\"16\" alt=\"Loading\" src=\"https:\/\/temucotelevision.cl\/web\/wp-content\/plugins\/page-views-count\/ajax-loader-2x.gif\" border=0 \/><\/p>\n<div class=\"pvc_clear\"><\/div>\n<p>Billy Idol anunci\u00f3 el lanzamiento de su pr\u00f3ximo EP \u201cThe Cage\u201d que saldr\u00e1 a la venta el 23 de septiembre<\/p>\n","protected":false},"author":1,"featured_media":34516,"comment_status":"open","ping_status":"open","sticky":false,"template":"","format":"standard","meta":{"colormag_page_container_layout":"default_layout","colormag_page_sidebar_layout":"default_layout","footnotes":""},"categories":[369],"tags":[5699,609,2078,372,445],"class_list":["post-34515","post","type-post","status-publish","format-standard","has-post-thumbnail","hentry","category-musica","tag-billy-idol","tag-estreno","tag-lanzamiento","tag-single","tag-video"],"a3_pvc":{"activated":true,"total_views":51,"today_views":0},"_links":{"self":[{"href":"https:\/\/temucotelevision.cl\/web\/wp-json\/wp\/v2\/posts\/34515","targetHints":{"allow":["GET"]}}],"collection":[{"href":"https:\/\/temucotelevision.cl\/web\/wp-json\/wp\/v2\/posts"}],"about":[{"href":"https:\/\/temucotelevision.cl\/web\/wp-json\/wp\/v2\/types\/post"}],"author":[{"embeddable":true,"href":"https:\/\/temucotelevision.cl\/web\/wp-json\/wp\/v2\/users\/1"}],"replies":[{"embeddable":true,"href":"https:\/\/temucotelevision.cl\/web\/wp-json\/wp\/v2\/comments?post=34515"}],"version-history":[{"count":1,"href":"https:\/\/temucotelevision.cl\/web\/wp-json\/wp\/v2\/posts\/34515\/revisions"}],"predecessor-version":[{"id":34517,"href":"https:\/\/temucotelevision.cl\/web\/wp-json\/wp\/v2\/posts\/34515\/revisions\/34517"}],"wp:featuredmedia":[{"embeddable":true,"href":"https:\/\/temucotelevision.cl\/web\/wp-json\/wp\/v2\/media\/34516"}],"wp:attachment":[{"href":"https:\/\/temucotelevision.cl\/web\/wp-json\/wp\/v2\/media?parent=34515"}],"wp:term":[{"taxonomy":"category","embeddable":true,"href":"https:\/\/temucotelevision.cl\/web\/wp-json\/wp\/v2\/categories?post=34515"},{"taxonomy":"post_tag","embeddable":true,"href":"https:\/\/temucotelevision.cl\/web\/wp-json\/wp\/v2\/tags?post=34515"}],"curies":[{"name":"wp","href":"https:\/\/api.w.org\/{rel}","templated":true}]}}