{"id":34459,"date":"2022-08-15T13:22:09","date_gmt":"2022-08-15T16:22:09","guid":{"rendered":"https:\/\/temucotelevision.cl\/web\/?p=34459"},"modified":"2022-08-15T13:22:36","modified_gmt":"2022-08-15T16:22:36","slug":"programa-sucesion-familiar-para-pymes-empresas-elaboran-planes-de-sucesion-con-apoyo-de-fundacion-emprender","status":"publish","type":"post","link":"https:\/\/temucotelevision.cl\/web\/2022\/08\/15\/programa-sucesion-familiar-para-pymes-empresas-elaboran-planes-de-sucesion-con-apoyo-de-fundacion-emprender\/","title":{"rendered":"Programa Sucesi\u00f3n Familiar para Pymes: Empresas elaboran planes de sucesi\u00f3n con apoyo de Fundaci\u00f3n Emprender"},"content":{"rendered":"<div class=\"pvc_clear\"><\/div><p id=\"pvc_stats_34459\" class=\"pvc_stats total_only  \" data-element-id=\"34459\" style=\"\"><i class=\"pvc-stats-icon large\" aria-hidden=\"true\"><svg aria-hidden=\"true\" focusable=\"false\" data-prefix=\"far\" data-icon=\"chart-bar\" role=\"img\" xmlns=\"http:\/\/www.w3.org\/2000\/svg\" viewBox=\"0 0 512 512\" class=\"svg-inline--fa fa-chart-bar fa-w-16 fa-2x\"><path fill=\"currentColor\" d=\"M396.8 352h22.4c6.4 0 12.8-6.4 12.8-12.8V108.8c0-6.4-6.4-12.8-12.8-12.8h-22.4c-6.4 0-12.8 6.4-12.8 12.8v230.4c0 6.4 6.4 12.8 12.8 12.8zm-192 0h22.4c6.4 0 12.8-6.4 12.8-12.8V140.8c0-6.4-6.4-12.8-12.8-12.8h-22.4c-6.4 0-12.8 6.4-12.8 12.8v198.4c0 6.4 6.4 12.8 12.8 12.8zm96 0h22.4c6.4 0 12.8-6.4 12.8-12.8V204.8c0-6.4-6.4-12.8-12.8-12.8h-22.4c-6.4 0-12.8 6.4-12.8 12.8v134.4c0 6.4 6.4 12.8 12.8 12.8zM496 400H48V80c0-8.84-7.16-16-16-16H16C7.16 64 0 71.16 0 80v336c0 17.67 14.33 32 32 32h464c8.84 0 16-7.16 16-16v-16c0-8.84-7.16-16-16-16zm-387.2-48h22.4c6.4 0 12.8-6.4 12.8-12.8v-70.4c0-6.4-6.4-12.8-12.8-12.8h-22.4c-6.4 0-12.8 6.4-12.8 12.8v70.4c0 6.4 6.4 12.8 12.8 12.8z\" class=\"\"><\/path><\/svg><\/i> <img loading=\"lazy\" decoding=\"async\" width=\"16\" height=\"16\" alt=\"Loading\" src=\"https:\/\/temucotelevision.cl\/web\/wp-content\/plugins\/page-views-count\/ajax-loader-2x.gif\" border=0 \/><\/p><div class=\"pvc_clear\"><\/div>\n<p><em>Empresarios de las regiones de \u00d1uble, Araucan\u00eda y Metropolitana, participaron del primer ciclo del Programa Sucesi\u00f3n Familiar para pymes, ejecutado por Fundaci\u00f3n Emprender, que anunci\u00f3 un segundo ciclo para inicios del mes de septiembre.<\/em><\/p>\n\n\n\n<p>El pr\u00f3ximo a\u00f1o la empresa MaxHuber, l\u00edder en impresi\u00f3n y soluciones gr\u00e1ficas cumple 100 a\u00f1os de existencia. Un camino iniciado en los albores de la d\u00e9cada del 20 con la creaci\u00f3n del primer centro de copiado en Chile con equipos heliogr\u00e1ficos alemanes,&nbsp;las m\u00e1s modernas copiadoras de planos de la \u00e9poca.&nbsp;<\/p>\n\n\n\n<p>La empresa ha logrado mantenerse en el tiempo, siendo tres las generaciones que han trabajado para dar continuidad y mejorar los procesos conforme al avance de las nuevas tecnolog\u00edas y desarrollo de soluciones.&nbsp;<\/p>\n\n\n\n<p>Identificar las necesidades presentes y futuras y tener claro el modelo de negocios a seguir, ha sido un factor clave al interior de MaxHuber, acompa\u00f1ado de un proceso de sucesi\u00f3n exitoso para una compa\u00f1\u00eda en donde el v\u00ednculo entre empresa e historia familiar resulta fundamental.&nbsp;<\/p>\n\n\n\n<p>\u201c<em>Es muy com\u00fan que las empresas familiares se preocupen de su sucesi\u00f3n cuando una tragedia toca la puerta, o el proceso se realiza en forma espont\u00e1nea e intuitiva y adem\u00e1s, muchas veces se parte por la asesor\u00eda legal antes que por el modelo de negocio y su v\u00ednculo con la historia de la familia<\/em>\u201d, comenta Herbert Huber, gerente general de Max Huber.<\/p>\n\n\n\n<p>Director en Fundaci\u00f3n Emprender Herbert Huber lider\u00f3 el primer programa de acompa\u00f1amiento a empresas en materia de sucesi\u00f3n familiar, orientado a conocer las mejores alternativas para abordar este desaf\u00edo. Un proceso que dur\u00f3 4 meses y en donde participaron empresarios de las regiones Metropolitana, \u00d1uble y Araucan\u00eda.<\/p>\n\n\n\n<p>Vicente Wilson, Director Ejecutivo de Fundaci\u00f3n Emprender explica que este es un programa&nbsp;<em>\u201checho para empresas peque\u00f1as y medianas y es el primer programa que como Fundaci\u00f3n realizamos bajo un formato en donde participan los due\u00f1os de estas pymes y sus hijos en un ambiente de conversaci\u00f3n y con expertos de primer nivel\u201d.<\/em><\/p>\n\n\n\n<p><strong>Traspaso de liderazgos&nbsp;<\/strong><\/p>\n\n\n\n<p>El programa abord\u00f3 temas como la gobernanza, herencia, sucesi\u00f3n patrimonial, emocionalidad y direcci\u00f3n de personas, entre otros y fue ampliamente valorado por los empresarios y empresarias participantes.&nbsp;<\/p>\n\n\n\n<p>Una de ellas es Catalina Figueroa de la empresa Prom Ingenier\u00eda, para quien este programa permiti\u00f3&nbsp;<em>\u201c<\/em><em>que tanto yo como mi pap\u00e1 que es de la primera generaci\u00f3n, pudi\u00e9ramos entendernos un poco m\u00e1s y comunicarnos mejor. Lo que es \u00fatil para el d\u00eda a d\u00eda en la empresa y adem\u00e1s para ir preparando el proceso de la sucesi\u00f3n\u201d.<\/em><\/p>\n\n\n\n<p>Una experiencia similar es la que comparte Cristi\u00e1n Duch de la empresa Selfbox.&nbsp;<em>\u201cEste programa nos ayud\u00f3 a entendernos entre los socios que somos padre e hijo. Con todas nuestras diferencias y entender c\u00f3mo se comunican las distintas generaciones. Nos hizo ver que hay cosas muy positivas de esta nueva generaci\u00f3n. La generaci\u00f3n baby boomer, que es la de mi pap\u00e1, es m\u00e1s aprensiva, menos propensa al cambio y ese el conflicto que hay que solucionar para poder tener una buena convivencia\u201d.<\/em><\/p>\n\n\n\n<p>Para Fundaci\u00f3n Emprender el balance de este primer programa es positivo, ya que se logr\u00f3 generar conciencia de que un proceso de sucesi\u00f3n va mucho m\u00e1s all\u00e1 del traspaso de la propiedad de la empresa.&nbsp;<\/p>\n\n\n\n<p>El Programa permiti\u00f3 a los empresarios y empresarias elaborar su propio plan de sucesi\u00f3n familiar, incorporando todo lo aprendido y entregado en cada una de las sesiones.&nbsp;<\/p>\n\n\n\n<p><em>\u201cEl proceso de sucesi\u00f3n familiar es m\u00e1s exitoso si se hace con tiempo, en forma ordenada y mientras la familia est\u00e9 en armon\u00eda, en ausencia de conflictos importantes. Ese era uno de los objetivos que ten\u00edamos como programa y eso se logr\u00f3 cuando vimos los planes de sucesi\u00f3n de las familias participantes, las cuales seg\u00fan su estado actual de sucesi\u00f3n incorporaron los temas que tratamos en las sesiones previas a partir de los casos pr\u00e1cticos y tambi\u00e9n a partir de los contenidos que entregaron los especialistas y los temas que estuvieron presentes en cada sesi\u00f3n para cada uno de los temas, incluidos los temas legales\u201d,\u00a0<\/em>concluye Huber.\u00a0Entre los expertos que fueron parte de este proceso, destacan: Alejandra Cecarelli, consultora internacional en Gobierno Corporativo; Gerson Volenskyi, Director del M\u00e1ster en Direcci\u00f3n de Personas y Organizaciones de la UAI; Gonzalo Jim\u00e9nez, experto en Gobierno Corporativo y Transformaci\u00f3n Empresarial; Alfredo Montes, abogado y Estela Drake, psic\u00f3loga y coach.<\/p>\n\n\n\n<figure class=\"wp-block-image size-large\"><img loading=\"lazy\" decoding=\"async\" width=\"1024\" height=\"934\" src=\"https:\/\/temucotelevision.cl\/web\/wp-content\/uploads\/2022\/08\/GRUPAL-1024x934.jpeg\" alt=\"\" class=\"wp-image-34462\" srcset=\"https:\/\/temucotelevision.cl\/web\/wp-content\/uploads\/2022\/08\/GRUPAL-1024x934.jpeg 1024w, https:\/\/temucotelevision.cl\/web\/wp-content\/uploads\/2022\/08\/GRUPAL-768x701.jpeg 768w, https:\/\/temucotelevision.cl\/web\/wp-content\/uploads\/2022\/08\/GRUPAL.jpeg 1280w\" sizes=\"auto, (max-width: 1024px) 100vw, 1024px\" \/><\/figure>\n","protected":false},"excerpt":{"rendered":"<div class=\"pvc_clear\"><\/div>\n<p id=\"pvc_stats_34459\" class=\"pvc_stats total_only  \" data-element-id=\"34459\" style=\"\"><i class=\"pvc-stats-icon large\" aria-hidden=\"true\"><svg aria-hidden=\"true\" focusable=\"false\" data-prefix=\"far\" data-icon=\"chart-bar\" role=\"img\" xmlns=\"http:\/\/www.w3.org\/2000\/svg\" viewBox=\"0 0 512 512\" class=\"svg-inline--fa fa-chart-bar fa-w-16 fa-2x\"><path fill=\"currentColor\" d=\"M396.8 352h22.4c6.4 0 12.8-6.4 12.8-12.8V108.8c0-6.4-6.4-12.8-12.8-12.8h-22.4c-6.4 0-12.8 6.4-12.8 12.8v230.4c0 6.4 6.4 12.8 12.8 12.8zm-192 0h22.4c6.4 0 12.8-6.4 12.8-12.8V140.8c0-6.4-6.4-12.8-12.8-12.8h-22.4c-6.4 0-12.8 6.4-12.8 12.8v198.4c0 6.4 6.4 12.8 12.8 12.8zm96 0h22.4c6.4 0 12.8-6.4 12.8-12.8V204.8c0-6.4-6.4-12.8-12.8-12.8h-22.4c-6.4 0-12.8 6.4-12.8 12.8v134.4c0 6.4 6.4 12.8 12.8 12.8zM496 400H48V80c0-8.84-7.16-16-16-16H16C7.16 64 0 71.16 0 80v336c0 17.67 14.33 32 32 32h464c8.84 0 16-7.16 16-16v-16c0-8.84-7.16-16-16-16zm-387.2-48h22.4c6.4 0 12.8-6.4 12.8-12.8v-70.4c0-6.4-6.4-12.8-12.8-12.8h-22.4c-6.4 0-12.8 6.4-12.8 12.8v70.4c0 6.4 6.4 12.8 12.8 12.8z\" class=\"\"><\/path><\/svg><\/i> <img loading=\"lazy\" decoding=\"async\" width=\"16\" height=\"16\" alt=\"Loading\" src=\"https:\/\/temucotelevision.cl\/web\/wp-content\/plugins\/page-views-count\/ajax-loader-2x.gif\" border=0 \/><\/p>\n<div class=\"pvc_clear\"><\/div>\n<p>Empresarios de las regiones de \u00d1uble, Araucan\u00eda y Metropolitana, participaron del primer ciclo del Programa Sucesi\u00f3n Familiar para pymes, ejecutado<\/p>\n","protected":false},"author":1,"featured_media":34460,"comment_status":"open","ping_status":"open","sticky":false,"template":"","format":"standard","meta":{"colormag_page_container_layout":"default_layout","colormag_page_sidebar_layout":"default_layout","footnotes":""},"categories":[15],"tags":[1042,1716,1095,2032,170],"class_list":["post-34459","post","type-post","status-publish","format-standard","has-post-thumbnail","hentry","category-la-araucania","tag-empresas","tag-fundacion","tag-planes","tag-pymes","tag-region"],"a3_pvc":{"activated":true,"total_views":107,"today_views":0},"_links":{"self":[{"href":"https:\/\/temucotelevision.cl\/web\/wp-json\/wp\/v2\/posts\/34459","targetHints":{"allow":["GET"]}}],"collection":[{"href":"https:\/\/temucotelevision.cl\/web\/wp-json\/wp\/v2\/posts"}],"about":[{"href":"https:\/\/temucotelevision.cl\/web\/wp-json\/wp\/v2\/types\/post"}],"author":[{"embeddable":true,"href":"https:\/\/temucotelevision.cl\/web\/wp-json\/wp\/v2\/users\/1"}],"replies":[{"embeddable":true,"href":"https:\/\/temucotelevision.cl\/web\/wp-json\/wp\/v2\/comments?post=34459"}],"version-history":[{"count":2,"href":"https:\/\/temucotelevision.cl\/web\/wp-json\/wp\/v2\/posts\/34459\/revisions"}],"predecessor-version":[{"id":34463,"href":"https:\/\/temucotelevision.cl\/web\/wp-json\/wp\/v2\/posts\/34459\/revisions\/34463"}],"wp:featuredmedia":[{"embeddable":true,"href":"https:\/\/temucotelevision.cl\/web\/wp-json\/wp\/v2\/media\/34460"}],"wp:attachment":[{"href":"https:\/\/temucotelevision.cl\/web\/wp-json\/wp\/v2\/media?parent=34459"}],"wp:term":[{"taxonomy":"category","embeddable":true,"href":"https:\/\/temucotelevision.cl\/web\/wp-json\/wp\/v2\/categories?post=34459"},{"taxonomy":"post_tag","embeddable":true,"href":"https:\/\/temucotelevision.cl\/web\/wp-json\/wp\/v2\/tags?post=34459"}],"curies":[{"name":"wp","href":"https:\/\/api.w.org\/{rel}","templated":true}]}}