{"id":34456,"date":"2022-08-15T12:55:59","date_gmt":"2022-08-15T15:55:59","guid":{"rendered":"https:\/\/temucotelevision.cl\/web\/?p=34456"},"modified":"2022-08-15T12:56:00","modified_gmt":"2022-08-15T15:56:00","slug":"avanza-proyecto-para-construir-un-nuevo-cuartel-de-bomberos-en-metrenco","status":"publish","type":"post","link":"https:\/\/temucotelevision.cl\/web\/2022\/08\/15\/avanza-proyecto-para-construir-un-nuevo-cuartel-de-bomberos-en-metrenco\/","title":{"rendered":"Avanza proyecto para construir un nuevo cuartel de Bomberos en\u00a0Metrenco\u00a0"},"content":{"rendered":"<div class=\"pvc_clear\"><\/div><p id=\"pvc_stats_34456\" class=\"pvc_stats total_only  \" data-element-id=\"34456\" style=\"\"><i class=\"pvc-stats-icon large\" aria-hidden=\"true\"><svg aria-hidden=\"true\" focusable=\"false\" data-prefix=\"far\" data-icon=\"chart-bar\" role=\"img\" xmlns=\"http:\/\/www.w3.org\/2000\/svg\" viewBox=\"0 0 512 512\" class=\"svg-inline--fa fa-chart-bar fa-w-16 fa-2x\"><path fill=\"currentColor\" d=\"M396.8 352h22.4c6.4 0 12.8-6.4 12.8-12.8V108.8c0-6.4-6.4-12.8-12.8-12.8h-22.4c-6.4 0-12.8 6.4-12.8 12.8v230.4c0 6.4 6.4 12.8 12.8 12.8zm-192 0h22.4c6.4 0 12.8-6.4 12.8-12.8V140.8c0-6.4-6.4-12.8-12.8-12.8h-22.4c-6.4 0-12.8 6.4-12.8 12.8v198.4c0 6.4 6.4 12.8 12.8 12.8zm96 0h22.4c6.4 0 12.8-6.4 12.8-12.8V204.8c0-6.4-6.4-12.8-12.8-12.8h-22.4c-6.4 0-12.8 6.4-12.8 12.8v134.4c0 6.4 6.4 12.8 12.8 12.8zM496 400H48V80c0-8.84-7.16-16-16-16H16C7.16 64 0 71.16 0 80v336c0 17.67 14.33 32 32 32h464c8.84 0 16-7.16 16-16v-16c0-8.84-7.16-16-16-16zm-387.2-48h22.4c6.4 0 12.8-6.4 12.8-12.8v-70.4c0-6.4-6.4-12.8-12.8-12.8h-22.4c-6.4 0-12.8 6.4-12.8 12.8v70.4c0 6.4 6.4 12.8 12.8 12.8z\" class=\"\"><\/path><\/svg><\/i> <img loading=\"lazy\" decoding=\"async\" width=\"16\" height=\"16\" alt=\"Loading\" src=\"https:\/\/temucotelevision.cl\/web\/wp-content\/plugins\/page-views-count\/ajax-loader-2x.gif\" border=0 \/><\/p><div class=\"pvc_clear\"><\/div>\n<p>Un notable avance registra el proyecto de construcci\u00f3n de un nuevo cuartel de Bomberos en la localidad de Metrenco.<\/p>\n\n\n\n<p>Autoridades del Cuerpo de Bomberos de Temuco, a cuya jurisdicci\u00f3n corresponde la Brigada de Bomberos Metrenco, recorrieron el actual cuartel junto a la consejera regional, Ana Mar\u00eda Soto, para darle a conocer en terreno el estado de la iniciativa y la urgente necesidad de construir un nuevo cuartel, ya que las condiciones del actual inmueble, ubicado junto a la Ruta 5 Sur no son las ideales para esta labor de servicio p\u00fablico, a la vez que los voluntarios requieren un edificio que cuente con mayor espacio para desarrollar sus actividades de servicio a la comunidad, como sala de m\u00e1quinas para proteger los carrobombas de la intemperie, dependencias para entrenamientos, reuniones y tambi\u00e9n para que pernocte su guardia nocturna.<\/p>\n\n\n\n<p>Actualmente, el Cuerpo de Bomberos de Temuco ya dispone de un terreno de mayor envergadura en Metrenco, donde se pretende construir el cuartel, de modo que tras el recorrido, la consejera Soto gestion\u00f3 de inmediato un encuentro con la seremi de Desarrollo Social de La Araucan\u00eda, Mariela Huillipan, con la finalidad de conocer el estado actual del proyecto.<\/p>\n\n\n\n<p>En la reuni\u00f3n, la seremi entreg\u00f3 buenas noticias a los voluntarios, anunciando que existen posibilidades de que el cuartel comience su construcci\u00f3n a corto plazo.<\/p>\n\n\n\n<p>\u201cSe hicieron unas observaciones muy m\u00ednimas que, avanzando todos en coordinaci\u00f3n, al menos desde la Seremi de Desarrollo Social ya prontamente podr\u00edamos estar dando la aprobaci\u00f3n satisfactoria o el famoso RS\u201d, anunci\u00f3 Mariela Huillipan.<\/p>\n\n\n\n<p><strong>AGRADECIMIENTOS<\/strong><\/p>\n\n\n\n<p>La directora de la Brigada de Bomberos Metrenco, Solange Antiman, agradeci\u00f3 las gestiones realizadas por la consejera regional y la buena disposici\u00f3n manifestada por la seremi de Desarrollo Social hacia el proyecto, manifestando que \u201chemos dado un paso muy importante para Metrenco y sus alrededores porque este proyecto de nuevo cuartel es en beneficio de todos los habitantes de la localidad\u201d.<\/p>\n\n\n\n<p>En tanto, la consejera regional, Ana Mar\u00eda Soto, reconoci\u00f3 la buena disposici\u00f3n que han tenido las autoridades de Gobierno para las aspiraciones de contar con nuevo cuartel de Bomberos en Metrenco, y explic\u00f3 que \u201csolamente se han hecho observaciones de forma, tal como ha ocurrido con muchos proyectos. Por ejemplo, se ha pedido actualizar los presupuestos y creemos que este proceso andar\u00e1 bastante r\u00e1pido, pues se ha manifestado que cuando ingresen estas correcciones que son solamente de forma, al cabo de unos d\u00edas se podr\u00eda obtener el RS\u201d.<\/p>\n\n\n\n<p>La consejera a\u00f1adi\u00f3 que una vez obtenido el \u201cRS\u201d, que es una condici\u00f3n administrativa, que significa que el proyecto cumple con todos los requisitos t\u00e9cnicos y econ\u00f3micos para poder financiarlo y ejecutarlo, se pueden gestionar ante el Gobierno Regional los recursos para la construcci\u00f3n.<\/p>\n\n\n\n<p>Finalmente, Ana Mar\u00eda Soto se mostr\u00f3 optimista con la idea de que el nuevo cuartel comience a ser construido en breve plazo, subrayando que \u201ceste tema ya lo hemos conversado con el gobernador regional, quien ha manifestado su plena disposici\u00f3n para apoyar con recursos a Bomberos y dentro del Consejo Regional siempre ha existido toda la voluntad de apoyarlos\u201d.<\/p>\n","protected":false},"excerpt":{"rendered":"<div class=\"pvc_clear\"><\/div>\n<p id=\"pvc_stats_34456\" class=\"pvc_stats total_only  \" data-element-id=\"34456\" style=\"\"><i class=\"pvc-stats-icon large\" aria-hidden=\"true\"><svg aria-hidden=\"true\" focusable=\"false\" data-prefix=\"far\" data-icon=\"chart-bar\" role=\"img\" xmlns=\"http:\/\/www.w3.org\/2000\/svg\" viewBox=\"0 0 512 512\" class=\"svg-inline--fa fa-chart-bar fa-w-16 fa-2x\"><path fill=\"currentColor\" d=\"M396.8 352h22.4c6.4 0 12.8-6.4 12.8-12.8V108.8c0-6.4-6.4-12.8-12.8-12.8h-22.4c-6.4 0-12.8 6.4-12.8 12.8v230.4c0 6.4 6.4 12.8 12.8 12.8zm-192 0h22.4c6.4 0 12.8-6.4 12.8-12.8V140.8c0-6.4-6.4-12.8-12.8-12.8h-22.4c-6.4 0-12.8 6.4-12.8 12.8v198.4c0 6.4 6.4 12.8 12.8 12.8zm96 0h22.4c6.4 0 12.8-6.4 12.8-12.8V204.8c0-6.4-6.4-12.8-12.8-12.8h-22.4c-6.4 0-12.8 6.4-12.8 12.8v134.4c0 6.4 6.4 12.8 12.8 12.8zM496 400H48V80c0-8.84-7.16-16-16-16H16C7.16 64 0 71.16 0 80v336c0 17.67 14.33 32 32 32h464c8.84 0 16-7.16 16-16v-16c0-8.84-7.16-16-16-16zm-387.2-48h22.4c6.4 0 12.8-6.4 12.8-12.8v-70.4c0-6.4-6.4-12.8-12.8-12.8h-22.4c-6.4 0-12.8 6.4-12.8 12.8v70.4c0 6.4 6.4 12.8 12.8 12.8z\" class=\"\"><\/path><\/svg><\/i> <img loading=\"lazy\" decoding=\"async\" width=\"16\" height=\"16\" alt=\"Loading\" src=\"https:\/\/temucotelevision.cl\/web\/wp-content\/plugins\/page-views-count\/ajax-loader-2x.gif\" border=0 \/><\/p>\n<div class=\"pvc_clear\"><\/div>\n<p>Un notable avance registra el proyecto de construcci\u00f3n de un nuevo cuartel de Bomberos en la localidad de Metrenco. Autoridades<\/p>\n","protected":false},"author":1,"featured_media":34457,"comment_status":"open","ping_status":"open","sticky":false,"template":"","format":"standard","meta":{"colormag_page_container_layout":"default_layout","colormag_page_sidebar_layout":"default_layout","footnotes":""},"categories":[15],"tags":[304,1340,2859,155],"class_list":["post-34456","post","type-post","status-publish","format-standard","has-post-thumbnail","hentry","category-la-araucania","tag-bomberos","tag-cuartel","tag-metrenco","tag-proyecto"],"a3_pvc":{"activated":true,"total_views":39,"today_views":0},"_links":{"self":[{"href":"https:\/\/temucotelevision.cl\/web\/wp-json\/wp\/v2\/posts\/34456","targetHints":{"allow":["GET"]}}],"collection":[{"href":"https:\/\/temucotelevision.cl\/web\/wp-json\/wp\/v2\/posts"}],"about":[{"href":"https:\/\/temucotelevision.cl\/web\/wp-json\/wp\/v2\/types\/post"}],"author":[{"embeddable":true,"href":"https:\/\/temucotelevision.cl\/web\/wp-json\/wp\/v2\/users\/1"}],"replies":[{"embeddable":true,"href":"https:\/\/temucotelevision.cl\/web\/wp-json\/wp\/v2\/comments?post=34456"}],"version-history":[{"count":1,"href":"https:\/\/temucotelevision.cl\/web\/wp-json\/wp\/v2\/posts\/34456\/revisions"}],"predecessor-version":[{"id":34458,"href":"https:\/\/temucotelevision.cl\/web\/wp-json\/wp\/v2\/posts\/34456\/revisions\/34458"}],"wp:featuredmedia":[{"embeddable":true,"href":"https:\/\/temucotelevision.cl\/web\/wp-json\/wp\/v2\/media\/34457"}],"wp:attachment":[{"href":"https:\/\/temucotelevision.cl\/web\/wp-json\/wp\/v2\/media?parent=34456"}],"wp:term":[{"taxonomy":"category","embeddable":true,"href":"https:\/\/temucotelevision.cl\/web\/wp-json\/wp\/v2\/categories?post=34456"},{"taxonomy":"post_tag","embeddable":true,"href":"https:\/\/temucotelevision.cl\/web\/wp-json\/wp\/v2\/tags?post=34456"}],"curies":[{"name":"wp","href":"https:\/\/api.w.org\/{rel}","templated":true}]}}