{"id":34451,"date":"2022-08-14T17:43:15","date_gmt":"2022-08-14T20:43:15","guid":{"rendered":"https:\/\/temucotelevision.cl\/web\/?p=34451"},"modified":"2022-08-14T17:44:42","modified_gmt":"2022-08-14T20:44:42","slug":"municipio-de-pitrufquen-y-empresa-de-innovacion-social-internacional-balloon-latam-inician-trabajo-con-150-emprendedores","status":"publish","type":"post","link":"https:\/\/temucotelevision.cl\/web\/2022\/08\/14\/municipio-de-pitrufquen-y-empresa-de-innovacion-social-internacional-balloon-latam-inician-trabajo-con-150-emprendedores\/","title":{"rendered":"Municipio de Pitrufqu\u00e9n y Empresa de Innovaci\u00f3n Social Internacional Balloon Latam Inician Trabajo Con 150 Emprendedores\u00a0"},"content":{"rendered":"<div class=\"pvc_clear\"><\/div><p id=\"pvc_stats_34451\" class=\"pvc_stats total_only  \" data-element-id=\"34451\" style=\"\"><i class=\"pvc-stats-icon large\" aria-hidden=\"true\"><svg aria-hidden=\"true\" focusable=\"false\" data-prefix=\"far\" data-icon=\"chart-bar\" role=\"img\" xmlns=\"http:\/\/www.w3.org\/2000\/svg\" viewBox=\"0 0 512 512\" class=\"svg-inline--fa fa-chart-bar fa-w-16 fa-2x\"><path fill=\"currentColor\" d=\"M396.8 352h22.4c6.4 0 12.8-6.4 12.8-12.8V108.8c0-6.4-6.4-12.8-12.8-12.8h-22.4c-6.4 0-12.8 6.4-12.8 12.8v230.4c0 6.4 6.4 12.8 12.8 12.8zm-192 0h22.4c6.4 0 12.8-6.4 12.8-12.8V140.8c0-6.4-6.4-12.8-12.8-12.8h-22.4c-6.4 0-12.8 6.4-12.8 12.8v198.4c0 6.4 6.4 12.8 12.8 12.8zm96 0h22.4c6.4 0 12.8-6.4 12.8-12.8V204.8c0-6.4-6.4-12.8-12.8-12.8h-22.4c-6.4 0-12.8 6.4-12.8 12.8v134.4c0 6.4 6.4 12.8 12.8 12.8zM496 400H48V80c0-8.84-7.16-16-16-16H16C7.16 64 0 71.16 0 80v336c0 17.67 14.33 32 32 32h464c8.84 0 16-7.16 16-16v-16c0-8.84-7.16-16-16-16zm-387.2-48h22.4c6.4 0 12.8-6.4 12.8-12.8v-70.4c0-6.4-6.4-12.8-12.8-12.8h-22.4c-6.4 0-12.8 6.4-12.8 12.8v70.4c0 6.4 6.4 12.8 12.8 12.8z\" class=\"\"><\/path><\/svg><\/i> <img loading=\"lazy\" decoding=\"async\" width=\"16\" height=\"16\" alt=\"Loading\" src=\"https:\/\/temucotelevision.cl\/web\/wp-content\/plugins\/page-views-count\/ajax-loader-2x.gif\" border=0 \/><\/p><div class=\"pvc_clear\"><\/div>\n<p><em>La Alcaldesa Jacqueline Romero, sostuvo que \u201ces una organizaci\u00f3n con mucha energ\u00eda, que es lo que hoy d\u00eda necesitamos transmitirle a nuestros emprendedores, para que tengan la capacidad de salir adelante con este tremendo acompa\u00f1amiento\u201d.<\/em><\/p>\n\n\n\n<p>La Municipalidad de Pitrufqu\u00e9n y la Empresa de Innovaci\u00f3n Social Internacional \u201cBalloon Latam, iniciaron un trabajo con 150 emprendedores y emprendedoras de la comuna, en marcado en el programa Balloon Internacional Araucan\u00eda 2022, cuyo objetivo es impulsar un modelo socio-territorial que permita fortalecer el emprendimiento sostenible.<\/p>\n\n\n\n<p>Precisamente en Pitrufqu\u00e9n se realiz\u00f3 el lanzamiento oficial de la versi\u00f3n 2022 de este programa, que cont\u00f3 con la presencia de emprendedores de las comunas Melipeuco y Padre Las Casas que igual participar\u00e1n del programa en este a\u00f1o; el cual parti\u00f3 de forma piloto en las comunas de Cunco y Freire, en el 2021.<\/p>\n\n\n\n<p>Esta alianza fue trabajada a trav\u00e9s del Centro de Negocios Municipal, que busca potenciar y entregar herramientas a los emprendedores y emprendedoras de la comuna, para un desarrollo integral.<\/p>\n\n\n\n<p>Al respecto, la Alcaldesa de Pitrufqu\u00e9n, Jacqueline Romero, sostuvo que \u201cpara nosotros como Municipio fue muy importante haber firmado este convenio con Balloon Latam, donde vamos a tener 150 emprendedores que se van a estar capacitando. Y lo m\u00e1s importante es que el pr\u00f3ximo a\u00f1o seguimos. No es solamente este a\u00f1o. Balloon Latam, es una organizaci\u00f3n con mucha energ\u00eda, que es lo que hoy d\u00eda necesitamos transmitirle a nuestros emprendedores, para que tengan la capacidad de salir adelante con este tremendo acompa\u00f1amiento\u201d.<\/p>\n\n\n\n<p>Esta empresa de innovaci\u00f3n social internacional interviene en La Araucan\u00eda con 26 personas venidas desde distintos puntos de Latinoam\u00e9rica, denominados \u201cAgentes de Cambio\u201d, para trabajar junto a los emprendedores (as) de diferentes comunas de la regi\u00f3n.<\/p>\n\n\n\n<p>Uno de ellos, Joaqu\u00edn Egu\u00eda, de Ciudad de M\u00e9xico, joven de 23 a\u00f1os que actualmente se encuentra terminando su licenciatura de econom\u00eda, indic\u00f3 que \u201cnosotros venimos con toda la energ\u00eda y toda la experiencia para compartir, pero tambi\u00e9n para aprender de los emprendedores y tambi\u00e9n transformar con ellos desde lo local\u201d.<\/p>\n\n\n\n<p>En tanto, el Director Regional de Balloon Latam Araucan\u00eda, Patricio Jara, se\u00f1al\u00f3 que \u201clos programas como los que estamos desarrollando busca empoderar a las personas, entregar herramientas de formaci\u00f3n a trav\u00e9s de la innovaci\u00f3n social, generar v\u00ednculos fraternos, no solamente entre los agentes de cambio y emprendedores, sino que entre los emprendedores tambi\u00e9n; quiero mencionar que como Balloon Latam tenemos una comunidad bien amplia de m\u00e1s de 2 mil personas. Entonces, los emprendedores que hoy d\u00eda ingresan, a trav\u00e9s del programa, ingresan a este c\u00famulo de comunidad, donde podr\u00e1n interactuar con emprendedores de distintos territorios de ac\u00e1 de la regi\u00f3n y de otras regiones donde Balloon Latam est\u00e1 presente\u201d.<\/p>\n\n\n\n<p>Por su parte, Mar\u00eda Jos\u00e9 Alarc\u00f3n, emprendedora en reposter\u00eda casera del sector Carilafquen de Pitrufqu\u00e9n, evalu\u00f3 de manera positiva la instancia. \u201cFue muy entretenido participar y conocer a todos los emprendedores de la comuna \u2013que ya nos conocemos bastante-, pero esto va hacer muy bueno para todos nosotros\u201d.<\/p>\n\n\n\n<p>Tambi\u00e9n, Mar\u00eda Isabel Painen, emprendedora de Padres Las Casas, sostuvo que la instancia le ser\u00e1 de gran ayuda, ya que reci\u00e9n comenzar\u00e1 su emprendimiento. \u201cAqu\u00ed&nbsp; nos van a ense\u00f1ar. Vamos a aprender a hacer trabajos y nos van a guiar que es lo m\u00e1s importante. Porque yo no tengo idea como empezar un emprendimiento, para comenzar un emprendimiento como uno quiere\u201d.<\/p>\n\n\n\n<p>Las capacitaciones a los emprendedores y emprendedoras se desarrollar\u00e1n tres horas diarias, tres veces a la semana.<\/p>\n\n\n\n<figure class=\"wp-block-image size-large\"><img loading=\"lazy\" decoding=\"async\" width=\"1024\" height=\"682\" src=\"https:\/\/temucotelevision.cl\/web\/wp-content\/uploads\/2022\/08\/Balloon-Latam2-1024x682.jpg\" alt=\"\" class=\"wp-image-34453\" srcset=\"https:\/\/temucotelevision.cl\/web\/wp-content\/uploads\/2022\/08\/Balloon-Latam2-1024x682.jpg 1024w, https:\/\/temucotelevision.cl\/web\/wp-content\/uploads\/2022\/08\/Balloon-Latam2-768x512.jpg 768w, https:\/\/temucotelevision.cl\/web\/wp-content\/uploads\/2022\/08\/Balloon-Latam2-1536x1023.jpg 1536w, https:\/\/temucotelevision.cl\/web\/wp-content\/uploads\/2022\/08\/Balloon-Latam2.jpg 2048w\" sizes=\"auto, (max-width: 1024px) 100vw, 1024px\" \/><\/figure>\n","protected":false},"excerpt":{"rendered":"<div class=\"pvc_clear\"><\/div>\n<p id=\"pvc_stats_34451\" class=\"pvc_stats total_only  \" data-element-id=\"34451\" style=\"\"><i class=\"pvc-stats-icon large\" aria-hidden=\"true\"><svg aria-hidden=\"true\" focusable=\"false\" data-prefix=\"far\" data-icon=\"chart-bar\" role=\"img\" xmlns=\"http:\/\/www.w3.org\/2000\/svg\" viewBox=\"0 0 512 512\" class=\"svg-inline--fa fa-chart-bar fa-w-16 fa-2x\"><path fill=\"currentColor\" d=\"M396.8 352h22.4c6.4 0 12.8-6.4 12.8-12.8V108.8c0-6.4-6.4-12.8-12.8-12.8h-22.4c-6.4 0-12.8 6.4-12.8 12.8v230.4c0 6.4 6.4 12.8 12.8 12.8zm-192 0h22.4c6.4 0 12.8-6.4 12.8-12.8V140.8c0-6.4-6.4-12.8-12.8-12.8h-22.4c-6.4 0-12.8 6.4-12.8 12.8v198.4c0 6.4 6.4 12.8 12.8 12.8zm96 0h22.4c6.4 0 12.8-6.4 12.8-12.8V204.8c0-6.4-6.4-12.8-12.8-12.8h-22.4c-6.4 0-12.8 6.4-12.8 12.8v134.4c0 6.4 6.4 12.8 12.8 12.8zM496 400H48V80c0-8.84-7.16-16-16-16H16C7.16 64 0 71.16 0 80v336c0 17.67 14.33 32 32 32h464c8.84 0 16-7.16 16-16v-16c0-8.84-7.16-16-16-16zm-387.2-48h22.4c6.4 0 12.8-6.4 12.8-12.8v-70.4c0-6.4-6.4-12.8-12.8-12.8h-22.4c-6.4 0-12.8 6.4-12.8 12.8v70.4c0 6.4 6.4 12.8 12.8 12.8z\" class=\"\"><\/path><\/svg><\/i> <img loading=\"lazy\" decoding=\"async\" width=\"16\" height=\"16\" alt=\"Loading\" src=\"https:\/\/temucotelevision.cl\/web\/wp-content\/plugins\/page-views-count\/ajax-loader-2x.gif\" border=0 \/><\/p>\n<div class=\"pvc_clear\"><\/div>\n<p>La Alcaldesa Jacqueline Romero, sostuvo que \u201ces una organizaci\u00f3n con mucha energ\u00eda, que es lo que hoy d\u00eda necesitamos transmitirle<\/p>\n","protected":false},"author":1,"featured_media":34452,"comment_status":"open","ping_status":"open","sticky":false,"template":"","format":"standard","meta":{"colormag_page_container_layout":"default_layout","colormag_page_sidebar_layout":"default_layout","footnotes":""},"categories":[101,14],"tags":[2048,5688,384,1042,591],"class_list":["post-34451","post","type-post","status-publish","format-standard","has-post-thumbnail","hentry","category-actualidad","category-temuco","tag-alcaldesa","tag-balloon","tag-emprendedores","tag-empresas","tag-municipio"],"a3_pvc":{"activated":true,"total_views":41,"today_views":0},"_links":{"self":[{"href":"https:\/\/temucotelevision.cl\/web\/wp-json\/wp\/v2\/posts\/34451","targetHints":{"allow":["GET"]}}],"collection":[{"href":"https:\/\/temucotelevision.cl\/web\/wp-json\/wp\/v2\/posts"}],"about":[{"href":"https:\/\/temucotelevision.cl\/web\/wp-json\/wp\/v2\/types\/post"}],"author":[{"embeddable":true,"href":"https:\/\/temucotelevision.cl\/web\/wp-json\/wp\/v2\/users\/1"}],"replies":[{"embeddable":true,"href":"https:\/\/temucotelevision.cl\/web\/wp-json\/wp\/v2\/comments?post=34451"}],"version-history":[{"count":1,"href":"https:\/\/temucotelevision.cl\/web\/wp-json\/wp\/v2\/posts\/34451\/revisions"}],"predecessor-version":[{"id":34454,"href":"https:\/\/temucotelevision.cl\/web\/wp-json\/wp\/v2\/posts\/34451\/revisions\/34454"}],"wp:featuredmedia":[{"embeddable":true,"href":"https:\/\/temucotelevision.cl\/web\/wp-json\/wp\/v2\/media\/34452"}],"wp:attachment":[{"href":"https:\/\/temucotelevision.cl\/web\/wp-json\/wp\/v2\/media?parent=34451"}],"wp:term":[{"taxonomy":"category","embeddable":true,"href":"https:\/\/temucotelevision.cl\/web\/wp-json\/wp\/v2\/categories?post=34451"},{"taxonomy":"post_tag","embeddable":true,"href":"https:\/\/temucotelevision.cl\/web\/wp-json\/wp\/v2\/tags?post=34451"}],"curies":[{"name":"wp","href":"https:\/\/api.w.org\/{rel}","templated":true}]}}