{"id":34447,"date":"2022-08-14T13:48:16","date_gmt":"2022-08-14T16:48:16","guid":{"rendered":"https:\/\/temucotelevision.cl\/web\/?p=34447"},"modified":"2022-08-14T13:48:17","modified_gmt":"2022-08-14T16:48:17","slug":"subdere-entrega-resolucion-que-acredita-recursos-para-construccion-de-veterinaria-municipal-en-pitrufquen","status":"publish","type":"post","link":"https:\/\/temucotelevision.cl\/web\/2022\/08\/14\/subdere-entrega-resolucion-que-acredita-recursos-para-construccion-de-veterinaria-municipal-en-pitrufquen\/","title":{"rendered":"Subdere entrega resoluci\u00f3n que acredita recursos para construcci\u00f3n de veterinaria municipal en Pitrufqu\u00e9n"},"content":{"rendered":"<div class=\"pvc_clear\"><\/div><p id=\"pvc_stats_34447\" class=\"pvc_stats total_only  \" data-element-id=\"34447\" style=\"\"><i class=\"pvc-stats-icon large\" aria-hidden=\"true\"><svg aria-hidden=\"true\" focusable=\"false\" data-prefix=\"far\" data-icon=\"chart-bar\" role=\"img\" xmlns=\"http:\/\/www.w3.org\/2000\/svg\" viewBox=\"0 0 512 512\" class=\"svg-inline--fa fa-chart-bar fa-w-16 fa-2x\"><path fill=\"currentColor\" d=\"M396.8 352h22.4c6.4 0 12.8-6.4 12.8-12.8V108.8c0-6.4-6.4-12.8-12.8-12.8h-22.4c-6.4 0-12.8 6.4-12.8 12.8v230.4c0 6.4 6.4 12.8 12.8 12.8zm-192 0h22.4c6.4 0 12.8-6.4 12.8-12.8V140.8c0-6.4-6.4-12.8-12.8-12.8h-22.4c-6.4 0-12.8 6.4-12.8 12.8v198.4c0 6.4 6.4 12.8 12.8 12.8zm96 0h22.4c6.4 0 12.8-6.4 12.8-12.8V204.8c0-6.4-6.4-12.8-12.8-12.8h-22.4c-6.4 0-12.8 6.4-12.8 12.8v134.4c0 6.4 6.4 12.8 12.8 12.8zM496 400H48V80c0-8.84-7.16-16-16-16H16C7.16 64 0 71.16 0 80v336c0 17.67 14.33 32 32 32h464c8.84 0 16-7.16 16-16v-16c0-8.84-7.16-16-16-16zm-387.2-48h22.4c6.4 0 12.8-6.4 12.8-12.8v-70.4c0-6.4-6.4-12.8-12.8-12.8h-22.4c-6.4 0-12.8 6.4-12.8 12.8v70.4c0 6.4 6.4 12.8 12.8 12.8z\" class=\"\"><\/path><\/svg><\/i> <img loading=\"lazy\" decoding=\"async\" width=\"16\" height=\"16\" alt=\"Loading\" src=\"https:\/\/temucotelevision.cl\/web\/wp-content\/plugins\/page-views-count\/ajax-loader-2x.gif\" border=0 \/><\/p><div class=\"pvc_clear\"><\/div>\n<p><em>\u201cEstamos s\u00faper contentos, muy felices, agradecidos tambi\u00e9n que la SUBDERE nos haya financiado este proyecto, tan anhelado por la comuna\u201d, sostuvo la Alcaldesa Jacqueline Romero.<\/em><\/p>\n\n\n\n<p>La Municipalidad de Pitrufqu\u00e9n, su Alcaldesa Jacqueline Romero, recibieron de manos del Director Regional de la SUBDERE, V\u00edctor Cuevas, la resoluci\u00f3n que acredita recursos por 75 millones de pesos para la construcci\u00f3n de una veterinaria municipal en la comuna.<\/p>\n\n\n\n<p>En la instancia, estuvo presente \u201cAnimales Por la Vida\u201d, agrupaci\u00f3n sin fines de lucro que trabaja por los animales en situaci\u00f3n de abandono hace m\u00e1s de 12 a\u00f1os en la comuna, quienes quedaron felices con la noticia.<\/p>\n\n\n\n<p>La Alcaldesa Jacqueline Romero, manifest\u00f3 su alegr\u00eda por este importante paso para concretar este anhelado sue\u00f1o de la comunidad entorno a la tenencia responsable de animales, promesa de campa\u00f1a que pronto ser\u00e1 realidad. \u201cEstamos s\u00faper contentos, muy felices, agradecidos tambi\u00e9n que la SUBDERE nos haya financiado este proyecto, tan anhelado por la comuna. Veterinaria que podr\u00e1 acoger a muchos animalitos que est\u00e1n de repente solos&nbsp; o abandonados. Adem\u00e1s, tambi\u00e9n, va a generar empleo para nuestra gente\u201d, indic\u00f3 la Edil.<\/p>\n\n\n\n<p>En tanto, el Director Regional de la SUBDERE, V\u00edctor Cuevas, se\u00f1al\u00f3 que \u201cestamos muy contentos porque hemos venido a entregar la resoluci\u00f3n que acredita el financiamiento de un centro veterinario para la comuna, algo tan importante en la tenencia responsable de los animales de compa\u00f1\u00eda. El Gobierno del Presidente Gabriel Boric y nuestro Subsecretario, est\u00e1n muy preocupados de la tenencia responsable de los animales, y hoy d\u00eda junto al trabajo que ha hecho la Alcaldesa con su equipo de Secplac, hacen posible este proyecto tan importante, para la comuna. Y es importante, porque tambi\u00e9n estamos reactivando la econom\u00eda, fuente de empleo para la comuna. Y tambi\u00e9n felicitar a la Alcaldesa por su gran trabajo que ha hecho en su comuna\u201d.<\/p>\n\n\n\n<p>En la instancia, estuvo presente \u201cAnimales Por la Vida\u201d, agrupaci\u00f3n sin fines de lucro que trabaja por los animales en situaci\u00f3n de abandono hace m\u00e1s de 12 a\u00f1os en la comuna, quienes quedaron felices con la noticia.&nbsp;<\/p>\n\n\n\n<p>\u201c\u00a1Feliz! A nosotros lo que nos mueve es el amor por los animales tratando de dar bienestar a los animalitos en situaci\u00f3n de abandono. Pero tambi\u00e9n queremos ver una ciudad limpia ordenada y que sea un ejemplo para la regi\u00f3n\u201d, coment\u00f3 Ana Mar\u00eda \u00c1lvarez, representante de la agrupaci\u00f3n animalista.<\/p>\n\n\n\n<p>Por \u00faltimo, la primera autoridad comunal de Pitrufqu\u00e9n, sostuvo que se espera estar el pr\u00f3ximo a\u00f1o construyendo la veterinaria, tras todo lo que conlleva el proceso de licitaci\u00f3n, para la adjudicaci\u00f3n de la empresa que llevar\u00e1 a cabo la obra.<\/p>\n","protected":false},"excerpt":{"rendered":"<div class=\"pvc_clear\"><\/div>\n<p id=\"pvc_stats_34447\" class=\"pvc_stats total_only  \" data-element-id=\"34447\" style=\"\"><i class=\"pvc-stats-icon large\" aria-hidden=\"true\"><svg aria-hidden=\"true\" focusable=\"false\" data-prefix=\"far\" data-icon=\"chart-bar\" role=\"img\" xmlns=\"http:\/\/www.w3.org\/2000\/svg\" viewBox=\"0 0 512 512\" class=\"svg-inline--fa fa-chart-bar fa-w-16 fa-2x\"><path fill=\"currentColor\" d=\"M396.8 352h22.4c6.4 0 12.8-6.4 12.8-12.8V108.8c0-6.4-6.4-12.8-12.8-12.8h-22.4c-6.4 0-12.8 6.4-12.8 12.8v230.4c0 6.4 6.4 12.8 12.8 12.8zm-192 0h22.4c6.4 0 12.8-6.4 12.8-12.8V140.8c0-6.4-6.4-12.8-12.8-12.8h-22.4c-6.4 0-12.8 6.4-12.8 12.8v198.4c0 6.4 6.4 12.8 12.8 12.8zm96 0h22.4c6.4 0 12.8-6.4 12.8-12.8V204.8c0-6.4-6.4-12.8-12.8-12.8h-22.4c-6.4 0-12.8 6.4-12.8 12.8v134.4c0 6.4 6.4 12.8 12.8 12.8zM496 400H48V80c0-8.84-7.16-16-16-16H16C7.16 64 0 71.16 0 80v336c0 17.67 14.33 32 32 32h464c8.84 0 16-7.16 16-16v-16c0-8.84-7.16-16-16-16zm-387.2-48h22.4c6.4 0 12.8-6.4 12.8-12.8v-70.4c0-6.4-6.4-12.8-12.8-12.8h-22.4c-6.4 0-12.8 6.4-12.8 12.8v70.4c0 6.4 6.4 12.8 12.8 12.8z\" class=\"\"><\/path><\/svg><\/i> <img loading=\"lazy\" decoding=\"async\" width=\"16\" height=\"16\" alt=\"Loading\" src=\"https:\/\/temucotelevision.cl\/web\/wp-content\/plugins\/page-views-count\/ajax-loader-2x.gif\" border=0 \/><\/p>\n<div class=\"pvc_clear\"><\/div>\n<p>\u201cEstamos s\u00faper contentos, muy felices, agradecidos tambi\u00e9n que la SUBDERE nos haya financiado este proyecto, tan anhelado por la comuna\u201d,<\/p>\n","protected":false},"author":1,"featured_media":34449,"comment_status":"open","ping_status":"open","sticky":false,"template":"","format":"standard","meta":{"colormag_page_container_layout":"default_layout","colormag_page_sidebar_layout":"default_layout","footnotes":""},"categories":[14],"tags":[147,981,380,210,5687,3648],"class_list":["post-34447","post","type-post","status-publish","format-standard","has-post-thumbnail","hentry","category-temuco","tag-familias","tag-mascotas","tag-municipal","tag-recursos","tag-subdere","tag-veterinaria"],"a3_pvc":{"activated":true,"total_views":63,"today_views":0},"_links":{"self":[{"href":"https:\/\/temucotelevision.cl\/web\/wp-json\/wp\/v2\/posts\/34447","targetHints":{"allow":["GET"]}}],"collection":[{"href":"https:\/\/temucotelevision.cl\/web\/wp-json\/wp\/v2\/posts"}],"about":[{"href":"https:\/\/temucotelevision.cl\/web\/wp-json\/wp\/v2\/types\/post"}],"author":[{"embeddable":true,"href":"https:\/\/temucotelevision.cl\/web\/wp-json\/wp\/v2\/users\/1"}],"replies":[{"embeddable":true,"href":"https:\/\/temucotelevision.cl\/web\/wp-json\/wp\/v2\/comments?post=34447"}],"version-history":[{"count":1,"href":"https:\/\/temucotelevision.cl\/web\/wp-json\/wp\/v2\/posts\/34447\/revisions"}],"predecessor-version":[{"id":34450,"href":"https:\/\/temucotelevision.cl\/web\/wp-json\/wp\/v2\/posts\/34447\/revisions\/34450"}],"wp:featuredmedia":[{"embeddable":true,"href":"https:\/\/temucotelevision.cl\/web\/wp-json\/wp\/v2\/media\/34449"}],"wp:attachment":[{"href":"https:\/\/temucotelevision.cl\/web\/wp-json\/wp\/v2\/media?parent=34447"}],"wp:term":[{"taxonomy":"category","embeddable":true,"href":"https:\/\/temucotelevision.cl\/web\/wp-json\/wp\/v2\/categories?post=34447"},{"taxonomy":"post_tag","embeddable":true,"href":"https:\/\/temucotelevision.cl\/web\/wp-json\/wp\/v2\/tags?post=34447"}],"curies":[{"name":"wp","href":"https:\/\/api.w.org\/{rel}","templated":true}]}}