{"id":34444,"date":"2022-08-14T13:33:55","date_gmt":"2022-08-14T16:33:55","guid":{"rendered":"https:\/\/temucotelevision.cl\/web\/?p=34444"},"modified":"2022-08-14T13:33:56","modified_gmt":"2022-08-14T16:33:56","slug":"diputado-rathgeb-por-ausencia-de-anuncios-de-seguridad-para-la-araucania-el-gobierno-piensa-en-el-plebiscito-por-sobre-todas-las-cosas","status":"publish","type":"post","link":"https:\/\/temucotelevision.cl\/web\/2022\/08\/14\/diputado-rathgeb-por-ausencia-de-anuncios-de-seguridad-para-la-araucania-el-gobierno-piensa-en-el-plebiscito-por-sobre-todas-las-cosas\/","title":{"rendered":"Diputado Rathgeb por ausencia de anuncios de seguridad para La Araucan\u00eda: \u201cEl Gobierno piensa en el plebiscito por sobre todas las cosas\u201d"},"content":{"rendered":"<div class=\"pvc_clear\"><\/div><p id=\"pvc_stats_34444\" class=\"pvc_stats total_only  \" data-element-id=\"34444\" style=\"\"><i class=\"pvc-stats-icon large\" aria-hidden=\"true\"><svg aria-hidden=\"true\" focusable=\"false\" data-prefix=\"far\" data-icon=\"chart-bar\" role=\"img\" xmlns=\"http:\/\/www.w3.org\/2000\/svg\" viewBox=\"0 0 512 512\" class=\"svg-inline--fa fa-chart-bar fa-w-16 fa-2x\"><path fill=\"currentColor\" d=\"M396.8 352h22.4c6.4 0 12.8-6.4 12.8-12.8V108.8c0-6.4-6.4-12.8-12.8-12.8h-22.4c-6.4 0-12.8 6.4-12.8 12.8v230.4c0 6.4 6.4 12.8 12.8 12.8zm-192 0h22.4c6.4 0 12.8-6.4 12.8-12.8V140.8c0-6.4-6.4-12.8-12.8-12.8h-22.4c-6.4 0-12.8 6.4-12.8 12.8v198.4c0 6.4 6.4 12.8 12.8 12.8zm96 0h22.4c6.4 0 12.8-6.4 12.8-12.8V204.8c0-6.4-6.4-12.8-12.8-12.8h-22.4c-6.4 0-12.8 6.4-12.8 12.8v134.4c0 6.4 6.4 12.8 12.8 12.8zM496 400H48V80c0-8.84-7.16-16-16-16H16C7.16 64 0 71.16 0 80v336c0 17.67 14.33 32 32 32h464c8.84 0 16-7.16 16-16v-16c0-8.84-7.16-16-16-16zm-387.2-48h22.4c6.4 0 12.8-6.4 12.8-12.8v-70.4c0-6.4-6.4-12.8-12.8-12.8h-22.4c-6.4 0-12.8 6.4-12.8 12.8v70.4c0 6.4 6.4 12.8 12.8 12.8z\" class=\"\"><\/path><\/svg><\/i> <img loading=\"lazy\" decoding=\"async\" width=\"16\" height=\"16\" alt=\"Loading\" src=\"https:\/\/temucotelevision.cl\/web\/wp-content\/plugins\/page-views-count\/ajax-loader-2x.gif\" border=0 \/><\/p><div class=\"pvc_clear\"><\/div>\n<p><strong>El congresista indic\u00f3 que el Ejecutivo est\u00e1 gobernando y solo preocupado en los comicios del pr\u00f3ximo 4 de septiembre con intervenciones claras y elocuentes de sus autoridades manifestando una opci\u00f3n y dejando de lado temas prioritarios como el resguardo de la ciudadan\u00eda en la Regi\u00f3n.<\/strong><\/p>\n\n\n\n<p>Un llamado al Gobierno a dejar de lado la campa\u00f1a pol\u00edtica de cara al pr\u00f3ximo plebiscito y dedicarse a guiar los destinos del pa\u00eds y en especial por el clima de inseguridad que se vive en la Regi\u00f3n, realiz\u00f3 el diputado de Renovaci\u00f3n Nacional y presidente en La Araucan\u00eda de RN, Jorge Rathgeb Schifferli.<\/p>\n\n\n\n<p>El congresista coment\u00f3 que hoy las autoridades encabezadas por el propio Presidente Boric, est\u00e1n solo abocados en los comicios del pr\u00f3ximo 4 de septiembre, haciendo campa\u00f1a por una opci\u00f3n, mencionando en sus discursos y de manera abierta, que en caso de que se rechace la propuesta de Constituci\u00f3n el pa\u00eds podr\u00eda enfrentar serios problemas en el futuro.<\/p>\n\n\n\n<p>Rathgeb se\u00f1al\u00f3 que ac\u00e1 existe una propaganda evidente de parte del Gobierno y que est\u00e1n perdiendo el horizonte y eso se nota al dejar de lado temas relevantes como la seguridad en La Araucan\u00eda lo que se refrenda con la seguidilla de hechos de violencia.<\/p>\n\n\n\n<p>\u201cA las autoridades solo les falta estar en horario de trabajo con banderines o entregando afiches a favor de la opci\u00f3n que tienen para el plebiscito y eso queda en evidencia con las constantes intervenciones pensando en las elecciones, menospreciando a los que piensan distinto y dejando de lado los anuncios que se requieren para el pa\u00eds y en especial para La Araucan\u00eda donde estamos viviendo un clima de inseguridad total y donde no se dice absolutamente nada, que decir de una pr\u00f3xima visita a la Regi\u00f3n que no est\u00e1 en los planes del Presidente\u201d, se\u00f1al\u00f3 Rathgeb.<\/p>\n\n\n\n<p>El diputado agreg\u00f3 que las pruebas m\u00e1s concretas de este intervencionismo electoral se dan con el pronunciamiento de la Contralor\u00eda General de la Rep\u00fablica que notific\u00f3 al Ministerio Secretar\u00eda General de la Presidencia (Segpres), que el ministro Jackson, efectu\u00f3 declaraciones que no se ajustan a la necesaria prescindencia que se requiere frente al plebiscito.<\/p>\n","protected":false},"excerpt":{"rendered":"<div class=\"pvc_clear\"><\/div>\n<p id=\"pvc_stats_34444\" class=\"pvc_stats total_only  \" data-element-id=\"34444\" style=\"\"><i class=\"pvc-stats-icon large\" aria-hidden=\"true\"><svg aria-hidden=\"true\" focusable=\"false\" data-prefix=\"far\" data-icon=\"chart-bar\" role=\"img\" xmlns=\"http:\/\/www.w3.org\/2000\/svg\" viewBox=\"0 0 512 512\" class=\"svg-inline--fa fa-chart-bar fa-w-16 fa-2x\"><path fill=\"currentColor\" d=\"M396.8 352h22.4c6.4 0 12.8-6.4 12.8-12.8V108.8c0-6.4-6.4-12.8-12.8-12.8h-22.4c-6.4 0-12.8 6.4-12.8 12.8v230.4c0 6.4 6.4 12.8 12.8 12.8zm-192 0h22.4c6.4 0 12.8-6.4 12.8-12.8V140.8c0-6.4-6.4-12.8-12.8-12.8h-22.4c-6.4 0-12.8 6.4-12.8 12.8v198.4c0 6.4 6.4 12.8 12.8 12.8zm96 0h22.4c6.4 0 12.8-6.4 12.8-12.8V204.8c0-6.4-6.4-12.8-12.8-12.8h-22.4c-6.4 0-12.8 6.4-12.8 12.8v134.4c0 6.4 6.4 12.8 12.8 12.8zM496 400H48V80c0-8.84-7.16-16-16-16H16C7.16 64 0 71.16 0 80v336c0 17.67 14.33 32 32 32h464c8.84 0 16-7.16 16-16v-16c0-8.84-7.16-16-16-16zm-387.2-48h22.4c6.4 0 12.8-6.4 12.8-12.8v-70.4c0-6.4-6.4-12.8-12.8-12.8h-22.4c-6.4 0-12.8 6.4-12.8 12.8v70.4c0 6.4 6.4 12.8 12.8 12.8z\" class=\"\"><\/path><\/svg><\/i> <img loading=\"lazy\" decoding=\"async\" width=\"16\" height=\"16\" alt=\"Loading\" src=\"https:\/\/temucotelevision.cl\/web\/wp-content\/plugins\/page-views-count\/ajax-loader-2x.gif\" border=0 \/><\/p>\n<div class=\"pvc_clear\"><\/div>\n<p>El congresista indic\u00f3 que el Ejecutivo est\u00e1 gobernando y solo preocupado en los comicios del pr\u00f3ximo 4 de septiembre con<\/p>\n","protected":false},"author":1,"featured_media":27227,"comment_status":"open","ping_status":"open","sticky":false,"template":"","format":"standard","meta":{"colormag_page_container_layout":"default_layout","colormag_page_sidebar_layout":"default_layout","footnotes":""},"categories":[84],"tags":[3480,154,206,2117,399],"class_list":["post-34444","post","type-post","status-publish","format-standard","has-post-thumbnail","hentry","category-politica","tag-anuncios","tag-diputado","tag-gobierno","tag-plebiscito","tag-seguridad"],"a3_pvc":{"activated":true,"total_views":33,"today_views":0},"_links":{"self":[{"href":"https:\/\/temucotelevision.cl\/web\/wp-json\/wp\/v2\/posts\/34444","targetHints":{"allow":["GET"]}}],"collection":[{"href":"https:\/\/temucotelevision.cl\/web\/wp-json\/wp\/v2\/posts"}],"about":[{"href":"https:\/\/temucotelevision.cl\/web\/wp-json\/wp\/v2\/types\/post"}],"author":[{"embeddable":true,"href":"https:\/\/temucotelevision.cl\/web\/wp-json\/wp\/v2\/users\/1"}],"replies":[{"embeddable":true,"href":"https:\/\/temucotelevision.cl\/web\/wp-json\/wp\/v2\/comments?post=34444"}],"version-history":[{"count":1,"href":"https:\/\/temucotelevision.cl\/web\/wp-json\/wp\/v2\/posts\/34444\/revisions"}],"predecessor-version":[{"id":34445,"href":"https:\/\/temucotelevision.cl\/web\/wp-json\/wp\/v2\/posts\/34444\/revisions\/34445"}],"wp:featuredmedia":[{"embeddable":true,"href":"https:\/\/temucotelevision.cl\/web\/wp-json\/wp\/v2\/media\/27227"}],"wp:attachment":[{"href":"https:\/\/temucotelevision.cl\/web\/wp-json\/wp\/v2\/media?parent=34444"}],"wp:term":[{"taxonomy":"category","embeddable":true,"href":"https:\/\/temucotelevision.cl\/web\/wp-json\/wp\/v2\/categories?post=34444"},{"taxonomy":"post_tag","embeddable":true,"href":"https:\/\/temucotelevision.cl\/web\/wp-json\/wp\/v2\/tags?post=34444"}],"curies":[{"name":"wp","href":"https:\/\/api.w.org\/{rel}","templated":true}]}}