{"id":34438,"date":"2022-08-13T17:14:59","date_gmt":"2022-08-13T20:14:59","guid":{"rendered":"https:\/\/temucotelevision.cl\/web\/?p=34438"},"modified":"2022-08-13T17:15:00","modified_gmt":"2022-08-13T20:15:00","slug":"condenan-a-ex-sacerdote-por-abuso-sexual-infantil-reiterado-en-pucon","status":"publish","type":"post","link":"https:\/\/temucotelevision.cl\/web\/2022\/08\/13\/condenan-a-ex-sacerdote-por-abuso-sexual-infantil-reiterado-en-pucon\/","title":{"rendered":"Condenan a ex sacerdote por abuso sexual infantil reiterado en Puc\u00f3n"},"content":{"rendered":"<div class=\"pvc_clear\"><\/div><p id=\"pvc_stats_34438\" class=\"pvc_stats total_only  \" data-element-id=\"34438\" style=\"\"><i class=\"pvc-stats-icon large\" aria-hidden=\"true\"><svg aria-hidden=\"true\" focusable=\"false\" data-prefix=\"far\" data-icon=\"chart-bar\" role=\"img\" xmlns=\"http:\/\/www.w3.org\/2000\/svg\" viewBox=\"0 0 512 512\" class=\"svg-inline--fa fa-chart-bar fa-w-16 fa-2x\"><path fill=\"currentColor\" d=\"M396.8 352h22.4c6.4 0 12.8-6.4 12.8-12.8V108.8c0-6.4-6.4-12.8-12.8-12.8h-22.4c-6.4 0-12.8 6.4-12.8 12.8v230.4c0 6.4 6.4 12.8 12.8 12.8zm-192 0h22.4c6.4 0 12.8-6.4 12.8-12.8V140.8c0-6.4-6.4-12.8-12.8-12.8h-22.4c-6.4 0-12.8 6.4-12.8 12.8v198.4c0 6.4 6.4 12.8 12.8 12.8zm96 0h22.4c6.4 0 12.8-6.4 12.8-12.8V204.8c0-6.4-6.4-12.8-12.8-12.8h-22.4c-6.4 0-12.8 6.4-12.8 12.8v134.4c0 6.4 6.4 12.8 12.8 12.8zM496 400H48V80c0-8.84-7.16-16-16-16H16C7.16 64 0 71.16 0 80v336c0 17.67 14.33 32 32 32h464c8.84 0 16-7.16 16-16v-16c0-8.84-7.16-16-16-16zm-387.2-48h22.4c6.4 0 12.8-6.4 12.8-12.8v-70.4c0-6.4-6.4-12.8-12.8-12.8h-22.4c-6.4 0-12.8 6.4-12.8 12.8v70.4c0 6.4 6.4 12.8 12.8 12.8z\" class=\"\"><\/path><\/svg><\/i> <img loading=\"lazy\" decoding=\"async\" width=\"16\" height=\"16\" alt=\"Loading\" src=\"https:\/\/temucotelevision.cl\/web\/wp-content\/plugins\/page-views-count\/ajax-loader-2x.gif\" border=0 \/><\/p><div class=\"pvc_clear\"><\/div>\n<p>La Fiscal\u00eda obtuvo la condena del ex sacerdote Dar\u00edo Fuentes Cifuentes por abuso sexual infantil reiterado cometido entre los a\u00f1os 2011 y 2013, cometido en perjuicio de una v\u00edctima de 6 a\u00f1os en la localidad de Caburgua, Puc\u00f3n.<\/p>\n\n\n\n<p>Con la prueba rendida, que consider\u00f3 entre otras la declaraci\u00f3n de la v\u00edctimas de estos hechos, el Tribunal Oral de Villarrica dict\u00f3 un veredicto condenatorio contra el p\u00e1rroco de la parroquia Nuestra Se\u00f1ora de los Dolores de Perquenco y fij\u00f3 para el pr\u00f3ximo 22 de agosto la audiencia de lectura de sentencia en la cual comunicar\u00e1 la pena que deber\u00e1 cumplir.<\/p>\n\n\n\n<p>El Ministerio P\u00fablico est\u00e1 solicitando una pena de 10 a\u00f1os y un d\u00eda de presidio, de cumplimiento efectivo.<\/p>\n\n\n\n<p>La acusaci\u00f3n fue sostenida en juicio por el fiscal \u00cdtalo Ortega, quien en 2018 fue designado fiscal preferente en una investigaci\u00f3n que la Fiscal\u00eda Regional abri\u00f3 de oficio para investigar abusos sexuales a menores por parte de miembros de la Iglesia Cat\u00f3lica en La Araucan\u00eda, tras tomar conocimiento de sanciones can\u00f3nicas en contra de curas por eventuales agresiones sexuales a menores de edad que no hab\u00edan sido denunciadas oportunamente en la Justicia.<\/p>\n\n\n\n<p>La causa por abusos sexuales contra el ex sacerdote es precisamente una de las aristas de esta investigaci\u00f3n que el fiscal Ortega desarroll\u00f3 junto a un equipo de la Brigada de Delitos Sexuales de la Polic\u00eda de Investigaciones.<\/p>\n","protected":false},"excerpt":{"rendered":"<div class=\"pvc_clear\"><\/div>\n<p id=\"pvc_stats_34438\" class=\"pvc_stats total_only  \" data-element-id=\"34438\" style=\"\"><i class=\"pvc-stats-icon large\" aria-hidden=\"true\"><svg aria-hidden=\"true\" focusable=\"false\" data-prefix=\"far\" data-icon=\"chart-bar\" role=\"img\" xmlns=\"http:\/\/www.w3.org\/2000\/svg\" viewBox=\"0 0 512 512\" class=\"svg-inline--fa fa-chart-bar fa-w-16 fa-2x\"><path fill=\"currentColor\" d=\"M396.8 352h22.4c6.4 0 12.8-6.4 12.8-12.8V108.8c0-6.4-6.4-12.8-12.8-12.8h-22.4c-6.4 0-12.8 6.4-12.8 12.8v230.4c0 6.4 6.4 12.8 12.8 12.8zm-192 0h22.4c6.4 0 12.8-6.4 12.8-12.8V140.8c0-6.4-6.4-12.8-12.8-12.8h-22.4c-6.4 0-12.8 6.4-12.8 12.8v198.4c0 6.4 6.4 12.8 12.8 12.8zm96 0h22.4c6.4 0 12.8-6.4 12.8-12.8V204.8c0-6.4-6.4-12.8-12.8-12.8h-22.4c-6.4 0-12.8 6.4-12.8 12.8v134.4c0 6.4 6.4 12.8 12.8 12.8zM496 400H48V80c0-8.84-7.16-16-16-16H16C7.16 64 0 71.16 0 80v336c0 17.67 14.33 32 32 32h464c8.84 0 16-7.16 16-16v-16c0-8.84-7.16-16-16-16zm-387.2-48h22.4c6.4 0 12.8-6.4 12.8-12.8v-70.4c0-6.4-6.4-12.8-12.8-12.8h-22.4c-6.4 0-12.8 6.4-12.8 12.8v70.4c0 6.4 6.4 12.8 12.8 12.8z\" class=\"\"><\/path><\/svg><\/i> <img loading=\"lazy\" decoding=\"async\" width=\"16\" height=\"16\" alt=\"Loading\" src=\"https:\/\/temucotelevision.cl\/web\/wp-content\/plugins\/page-views-count\/ajax-loader-2x.gif\" border=0 \/><\/p>\n<div class=\"pvc_clear\"><\/div>\n<p>La Fiscal\u00eda obtuvo la condena del ex sacerdote Dar\u00edo Fuentes Cifuentes por abuso sexual infantil reiterado cometido entre los a\u00f1os<\/p>\n","protected":false},"author":1,"featured_media":34437,"comment_status":"open","ping_status":"open","sticky":false,"template":"","format":"standard","meta":{"colormag_page_container_layout":"default_layout","colormag_page_sidebar_layout":"default_layout","footnotes":""},"categories":[15],"tags":[1231,219,5686,1438],"class_list":["post-34438","post","type-post","status-publish","format-standard","has-post-thumbnail","hentry","category-la-araucania","tag-abuso","tag-condena","tag-sacerdote","tag-sexual"],"a3_pvc":{"activated":true,"total_views":113,"today_views":0},"_links":{"self":[{"href":"https:\/\/temucotelevision.cl\/web\/wp-json\/wp\/v2\/posts\/34438","targetHints":{"allow":["GET"]}}],"collection":[{"href":"https:\/\/temucotelevision.cl\/web\/wp-json\/wp\/v2\/posts"}],"about":[{"href":"https:\/\/temucotelevision.cl\/web\/wp-json\/wp\/v2\/types\/post"}],"author":[{"embeddable":true,"href":"https:\/\/temucotelevision.cl\/web\/wp-json\/wp\/v2\/users\/1"}],"replies":[{"embeddable":true,"href":"https:\/\/temucotelevision.cl\/web\/wp-json\/wp\/v2\/comments?post=34438"}],"version-history":[{"count":1,"href":"https:\/\/temucotelevision.cl\/web\/wp-json\/wp\/v2\/posts\/34438\/revisions"}],"predecessor-version":[{"id":34439,"href":"https:\/\/temucotelevision.cl\/web\/wp-json\/wp\/v2\/posts\/34438\/revisions\/34439"}],"wp:featuredmedia":[{"embeddable":true,"href":"https:\/\/temucotelevision.cl\/web\/wp-json\/wp\/v2\/media\/34437"}],"wp:attachment":[{"href":"https:\/\/temucotelevision.cl\/web\/wp-json\/wp\/v2\/media?parent=34438"}],"wp:term":[{"taxonomy":"category","embeddable":true,"href":"https:\/\/temucotelevision.cl\/web\/wp-json\/wp\/v2\/categories?post=34438"},{"taxonomy":"post_tag","embeddable":true,"href":"https:\/\/temucotelevision.cl\/web\/wp-json\/wp\/v2\/tags?post=34438"}],"curies":[{"name":"wp","href":"https:\/\/api.w.org\/{rel}","templated":true}]}}