{"id":34400,"date":"2022-08-12T14:03:33","date_gmt":"2022-08-12T17:03:33","guid":{"rendered":"https:\/\/temucotelevision.cl\/web\/?p=34400"},"modified":"2022-08-12T14:03:34","modified_gmt":"2022-08-12T17:03:34","slug":"cerca-de-16-000-personas-se-inscribieron-para-rendir-la-primera-prueba-de-acceso-a-la-educacion-superior-paes-en-la-araucania","status":"publish","type":"post","link":"https:\/\/temucotelevision.cl\/web\/2022\/08\/12\/cerca-de-16-000-personas-se-inscribieron-para-rendir-la-primera-prueba-de-acceso-a-la-educacion-superior-paes-en-la-araucania\/","title":{"rendered":"Cerca de 16.000 personas se inscribieron para rendir la primera Prueba de Acceso a la Educaci\u00f3n Superior (PAES) en La Araucan\u00eda\u00a0"},"content":{"rendered":"<div class=\"pvc_clear\"><\/div><p id=\"pvc_stats_34400\" class=\"pvc_stats total_only  \" data-element-id=\"34400\" style=\"\"><i class=\"pvc-stats-icon large\" aria-hidden=\"true\"><svg aria-hidden=\"true\" focusable=\"false\" data-prefix=\"far\" data-icon=\"chart-bar\" role=\"img\" xmlns=\"http:\/\/www.w3.org\/2000\/svg\" viewBox=\"0 0 512 512\" class=\"svg-inline--fa fa-chart-bar fa-w-16 fa-2x\"><path fill=\"currentColor\" d=\"M396.8 352h22.4c6.4 0 12.8-6.4 12.8-12.8V108.8c0-6.4-6.4-12.8-12.8-12.8h-22.4c-6.4 0-12.8 6.4-12.8 12.8v230.4c0 6.4 6.4 12.8 12.8 12.8zm-192 0h22.4c6.4 0 12.8-6.4 12.8-12.8V140.8c0-6.4-6.4-12.8-12.8-12.8h-22.4c-6.4 0-12.8 6.4-12.8 12.8v198.4c0 6.4 6.4 12.8 12.8 12.8zm96 0h22.4c6.4 0 12.8-6.4 12.8-12.8V204.8c0-6.4-6.4-12.8-12.8-12.8h-22.4c-6.4 0-12.8 6.4-12.8 12.8v134.4c0 6.4 6.4 12.8 12.8 12.8zM496 400H48V80c0-8.84-7.16-16-16-16H16C7.16 64 0 71.16 0 80v336c0 17.67 14.33 32 32 32h464c8.84 0 16-7.16 16-16v-16c0-8.84-7.16-16-16-16zm-387.2-48h22.4c6.4 0 12.8-6.4 12.8-12.8v-70.4c0-6.4-6.4-12.8-12.8-12.8h-22.4c-6.4 0-12.8 6.4-12.8 12.8v70.4c0 6.4 6.4 12.8 12.8 12.8z\" class=\"\"><\/path><\/svg><\/i> <img loading=\"lazy\" decoding=\"async\" width=\"16\" height=\"16\" alt=\"Loading\" src=\"https:\/\/temucotelevision.cl\/web\/wp-content\/plugins\/page-views-count\/ajax-loader-2x.gif\" border=0 \/><\/p><div class=\"pvc_clear\"><\/div>\n<ul class=\"wp-block-list\"><li>El periodo de inscripci\u00f3n finaliz\u00f3 el mi\u00e9rcoles 10 de agosto con un total de 15.750 postulantes que completaron el formulario y podr\u00e1n rendir la PAES el 28, 29 y 30 de noviembre.&nbsp;&nbsp;<\/li><li>A diferencia de los dos a\u00f1os anteriores, la aplicaci\u00f3n de la PAES no se dividir\u00e1 en grupos, dado que las condiciones sanitarias han cambiado con la evoluci\u00f3n de la pandemia por COVID-19, aunque se mantendr\u00e1 un estricto protocolo sanitario en los locales de rendici\u00f3n.&nbsp;<\/li><\/ul>\n\n\n\n<p>Desde que se abri\u00f3 el periodo de inscripci\u00f3n, el pasado 29 de junio, hasta que cerr\u00f3, el 10 de agosto a las 13 horas, un total de 275.085 personas a nivel pa\u00eds, se inscribieron para rendir la Prueba de Acceso a la Educaci\u00f3n Superior (PAES) en noviembre pr\u00f3ximo. La cifra es similar a las inscripciones de 2021, a\u00f1o en que lleg\u00f3 a 275.630 postulantes. Sin embargo, las cifras tienen un matiz positivo, pues ahora el 71,9% de inscritas\/os son parte de la promoci\u00f3n de este a\u00f1o (197.704), mientras que en el proceso anterior quienes estaban en 4\u00b0 medio solo representaron el 67,9% de las inscripciones.\u00a0<\/p>\n\n\n\n<p>En La Araucan\u00eda, la Seremi de Educaci\u00f3n, Mar\u00eda Isabel Mari\u00f1anco destac\u00f3 que en la regi\u00f3n fueron&nbsp;<strong>15.750 postulantes&nbsp;<a>lo que representa al 5,7% del pa\u00eds<\/a><\/strong>&nbsp;&nbsp;<\/p>\n\n\n\n<p>\u201c<em>Esto da cuenta de que, a pesar de los cambios en el Sistema de Acceso y las consecuencias de la pandemia, el estudiantado est\u00e1 interesado en este proceso y han cumplido con los plazos. Sabemos que es un a\u00f1o lleno de desaf\u00edos y cambios, tanto en las pruebas como en el Sistema de Acceso, pero las y los j\u00f3venes siguen proyect\u00e1ndose en los estudios superiores, lo que siempre ser\u00e1 una buena noticia\u201d,<\/em>&nbsp;enfatiz\u00f3 la autoridad regional de educaci\u00f3n.&nbsp;<\/p>\n\n\n\n<p><strong>PROCESO DE ADMISI\u00d3N 2023 EN CURSO&nbsp;<\/strong><\/p>\n\n\n\n<p>Respecto de la sede de rendici\u00f3n, hay que recordar que se podr\u00e1n realizar modificaciones hasta el cierre oficial de archivos, el 19 agosto de 2022. En cuanto a los datos personales, como direcci\u00f3n, tel\u00e9fono y\/o correo electr\u00f3nico, el Portal de Inscripci\u00f3n permitir\u00e1 actualizar esta informaci\u00f3n con posterioridad a dichas fechas. Eso s\u00ed, ya no hay posibilidades de modificar&nbsp;las pruebas a rendir, cambio que se pudo realizar hasta el cierre de la inscripci\u00f3n (10 de agosto).&nbsp;<\/p>\n\n\n\n<p>El jueves 29 de septiembre de 2022 se publicar\u00e1 la Oferta Definitiva de Carreras, Vacantes y Ponderaciones, que contiene informaci\u00f3n de las 45 universidades adscritas al Sistema de Acceso para el Proceso de Admisi\u00f3n 2023.&nbsp;<\/p>\n\n\n\n<p><strong>PR\u00d3XIMAS FECHAS IMPORTANTES&nbsp;<\/strong><\/p>\n\n\n\n<p>28, 29 y 30 de noviembre 2022&nbsp;&nbsp;&nbsp;&nbsp;&nbsp;&nbsp;&nbsp;&nbsp;&nbsp;&nbsp;&nbsp;&nbsp;Rendici\u00f3n de la PAES&nbsp;<\/p>\n\n\n\n<p>3 de enero 2023&nbsp;&nbsp;&nbsp;&nbsp;&nbsp;&nbsp;&nbsp;&nbsp;&nbsp;&nbsp;&nbsp;&nbsp;&nbsp;&nbsp;&nbsp;&nbsp;&nbsp;&nbsp;&nbsp;&nbsp;&nbsp;&nbsp;&nbsp;&nbsp;&nbsp;&nbsp;&nbsp;&nbsp;&nbsp;&nbsp;&nbsp;&nbsp;&nbsp;&nbsp;&nbsp;&nbsp;&nbsp;&nbsp;&nbsp;Entrega de resultados PAES e inicio de postulaci\u00f3n&nbsp;<\/p>\n\n\n\n<p>6 de enero 2023&nbsp;&nbsp;&nbsp;&nbsp;&nbsp;&nbsp;&nbsp;&nbsp;&nbsp;&nbsp;&nbsp;&nbsp;&nbsp;&nbsp;&nbsp;&nbsp;&nbsp;&nbsp;&nbsp;&nbsp;&nbsp;&nbsp;&nbsp;&nbsp;&nbsp;&nbsp;&nbsp;&nbsp;&nbsp;&nbsp;&nbsp;&nbsp;&nbsp;&nbsp;&nbsp;&nbsp;&nbsp;&nbsp;&nbsp;Finaliza etapa de postulaci\u00f3n centralizada&nbsp;<\/p>\n\n\n\n<p>17 de enero 2023&nbsp;&nbsp;&nbsp;&nbsp;&nbsp;&nbsp;&nbsp;&nbsp;&nbsp;&nbsp;&nbsp;&nbsp;&nbsp;&nbsp;&nbsp;&nbsp;&nbsp;&nbsp;&nbsp;&nbsp;&nbsp;&nbsp;&nbsp;&nbsp;&nbsp;&nbsp;&nbsp;&nbsp;&nbsp;&nbsp;&nbsp;&nbsp;&nbsp;&nbsp;&nbsp;&nbsp;&nbsp;Entrega de resultados de selecci\u00f3n a las universidades&nbsp;<\/p>\n\n\n\n<p>Quienes tengan dudas, pueden encontrar m\u00e1s informaci\u00f3n en\u00a0<a rel=\"noreferrer noopener\" href=\"http:\/\/acceso.mineduc.cl\/\" target=\"_blank\">acceso.mineduc.cl<\/a>\u00a0y en\u00a0<a rel=\"noreferrer noopener\" href=\"http:\/\/demre.cl\/\" target=\"_blank\">demre.cl<\/a>. Tambi\u00e9n pueden comunicarse con Ayuda Mineduc, al 600 600 26 26 (desde celulares, al 224066600), o a la Mesa de Ayuda DEMRE, al 229783806.\u00a0<\/p>\n\n\n\n<figure class=\"wp-block-image size-full\"><img loading=\"lazy\" decoding=\"async\" width=\"921\" height=\"682\" src=\"https:\/\/temucotelevision.cl\/web\/wp-content\/uploads\/2022\/08\/Tabla.png\" alt=\"\" class=\"wp-image-34401\" srcset=\"https:\/\/temucotelevision.cl\/web\/wp-content\/uploads\/2022\/08\/Tabla.png 921w, https:\/\/temucotelevision.cl\/web\/wp-content\/uploads\/2022\/08\/Tabla-768x569.png 768w\" sizes=\"auto, (max-width: 921px) 100vw, 921px\" \/><\/figure>\n","protected":false},"excerpt":{"rendered":"<div class=\"pvc_clear\"><\/div>\n<p id=\"pvc_stats_34400\" class=\"pvc_stats total_only  \" data-element-id=\"34400\" style=\"\"><i class=\"pvc-stats-icon large\" aria-hidden=\"true\"><svg aria-hidden=\"true\" focusable=\"false\" data-prefix=\"far\" data-icon=\"chart-bar\" role=\"img\" xmlns=\"http:\/\/www.w3.org\/2000\/svg\" viewBox=\"0 0 512 512\" class=\"svg-inline--fa fa-chart-bar fa-w-16 fa-2x\"><path fill=\"currentColor\" d=\"M396.8 352h22.4c6.4 0 12.8-6.4 12.8-12.8V108.8c0-6.4-6.4-12.8-12.8-12.8h-22.4c-6.4 0-12.8 6.4-12.8 12.8v230.4c0 6.4 6.4 12.8 12.8 12.8zm-192 0h22.4c6.4 0 12.8-6.4 12.8-12.8V140.8c0-6.4-6.4-12.8-12.8-12.8h-22.4c-6.4 0-12.8 6.4-12.8 12.8v198.4c0 6.4 6.4 12.8 12.8 12.8zm96 0h22.4c6.4 0 12.8-6.4 12.8-12.8V204.8c0-6.4-6.4-12.8-12.8-12.8h-22.4c-6.4 0-12.8 6.4-12.8 12.8v134.4c0 6.4 6.4 12.8 12.8 12.8zM496 400H48V80c0-8.84-7.16-16-16-16H16C7.16 64 0 71.16 0 80v336c0 17.67 14.33 32 32 32h464c8.84 0 16-7.16 16-16v-16c0-8.84-7.16-16-16-16zm-387.2-48h22.4c6.4 0 12.8-6.4 12.8-12.8v-70.4c0-6.4-6.4-12.8-12.8-12.8h-22.4c-6.4 0-12.8 6.4-12.8 12.8v70.4c0 6.4 6.4 12.8 12.8 12.8z\" class=\"\"><\/path><\/svg><\/i> <img loading=\"lazy\" decoding=\"async\" width=\"16\" height=\"16\" alt=\"Loading\" src=\"https:\/\/temucotelevision.cl\/web\/wp-content\/plugins\/page-views-count\/ajax-loader-2x.gif\" border=0 \/><\/p>\n<div class=\"pvc_clear\"><\/div>\n<p>El periodo de inscripci\u00f3n finaliz\u00f3 el mi\u00e9rcoles 10 de agosto con un total de 15.750 postulantes que completaron el formulario<\/p>\n","protected":false},"author":1,"featured_media":34402,"comment_status":"open","ping_status":"open","sticky":false,"template":"","format":"standard","meta":{"colormag_page_container_layout":"default_layout","colormag_page_sidebar_layout":"default_layout","footnotes":""},"categories":[15],"tags":[148,5681,766,2186,170,4492],"class_list":["post-34400","post","type-post","status-publish","format-standard","has-post-thumbnail","hentry","category-la-araucania","tag-educacion","tag-paes","tag-personas","tag-prueba","tag-region","tag-seremi-educacion"],"a3_pvc":{"activated":true,"total_views":46,"today_views":0},"_links":{"self":[{"href":"https:\/\/temucotelevision.cl\/web\/wp-json\/wp\/v2\/posts\/34400","targetHints":{"allow":["GET"]}}],"collection":[{"href":"https:\/\/temucotelevision.cl\/web\/wp-json\/wp\/v2\/posts"}],"about":[{"href":"https:\/\/temucotelevision.cl\/web\/wp-json\/wp\/v2\/types\/post"}],"author":[{"embeddable":true,"href":"https:\/\/temucotelevision.cl\/web\/wp-json\/wp\/v2\/users\/1"}],"replies":[{"embeddable":true,"href":"https:\/\/temucotelevision.cl\/web\/wp-json\/wp\/v2\/comments?post=34400"}],"version-history":[{"count":1,"href":"https:\/\/temucotelevision.cl\/web\/wp-json\/wp\/v2\/posts\/34400\/revisions"}],"predecessor-version":[{"id":34403,"href":"https:\/\/temucotelevision.cl\/web\/wp-json\/wp\/v2\/posts\/34400\/revisions\/34403"}],"wp:featuredmedia":[{"embeddable":true,"href":"https:\/\/temucotelevision.cl\/web\/wp-json\/wp\/v2\/media\/34402"}],"wp:attachment":[{"href":"https:\/\/temucotelevision.cl\/web\/wp-json\/wp\/v2\/media?parent=34400"}],"wp:term":[{"taxonomy":"category","embeddable":true,"href":"https:\/\/temucotelevision.cl\/web\/wp-json\/wp\/v2\/categories?post=34400"},{"taxonomy":"post_tag","embeddable":true,"href":"https:\/\/temucotelevision.cl\/web\/wp-json\/wp\/v2\/tags?post=34400"}],"curies":[{"name":"wp","href":"https:\/\/api.w.org\/{rel}","templated":true}]}}