{"id":34396,"date":"2022-08-12T13:57:36","date_gmt":"2022-08-12T16:57:36","guid":{"rendered":"https:\/\/temucotelevision.cl\/web\/?p=34396"},"modified":"2022-08-12T13:57:37","modified_gmt":"2022-08-12T16:57:37","slug":"cautin-norte-ya-tiene-sus-campeones-en-el-tenis-de-mesa-escolar","status":"publish","type":"post","link":"https:\/\/temucotelevision.cl\/web\/2022\/08\/12\/cautin-norte-ya-tiene-sus-campeones-en-el-tenis-de-mesa-escolar\/","title":{"rendered":"Caut\u00edn Norte ya tiene sus campeones en el Tenis de Mesa Escolar"},"content":{"rendered":"<div class=\"pvc_clear\"><\/div><p id=\"pvc_stats_34396\" class=\"pvc_stats total_only  \" data-element-id=\"34396\" style=\"\"><i class=\"pvc-stats-icon large\" aria-hidden=\"true\"><svg aria-hidden=\"true\" focusable=\"false\" data-prefix=\"far\" data-icon=\"chart-bar\" role=\"img\" xmlns=\"http:\/\/www.w3.org\/2000\/svg\" viewBox=\"0 0 512 512\" class=\"svg-inline--fa fa-chart-bar fa-w-16 fa-2x\"><path fill=\"currentColor\" d=\"M396.8 352h22.4c6.4 0 12.8-6.4 12.8-12.8V108.8c0-6.4-6.4-12.8-12.8-12.8h-22.4c-6.4 0-12.8 6.4-12.8 12.8v230.4c0 6.4 6.4 12.8 12.8 12.8zm-192 0h22.4c6.4 0 12.8-6.4 12.8-12.8V140.8c0-6.4-6.4-12.8-12.8-12.8h-22.4c-6.4 0-12.8 6.4-12.8 12.8v198.4c0 6.4 6.4 12.8 12.8 12.8zm96 0h22.4c6.4 0 12.8-6.4 12.8-12.8V204.8c0-6.4-6.4-12.8-12.8-12.8h-22.4c-6.4 0-12.8 6.4-12.8 12.8v134.4c0 6.4 6.4 12.8 12.8 12.8zM496 400H48V80c0-8.84-7.16-16-16-16H16C7.16 64 0 71.16 0 80v336c0 17.67 14.33 32 32 32h464c8.84 0 16-7.16 16-16v-16c0-8.84-7.16-16-16-16zm-387.2-48h22.4c6.4 0 12.8-6.4 12.8-12.8v-70.4c0-6.4-6.4-12.8-12.8-12.8h-22.4c-6.4 0-12.8 6.4-12.8 12.8v70.4c0 6.4 6.4 12.8 12.8 12.8z\" class=\"\"><\/path><\/svg><\/i> <img loading=\"lazy\" decoding=\"async\" width=\"16\" height=\"16\" alt=\"Loading\" src=\"https:\/\/temucotelevision.cl\/web\/wp-content\/plugins\/page-views-count\/ajax-loader-2x.gif\" border=0 \/><\/p><div class=\"pvc_clear\"><\/div>\n<p>\u00b7&nbsp;&nbsp;&nbsp;&nbsp;&nbsp;&nbsp;&nbsp;&nbsp;&nbsp;Tras una ardua jornada en el polideportivo Rufino Bernedo, Agust\u00edn Espinoza y Javiera Mu\u00f1oz se llevaron las primeras ubicaciones y ahora van por el t\u00edtulo regional el pr\u00f3ximo 23 de agosto.&nbsp;<\/p>\n\n\n\n<p>La Provincia de Caut\u00edn norte defini\u00f3 esta semana sus competidores que pasar\u00e1n a la final regional del Tenis de Mesa Escolar con miras a los Juegos Deportivos Escolares (JDE) Villarrica \u2013Puc\u00f3n 2022.<\/p>\n\n\n\n<p>Tras una ardua jornada de duelos en simult\u00e1neo en el Polideportivo Rufino Bernedo, al interior de Campo de Deportes \u00d1ielol, en Temuco, Agust\u00edn Espinoza, de Agruparte, se coron\u00f3 campe\u00f3n provincial con el primer lugar en la categor\u00eda varones<\/p>\n\n\n\n<p>Espinoza fue seguido en la segunda ubicaci\u00f3n por Joaqu\u00edn Polanco (Lautaro); en tanto, Vicente Morales (Agruparte) y Jahaziel Belmar (Temuco), compartieron el tercer lugar de la tabla.<\/p>\n\n\n\n<p>En la categor\u00eda damas, &nbsp;el primer lugar fue para la deportista de Carahue Javiera Mu\u00f1oz. El segundo puesto lo obtuvo Maite Moya (Agruparte). El tercer lugar, tambi\u00e9n compartido, lo consiguieron Vaitiare Montero (Carahue) y Paola Salamanca (Cunco).<\/p>\n\n\n\n<p>El grupo de finalistas deber\u00e1 ahora verse las caras en la final regional de la sub12 de tenis de mesa que se jugar\u00e1 el pr\u00f3ximo 23 de agosto desde las 11 horas &nbsp;en el Polideportivo de Campo de Deportes.<\/p>\n\n\n\n<p>El torneo de tenis de mesa es organizado por el Ministerio del Deporte a trav\u00e9s del IND La Araucan\u00eda, y forma parte del programa anual de competiciones escolares que culminar\u00e1 entre el 3 y el 9 de octubre pr\u00f3ximo con los mejores de cada regi\u00f3n, en la Final Nacional de los JDE, cuya sede para esta disciplina se confirm\u00f3 en el Liceo Bicentenario de Villarrica.<\/p>\n\n\n\n<figure class=\"wp-block-image size-full\"><img loading=\"lazy\" decoding=\"async\" width=\"1024\" height=\"768\" src=\"https:\/\/temucotelevision.cl\/web\/wp-content\/uploads\/2022\/08\/Tenis-Mesa2.jpeg\" alt=\"\" class=\"wp-image-34398\" srcset=\"https:\/\/temucotelevision.cl\/web\/wp-content\/uploads\/2022\/08\/Tenis-Mesa2.jpeg 1024w, https:\/\/temucotelevision.cl\/web\/wp-content\/uploads\/2022\/08\/Tenis-Mesa2-768x576.jpeg 768w\" sizes=\"auto, (max-width: 1024px) 100vw, 1024px\" \/><\/figure>\n","protected":false},"excerpt":{"rendered":"<div class=\"pvc_clear\"><\/div>\n<p id=\"pvc_stats_34396\" class=\"pvc_stats total_only  \" data-element-id=\"34396\" style=\"\"><i class=\"pvc-stats-icon large\" aria-hidden=\"true\"><svg aria-hidden=\"true\" focusable=\"false\" data-prefix=\"far\" data-icon=\"chart-bar\" role=\"img\" xmlns=\"http:\/\/www.w3.org\/2000\/svg\" viewBox=\"0 0 512 512\" class=\"svg-inline--fa fa-chart-bar fa-w-16 fa-2x\"><path fill=\"currentColor\" d=\"M396.8 352h22.4c6.4 0 12.8-6.4 12.8-12.8V108.8c0-6.4-6.4-12.8-12.8-12.8h-22.4c-6.4 0-12.8 6.4-12.8 12.8v230.4c0 6.4 6.4 12.8 12.8 12.8zm-192 0h22.4c6.4 0 12.8-6.4 12.8-12.8V140.8c0-6.4-6.4-12.8-12.8-12.8h-22.4c-6.4 0-12.8 6.4-12.8 12.8v198.4c0 6.4 6.4 12.8 12.8 12.8zm96 0h22.4c6.4 0 12.8-6.4 12.8-12.8V204.8c0-6.4-6.4-12.8-12.8-12.8h-22.4c-6.4 0-12.8 6.4-12.8 12.8v134.4c0 6.4 6.4 12.8 12.8 12.8zM496 400H48V80c0-8.84-7.16-16-16-16H16C7.16 64 0 71.16 0 80v336c0 17.67 14.33 32 32 32h464c8.84 0 16-7.16 16-16v-16c0-8.84-7.16-16-16-16zm-387.2-48h22.4c6.4 0 12.8-6.4 12.8-12.8v-70.4c0-6.4-6.4-12.8-12.8-12.8h-22.4c-6.4 0-12.8 6.4-12.8 12.8v70.4c0 6.4 6.4 12.8 12.8 12.8z\" class=\"\"><\/path><\/svg><\/i> <img loading=\"lazy\" decoding=\"async\" width=\"16\" height=\"16\" alt=\"Loading\" src=\"https:\/\/temucotelevision.cl\/web\/wp-content\/plugins\/page-views-count\/ajax-loader-2x.gif\" border=0 \/><\/p>\n<div class=\"pvc_clear\"><\/div>\n<p>\u00b7&nbsp;&nbsp;&nbsp;&nbsp;&nbsp;&nbsp;&nbsp;&nbsp;&nbsp;Tras una ardua jornada en el polideportivo Rufino Bernedo, Agust\u00edn Espinoza y Javiera Mu\u00f1oz se llevaron las primeras ubicaciones y<\/p>\n","protected":false},"author":1,"featured_media":34397,"comment_status":"open","ping_status":"open","sticky":false,"template":"","format":"standard","meta":{"colormag_page_container_layout":"default_layout","colormag_page_sidebar_layout":"default_layout","footnotes":""},"categories":[14],"tags":[1018,361,1110,5200],"class_list":["post-34396","post","type-post","status-publish","format-standard","has-post-thumbnail","hentry","category-temuco","tag-campeones","tag-cautin","tag-mesa","tag-tenis"],"a3_pvc":{"activated":true,"total_views":174,"today_views":0},"_links":{"self":[{"href":"https:\/\/temucotelevision.cl\/web\/wp-json\/wp\/v2\/posts\/34396","targetHints":{"allow":["GET"]}}],"collection":[{"href":"https:\/\/temucotelevision.cl\/web\/wp-json\/wp\/v2\/posts"}],"about":[{"href":"https:\/\/temucotelevision.cl\/web\/wp-json\/wp\/v2\/types\/post"}],"author":[{"embeddable":true,"href":"https:\/\/temucotelevision.cl\/web\/wp-json\/wp\/v2\/users\/1"}],"replies":[{"embeddable":true,"href":"https:\/\/temucotelevision.cl\/web\/wp-json\/wp\/v2\/comments?post=34396"}],"version-history":[{"count":1,"href":"https:\/\/temucotelevision.cl\/web\/wp-json\/wp\/v2\/posts\/34396\/revisions"}],"predecessor-version":[{"id":34399,"href":"https:\/\/temucotelevision.cl\/web\/wp-json\/wp\/v2\/posts\/34396\/revisions\/34399"}],"wp:featuredmedia":[{"embeddable":true,"href":"https:\/\/temucotelevision.cl\/web\/wp-json\/wp\/v2\/media\/34397"}],"wp:attachment":[{"href":"https:\/\/temucotelevision.cl\/web\/wp-json\/wp\/v2\/media?parent=34396"}],"wp:term":[{"taxonomy":"category","embeddable":true,"href":"https:\/\/temucotelevision.cl\/web\/wp-json\/wp\/v2\/categories?post=34396"},{"taxonomy":"post_tag","embeddable":true,"href":"https:\/\/temucotelevision.cl\/web\/wp-json\/wp\/v2\/tags?post=34396"}],"curies":[{"name":"wp","href":"https:\/\/api.w.org\/{rel}","templated":true}]}}