{"id":34390,"date":"2022-08-12T13:31:06","date_gmt":"2022-08-12T16:31:06","guid":{"rendered":"https:\/\/temucotelevision.cl\/web\/?p=34390"},"modified":"2022-08-12T13:52:29","modified_gmt":"2022-08-12T16:52:29","slug":"dirigentes-sociales-de-carahue-pitrufquen-y-temuco-fueron-reconocidos-por-aguas-araucania","status":"publish","type":"post","link":"https:\/\/temucotelevision.cl\/web\/2022\/08\/12\/dirigentes-sociales-de-carahue-pitrufquen-y-temuco-fueron-reconocidos-por-aguas-araucania\/","title":{"rendered":"Dirigentes sociales de Carahue, Pitrufqu\u00e9n y\u00a0Temuco fueron reconocidos por Aguas Araucan\u00eda"},"content":{"rendered":"<div class=\"pvc_clear\"><\/div><p id=\"pvc_stats_34390\" class=\"pvc_stats total_only  \" data-element-id=\"34390\" style=\"\"><i class=\"pvc-stats-icon large\" aria-hidden=\"true\"><svg aria-hidden=\"true\" focusable=\"false\" data-prefix=\"far\" data-icon=\"chart-bar\" role=\"img\" xmlns=\"http:\/\/www.w3.org\/2000\/svg\" viewBox=\"0 0 512 512\" class=\"svg-inline--fa fa-chart-bar fa-w-16 fa-2x\"><path fill=\"currentColor\" d=\"M396.8 352h22.4c6.4 0 12.8-6.4 12.8-12.8V108.8c0-6.4-6.4-12.8-12.8-12.8h-22.4c-6.4 0-12.8 6.4-12.8 12.8v230.4c0 6.4 6.4 12.8 12.8 12.8zm-192 0h22.4c6.4 0 12.8-6.4 12.8-12.8V140.8c0-6.4-6.4-12.8-12.8-12.8h-22.4c-6.4 0-12.8 6.4-12.8 12.8v198.4c0 6.4 6.4 12.8 12.8 12.8zm96 0h22.4c6.4 0 12.8-6.4 12.8-12.8V204.8c0-6.4-6.4-12.8-12.8-12.8h-22.4c-6.4 0-12.8 6.4-12.8 12.8v134.4c0 6.4 6.4 12.8 12.8 12.8zM496 400H48V80c0-8.84-7.16-16-16-16H16C7.16 64 0 71.16 0 80v336c0 17.67 14.33 32 32 32h464c8.84 0 16-7.16 16-16v-16c0-8.84-7.16-16-16-16zm-387.2-48h22.4c6.4 0 12.8-6.4 12.8-12.8v-70.4c0-6.4-6.4-12.8-12.8-12.8h-22.4c-6.4 0-12.8 6.4-12.8 12.8v70.4c0 6.4 6.4 12.8 12.8 12.8z\" class=\"\"><\/path><\/svg><\/i> <img loading=\"lazy\" decoding=\"async\" width=\"16\" height=\"16\" alt=\"Loading\" src=\"https:\/\/temucotelevision.cl\/web\/wp-content\/plugins\/page-views-count\/ajax-loader-2x.gif\" border=0 \/><\/p><div class=\"pvc_clear\"><\/div>\n<p><em>En el marco del d\u00eda del dirigente vecinal que se conmemora el 7 de agosto, la compa\u00f1\u00eda desarroll\u00f3 actividades en varias comunas de la regi\u00f3n, destacando la labor de los l\u00edderes sociales y celebrando los 17 a\u00f1os de relaci\u00f3n y gesti\u00f3n comunitaria junto a los representantes sociales de distintas unidades vecinales.<\/em><\/p>\n\n\n\n<p>Son 17 a\u00f1os los que cumpli\u00f3 Aguas Araucan\u00eda este 2022, desarrollando un programa de trabajo comunitario que en sus ejes principales tiene como protagonistas a los dirigentes vecinales y l\u00edderes territoriales. Es as\u00ed como en el d\u00eda del dirigente, la compa\u00f1\u00eda celebr\u00f3 actos en Carahue, Temuco y Pitrufqu\u00e9n, oportunidad donde se entregaron reconocimientos a los l\u00edderes vecinales de dichas comunas.<\/p>\n\n\n\n<p>Jos\u00e9 Torga, gerente regional de Aguas Araucan\u00eda encabez\u00f3 las ceremonias, destacando la gesti\u00f3n que d\u00eda a d\u00eda desarrollan los dirigentes en beneficio de su comunidad.&nbsp;<\/p>\n\n\n\n<p>\u201cEllos son articuladores de muchas soluciones que demandan sus vecinos, trabajan por y para ellos y nos pareci\u00f3 importante destacarlos, ya que nos han permitido vincularnos y trabajar estrechamente con la comunidad\u201d, dijo.<\/p>\n\n\n\n<p>En nuestra regi\u00f3n, son m\u00e1s de 646 unidades vecinales que trabajan a diario con Aguas Araucan\u00eda, desarrollando programas conjuntos que benefician directamente a los vecinos.<\/p>\n\n\n\n<p>Se trata de una relaci\u00f3n consolidada, en la que no solo se realizan reuniones peri\u00f3dicas, sino adem\u00e1s se impulsan acciones en terreno, como la inspecci\u00f3n de grifos y alcantarillado, facilidades de pagos a clientes vulnerables, puerta a puerta a clientes aleda\u00f1os a obras, visitas a los recintos de la compa\u00f1\u00eda, entre otras.<\/p>\n\n\n\n<p>La dirigente vecinal de la comuna de Carahue, Berta Pe\u00f1a Ruiz, destac\u00f3 el aporte del trabajo conjunto con la empresa. \u201cNosotros llevamos trabajando con Aguas Araucan\u00eda desde el a\u00f1o 2008, tras un problema que presentamos en Carahue, pero gracias a la empresa que conf\u00edo en los dirigentes sociales y territoriales, hemos logrado desarrollar una labor diaria, donde se priorizan nuestras necesidades y donde ellos, siempre est\u00e1n en terreno con nosotros\u201d<\/p>\n\n\n\n<p>Finalmente, el gerente regional de Aguas Araucan\u00eda invit\u00f3 a las distintas unidades vecinales a seguir participando de las diversas iniciativas comunitarias, as\u00ed como los Fondos Concursables que recientemente cerraron sus postulaciones con casi 400 proyectos.<\/p>\n\n\n\n<p>\u201cEl fondo concursable nos entrega la posibilidad de apoyar aquellas iniciativas que ayudan a la comunidad a mejorar su calidad de vida y tambi\u00e9n a desarrollar proyectos en beneficio de sus vecinos\u201d, acot\u00f3.\u00a0<\/p>\n\n\n\n<figure class=\"wp-block-image size-large\"><img loading=\"lazy\" decoding=\"async\" width=\"1024\" height=\"683\" src=\"https:\/\/temucotelevision.cl\/web\/wp-content\/uploads\/2022\/08\/reconocimiento-Carahue-1024x683.jpg\" alt=\"\" class=\"wp-image-34394\" srcset=\"https:\/\/temucotelevision.cl\/web\/wp-content\/uploads\/2022\/08\/reconocimiento-Carahue-1024x683.jpg 1024w, https:\/\/temucotelevision.cl\/web\/wp-content\/uploads\/2022\/08\/reconocimiento-Carahue-768x512.jpg 768w, https:\/\/temucotelevision.cl\/web\/wp-content\/uploads\/2022\/08\/reconocimiento-Carahue-1536x1024.jpg 1536w, https:\/\/temucotelevision.cl\/web\/wp-content\/uploads\/2022\/08\/reconocimiento-Carahue-2048x1365.jpg 2048w\" sizes=\"auto, (max-width: 1024px) 100vw, 1024px\" \/><\/figure>\n","protected":false},"excerpt":{"rendered":"<div class=\"pvc_clear\"><\/div>\n<p id=\"pvc_stats_34390\" class=\"pvc_stats total_only  \" data-element-id=\"34390\" style=\"\"><i class=\"pvc-stats-icon large\" aria-hidden=\"true\"><svg aria-hidden=\"true\" focusable=\"false\" data-prefix=\"far\" data-icon=\"chart-bar\" role=\"img\" xmlns=\"http:\/\/www.w3.org\/2000\/svg\" viewBox=\"0 0 512 512\" class=\"svg-inline--fa fa-chart-bar fa-w-16 fa-2x\"><path fill=\"currentColor\" d=\"M396.8 352h22.4c6.4 0 12.8-6.4 12.8-12.8V108.8c0-6.4-6.4-12.8-12.8-12.8h-22.4c-6.4 0-12.8 6.4-12.8 12.8v230.4c0 6.4 6.4 12.8 12.8 12.8zm-192 0h22.4c6.4 0 12.8-6.4 12.8-12.8V140.8c0-6.4-6.4-12.8-12.8-12.8h-22.4c-6.4 0-12.8 6.4-12.8 12.8v198.4c0 6.4 6.4 12.8 12.8 12.8zm96 0h22.4c6.4 0 12.8-6.4 12.8-12.8V204.8c0-6.4-6.4-12.8-12.8-12.8h-22.4c-6.4 0-12.8 6.4-12.8 12.8v134.4c0 6.4 6.4 12.8 12.8 12.8zM496 400H48V80c0-8.84-7.16-16-16-16H16C7.16 64 0 71.16 0 80v336c0 17.67 14.33 32 32 32h464c8.84 0 16-7.16 16-16v-16c0-8.84-7.16-16-16-16zm-387.2-48h22.4c6.4 0 12.8-6.4 12.8-12.8v-70.4c0-6.4-6.4-12.8-12.8-12.8h-22.4c-6.4 0-12.8 6.4-12.8 12.8v70.4c0 6.4 6.4 12.8 12.8 12.8z\" class=\"\"><\/path><\/svg><\/i> <img loading=\"lazy\" decoding=\"async\" width=\"16\" height=\"16\" alt=\"Loading\" src=\"https:\/\/temucotelevision.cl\/web\/wp-content\/plugins\/page-views-count\/ajax-loader-2x.gif\" border=0 \/><\/p>\n<div class=\"pvc_clear\"><\/div>\n<p>En el marco del d\u00eda del dirigente vecinal que se conmemora el 7 de agosto, la compa\u00f1\u00eda desarroll\u00f3 actividades en<\/p>\n","protected":false},"author":1,"featured_media":34391,"comment_status":"open","ping_status":"open","sticky":false,"template":"","format":"standard","meta":{"colormag_page_container_layout":"default_layout","colormag_page_sidebar_layout":"default_layout","footnotes":""},"categories":[14],"tags":[753,199,1384,3754,567],"class_list":["post-34390","post","type-post","status-publish","format-standard","has-post-thumbnail","hentry","category-temuco","tag-aguas-araucania","tag-comunas","tag-dirigentes","tag-sociales","tag-vecinos"],"a3_pvc":{"activated":true,"total_views":74,"today_views":0},"_links":{"self":[{"href":"https:\/\/temucotelevision.cl\/web\/wp-json\/wp\/v2\/posts\/34390","targetHints":{"allow":["GET"]}}],"collection":[{"href":"https:\/\/temucotelevision.cl\/web\/wp-json\/wp\/v2\/posts"}],"about":[{"href":"https:\/\/temucotelevision.cl\/web\/wp-json\/wp\/v2\/types\/post"}],"author":[{"embeddable":true,"href":"https:\/\/temucotelevision.cl\/web\/wp-json\/wp\/v2\/users\/1"}],"replies":[{"embeddable":true,"href":"https:\/\/temucotelevision.cl\/web\/wp-json\/wp\/v2\/comments?post=34390"}],"version-history":[{"count":2,"href":"https:\/\/temucotelevision.cl\/web\/wp-json\/wp\/v2\/posts\/34390\/revisions"}],"predecessor-version":[{"id":34395,"href":"https:\/\/temucotelevision.cl\/web\/wp-json\/wp\/v2\/posts\/34390\/revisions\/34395"}],"wp:featuredmedia":[{"embeddable":true,"href":"https:\/\/temucotelevision.cl\/web\/wp-json\/wp\/v2\/media\/34391"}],"wp:attachment":[{"href":"https:\/\/temucotelevision.cl\/web\/wp-json\/wp\/v2\/media?parent=34390"}],"wp:term":[{"taxonomy":"category","embeddable":true,"href":"https:\/\/temucotelevision.cl\/web\/wp-json\/wp\/v2\/categories?post=34390"},{"taxonomy":"post_tag","embeddable":true,"href":"https:\/\/temucotelevision.cl\/web\/wp-json\/wp\/v2\/tags?post=34390"}],"curies":[{"name":"wp","href":"https:\/\/api.w.org\/{rel}","templated":true}]}}