{"id":34381,"date":"2022-08-11T18:54:11","date_gmt":"2022-08-11T21:54:11","guid":{"rendered":"https:\/\/temucotelevision.cl\/web\/?p=34381"},"modified":"2022-08-11T18:54:12","modified_gmt":"2022-08-11T21:54:12","slug":"concurso-historias-de-nuestra-tierra-celebra-30-anos-con-premio-especial-y-reconocimiento-a-escuelas-con-mayor-participacion","status":"publish","type":"post","link":"https:\/\/temucotelevision.cl\/web\/2022\/08\/11\/concurso-historias-de-nuestra-tierra-celebra-30-anos-con-premio-especial-y-reconocimiento-a-escuelas-con-mayor-participacion\/","title":{"rendered":"Concurso Historias de Nuestra Tierra celebra 30 a\u00f1os con premio especial y reconocimiento a escuelas con mayor participaci\u00f3n"},"content":{"rendered":"<div class=\"pvc_clear\"><\/div><p id=\"pvc_stats_34381\" class=\"pvc_stats total_only  \" data-element-id=\"34381\" style=\"\"><i class=\"pvc-stats-icon large\" aria-hidden=\"true\"><svg aria-hidden=\"true\" focusable=\"false\" data-prefix=\"far\" data-icon=\"chart-bar\" role=\"img\" xmlns=\"http:\/\/www.w3.org\/2000\/svg\" viewBox=\"0 0 512 512\" class=\"svg-inline--fa fa-chart-bar fa-w-16 fa-2x\"><path fill=\"currentColor\" d=\"M396.8 352h22.4c6.4 0 12.8-6.4 12.8-12.8V108.8c0-6.4-6.4-12.8-12.8-12.8h-22.4c-6.4 0-12.8 6.4-12.8 12.8v230.4c0 6.4 6.4 12.8 12.8 12.8zm-192 0h22.4c6.4 0 12.8-6.4 12.8-12.8V140.8c0-6.4-6.4-12.8-12.8-12.8h-22.4c-6.4 0-12.8 6.4-12.8 12.8v198.4c0 6.4 6.4 12.8 12.8 12.8zm96 0h22.4c6.4 0 12.8-6.4 12.8-12.8V204.8c0-6.4-6.4-12.8-12.8-12.8h-22.4c-6.4 0-12.8 6.4-12.8 12.8v134.4c0 6.4 6.4 12.8 12.8 12.8zM496 400H48V80c0-8.84-7.16-16-16-16H16C7.16 64 0 71.16 0 80v336c0 17.67 14.33 32 32 32h464c8.84 0 16-7.16 16-16v-16c0-8.84-7.16-16-16-16zm-387.2-48h22.4c6.4 0 12.8-6.4 12.8-12.8v-70.4c0-6.4-6.4-12.8-12.8-12.8h-22.4c-6.4 0-12.8 6.4-12.8 12.8v70.4c0 6.4 6.4 12.8 12.8 12.8z\" class=\"\"><\/path><\/svg><\/i> <img loading=\"lazy\" decoding=\"async\" width=\"16\" height=\"16\" alt=\"Loading\" src=\"https:\/\/temucotelevision.cl\/web\/wp-content\/plugins\/page-views-count\/ajax-loader-2x.gif\" border=0 \/><\/p><div class=\"pvc_clear\"><\/div>\n<p><em>Este a\u00f1o, adem\u00e1s de sus premios habituales, el tradicional certamen del Ministerio de Agricultura incluye una distinci\u00f3n para ganadoras y ganadores hist\u00f3ricos de todo el pa\u00eds en las categor\u00edas de cuento y poema. Tambi\u00e9n se premiar\u00e1 con computadores a los tres establecimientos educacionales que m\u00e1s participen a nivel nacional.<\/em><\/p>\n\n\n\n<p><em><br><\/em>El concurso Historias de Nuestra Tierra cumple 30 a\u00f1os relevando y poniendo en valor la cultura rural a lo largo del pa\u00eds. Por ello, en esta convocatoria 2022 trae premios destacados, como la distinci\u00f3n especial para ganadoras y ganadores hist\u00f3ricos en las categor\u00edas de cuento y poema, junto con un importante reconocimiento a las escuelas con mayor participaci\u00f3n a lo largo del pa\u00eds.<br><br>Este certamen del Ministerio de Agricultura, organizado por la Fundaci\u00f3n de Comunicaciones, Capacitaci\u00f3n y Cultura del Agro (FUCOA), ha permitido recopilar y compartir relatos, mitos, leyendas e im\u00e1genes propias del campo chileno, a trav\u00e9s de sus distintas categor\u00edas: Cuento y Poema, tradicionales del concurso, y las nuevas de Dibujo y Fotograf\u00eda, lanzadas desde 2019.<br><br>Son miles las obras de ni\u00f1os, ni\u00f1as, j\u00f3venes y adultos de todo Chile las que a\u00f1o a a\u00f1o recibe la fundaci\u00f3n gracias a esta iniciativa, constituyendo un aporte invaluable a la preservaci\u00f3n y difusi\u00f3n de la tradici\u00f3n oral y el patrimonio cultural del mundo rural. De hecho, junto con la publicaci\u00f3n anual de las creaciones ganadoras a trav\u00e9s de libros, exposiciones y el sitio web\u00a0<a rel=\"noreferrer noopener\" href=\"http:\/\/www.historiasdenuestratierra.cl\/\" target=\"_blank\">www.historiasdenuestratierra.cl<\/a>, todo este material es entregado a la Biblioteca Nacional, donde pasa a formar parte del Archivo de Literatura Oral y Tradiciones Populares, siendo consultados tanto por investigadores como por p\u00fablico en general.<\/p>\n\n\n\n<p>\u201cJunto con los premios habituales para todo p\u00fablico en las cuatro categor\u00edas, este a\u00f1o hemos querido agradecer y reconocer a todas y todos quienes han participado en el concurso Historias de Nuestra Tierra, por medio del Premio Especial 30 a\u00f1os, que entregaremos al cuento o poema que destaque entre las y los participantes que ya han sido ganadores, tanto regionales como nacionales, a lo largo de estas tres d\u00e9cadas\u201d, se\u00f1al\u00f3 el director ejecutivo de FUCOA, Claudio Urtubia.<\/p>\n\n\n\n<p>De esta forma, con la sola participaci\u00f3n en las categor\u00edas de cuento o poema, autom\u00e1ticamente se postula a la nueva distinci\u00f3n especial por los 30 a\u00f1os del certamen, adem\u00e1s de los premios especiales habituales \u201cA la Trayectoria\u201d, \u201cPueblos Originarios\u201d, \u201cMujer Rural\u201d, \u201cProfesor Rural\u201d, \u201cOficios Tradicionales\u201d, \u201cMigrantes\u201d y \u201cMandinga\u201d, este \u00faltimo tambi\u00e9n incorporado en esta convocatoria 2022.<\/p>\n\n\n\n<p>Y para incentivar la participaci\u00f3n de estudiantes, profesores, administrativos, colaboradores, padres, madres, apoderados y toda la comunidad perteneciente a establecimientos educacionales de todo el pa\u00eds, por tercer a\u00f1o consecutivo se entregar\u00e1 un premio especial a las tres escuelas, liceos o colegios que env\u00eden m\u00e1s obras.<\/p>\n\n\n\n<p>\u201cSe entregar\u00e1n tres notebooks al primer lugar, dos al segundo lugar y uno al tercer lugar. Para este premio, adem\u00e1s de la cantidad de obras enviadas, se considerar\u00e1n tambi\u00e9n como criterios el n\u00famero de matr\u00edculas, el \u00edndice de vulnerabilidad y si el establecimiento pertenece a una localidad rural\u201d, explic\u00f3 la jefa del \u00e1rea de Cultura de FUCOA, Pierina Cavalli.<\/p>\n\n\n\n<p>Cabe recordar que la convocatoria 2022 del concurso Historias de Nuestra Tierra est\u00e1 abierta hasta el 31 de agosto. Las obras pueden ser enviadas a las oficinas de FUCOA (Teatinos 40 piso 5, Santiago) y a trav\u00e9s del sitio web\u00a0<a rel=\"noreferrer noopener\" href=\"http:\/\/www.historiasdenuestratierra.cl\/\" target=\"_blank\">www.historiasdenuestratierra.cl<\/a>, donde est\u00e1n disponibles las bases del certamen, adem\u00e1s de los resultados anteriores, la galer\u00eda de ganadores, material educativo y m\u00e1s informaci\u00f3n.<\/p>\n\n\n\n<figure class=\"wp-block-image size-large\"><img loading=\"lazy\" decoding=\"async\" width=\"1024\" height=\"768\" src=\"https:\/\/temucotelevision.cl\/web\/wp-content\/uploads\/2022\/08\/premios_especiales_hnt_2022-1024x768.jpg\" alt=\"\" class=\"wp-image-34383\" srcset=\"https:\/\/temucotelevision.cl\/web\/wp-content\/uploads\/2022\/08\/premios_especiales_hnt_2022-1024x768.jpg 1024w, https:\/\/temucotelevision.cl\/web\/wp-content\/uploads\/2022\/08\/premios_especiales_hnt_2022-768x576.jpg 768w, https:\/\/temucotelevision.cl\/web\/wp-content\/uploads\/2022\/08\/premios_especiales_hnt_2022.jpg 1200w\" sizes=\"auto, (max-width: 1024px) 100vw, 1024px\" \/><\/figure>\n","protected":false},"excerpt":{"rendered":"<div class=\"pvc_clear\"><\/div>\n<p id=\"pvc_stats_34381\" class=\"pvc_stats total_only  \" data-element-id=\"34381\" style=\"\"><i class=\"pvc-stats-icon large\" aria-hidden=\"true\"><svg aria-hidden=\"true\" focusable=\"false\" data-prefix=\"far\" data-icon=\"chart-bar\" role=\"img\" xmlns=\"http:\/\/www.w3.org\/2000\/svg\" viewBox=\"0 0 512 512\" class=\"svg-inline--fa fa-chart-bar fa-w-16 fa-2x\"><path fill=\"currentColor\" d=\"M396.8 352h22.4c6.4 0 12.8-6.4 12.8-12.8V108.8c0-6.4-6.4-12.8-12.8-12.8h-22.4c-6.4 0-12.8 6.4-12.8 12.8v230.4c0 6.4 6.4 12.8 12.8 12.8zm-192 0h22.4c6.4 0 12.8-6.4 12.8-12.8V140.8c0-6.4-6.4-12.8-12.8-12.8h-22.4c-6.4 0-12.8 6.4-12.8 12.8v198.4c0 6.4 6.4 12.8 12.8 12.8zm96 0h22.4c6.4 0 12.8-6.4 12.8-12.8V204.8c0-6.4-6.4-12.8-12.8-12.8h-22.4c-6.4 0-12.8 6.4-12.8 12.8v134.4c0 6.4 6.4 12.8 12.8 12.8zM496 400H48V80c0-8.84-7.16-16-16-16H16C7.16 64 0 71.16 0 80v336c0 17.67 14.33 32 32 32h464c8.84 0 16-7.16 16-16v-16c0-8.84-7.16-16-16-16zm-387.2-48h22.4c6.4 0 12.8-6.4 12.8-12.8v-70.4c0-6.4-6.4-12.8-12.8-12.8h-22.4c-6.4 0-12.8 6.4-12.8 12.8v70.4c0 6.4 6.4 12.8 12.8 12.8z\" class=\"\"><\/path><\/svg><\/i> <img loading=\"lazy\" decoding=\"async\" width=\"16\" height=\"16\" alt=\"Loading\" src=\"https:\/\/temucotelevision.cl\/web\/wp-content\/plugins\/page-views-count\/ajax-loader-2x.gif\" border=0 \/><\/p>\n<div class=\"pvc_clear\"><\/div>\n<p>Este a\u00f1o, adem\u00e1s de sus premios habituales, el tradicional certamen del Ministerio de Agricultura incluye una distinci\u00f3n para ganadoras y<\/p>\n","protected":false},"author":1,"featured_media":34382,"comment_status":"open","ping_status":"open","sticky":false,"template":"","format":"standard","meta":{"colormag_page_container_layout":"default_layout","colormag_page_sidebar_layout":"default_layout","footnotes":""},"categories":[14],"tags":[],"class_list":["post-34381","post","type-post","status-publish","format-standard","has-post-thumbnail","hentry","category-temuco"],"a3_pvc":{"activated":true,"total_views":54,"today_views":0},"_links":{"self":[{"href":"https:\/\/temucotelevision.cl\/web\/wp-json\/wp\/v2\/posts\/34381","targetHints":{"allow":["GET"]}}],"collection":[{"href":"https:\/\/temucotelevision.cl\/web\/wp-json\/wp\/v2\/posts"}],"about":[{"href":"https:\/\/temucotelevision.cl\/web\/wp-json\/wp\/v2\/types\/post"}],"author":[{"embeddable":true,"href":"https:\/\/temucotelevision.cl\/web\/wp-json\/wp\/v2\/users\/1"}],"replies":[{"embeddable":true,"href":"https:\/\/temucotelevision.cl\/web\/wp-json\/wp\/v2\/comments?post=34381"}],"version-history":[{"count":1,"href":"https:\/\/temucotelevision.cl\/web\/wp-json\/wp\/v2\/posts\/34381\/revisions"}],"predecessor-version":[{"id":34384,"href":"https:\/\/temucotelevision.cl\/web\/wp-json\/wp\/v2\/posts\/34381\/revisions\/34384"}],"wp:featuredmedia":[{"embeddable":true,"href":"https:\/\/temucotelevision.cl\/web\/wp-json\/wp\/v2\/media\/34382"}],"wp:attachment":[{"href":"https:\/\/temucotelevision.cl\/web\/wp-json\/wp\/v2\/media?parent=34381"}],"wp:term":[{"taxonomy":"category","embeddable":true,"href":"https:\/\/temucotelevision.cl\/web\/wp-json\/wp\/v2\/categories?post=34381"},{"taxonomy":"post_tag","embeddable":true,"href":"https:\/\/temucotelevision.cl\/web\/wp-json\/wp\/v2\/tags?post=34381"}],"curies":[{"name":"wp","href":"https:\/\/api.w.org\/{rel}","templated":true}]}}