{"id":34378,"date":"2022-08-11T18:13:05","date_gmt":"2022-08-11T21:13:05","guid":{"rendered":"https:\/\/temucotelevision.cl\/web\/?p=34378"},"modified":"2022-08-11T18:13:06","modified_gmt":"2022-08-11T21:13:06","slug":"desafio-comuna-sin-basura-llega-a-la-region-del-maule-yerbas-buenas-es-la-primera-comuna-en-sumarse-a-la-iniciativa","status":"publish","type":"post","link":"https:\/\/temucotelevision.cl\/web\/2022\/08\/11\/desafio-comuna-sin-basura-llega-a-la-region-del-maule-yerbas-buenas-es-la-primera-comuna-en-sumarse-a-la-iniciativa\/","title":{"rendered":"Desaf\u00edo Comuna Sin Basura llega a la Regi\u00f3n del Maule: Yerbas Buenas es la primera comuna en sumarse a la iniciativa"},"content":{"rendered":"<div class=\"pvc_clear\"><\/div><p id=\"pvc_stats_34378\" class=\"pvc_stats total_only  \" data-element-id=\"34378\" style=\"\"><i class=\"pvc-stats-icon large\" aria-hidden=\"true\"><svg aria-hidden=\"true\" focusable=\"false\" data-prefix=\"far\" data-icon=\"chart-bar\" role=\"img\" xmlns=\"http:\/\/www.w3.org\/2000\/svg\" viewBox=\"0 0 512 512\" class=\"svg-inline--fa fa-chart-bar fa-w-16 fa-2x\"><path fill=\"currentColor\" d=\"M396.8 352h22.4c6.4 0 12.8-6.4 12.8-12.8V108.8c0-6.4-6.4-12.8-12.8-12.8h-22.4c-6.4 0-12.8 6.4-12.8 12.8v230.4c0 6.4 6.4 12.8 12.8 12.8zm-192 0h22.4c6.4 0 12.8-6.4 12.8-12.8V140.8c0-6.4-6.4-12.8-12.8-12.8h-22.4c-6.4 0-12.8 6.4-12.8 12.8v198.4c0 6.4 6.4 12.8 12.8 12.8zm96 0h22.4c6.4 0 12.8-6.4 12.8-12.8V204.8c0-6.4-6.4-12.8-12.8-12.8h-22.4c-6.4 0-12.8 6.4-12.8 12.8v134.4c0 6.4 6.4 12.8 12.8 12.8zM496 400H48V80c0-8.84-7.16-16-16-16H16C7.16 64 0 71.16 0 80v336c0 17.67 14.33 32 32 32h464c8.84 0 16-7.16 16-16v-16c0-8.84-7.16-16-16-16zm-387.2-48h22.4c6.4 0 12.8-6.4 12.8-12.8v-70.4c0-6.4-6.4-12.8-12.8-12.8h-22.4c-6.4 0-12.8 6.4-12.8 12.8v70.4c0 6.4 6.4 12.8 12.8 12.8z\" class=\"\"><\/path><\/svg><\/i> <img loading=\"lazy\" decoding=\"async\" width=\"16\" height=\"16\" alt=\"Loading\" src=\"https:\/\/temucotelevision.cl\/web\/wp-content\/plugins\/page-views-count\/ajax-loader-2x.gif\" border=0 \/><\/p><div class=\"pvc_clear\"><\/div>\n<p><em>El programa, que se desarrolla en otras siete comunas de las regiones del Biob\u00edo y La Araucan\u00eda, busca crear conciencia sobre el reciclaje y el medioambiente reutilizando residuos para evitar que terminen en vertederos y rellenos sanitarios. La iniciativa es impulsada por CMPC con el apoyo de Kyklos y en colaboraci\u00f3n con el municipio de Yerbas Buenas.<\/em><\/p>\n\n\n\n<p>\u201cVengo de una generaci\u00f3n donde no hab\u00eda mucha conciencia de reciclaje, lleg\u00e1bamos y bot\u00e1bamos. Con las nuevas generaciones, empezamos a conocer m\u00e1s y me alegro de que el municipio haya levantado un trabajo al respecto. Me parece tremendamente importante y es algo que hay que agradecerlo\u201d, cuenta Mirta V\u00e1squez, presidenta de la Agrupaci\u00f3n Comunal de Mujeres de Yerbas Buenas.<\/p>\n\n\n\n<p>En el Complejo Cultural Criollo de esa comuna se dio el vamos oficial a la iniciativa Desaf\u00edo Yerbas Buenas Sin Basura, programa de CMPC con el apoyo de Kyklos y en colaboraci\u00f3n con el municipio de la comuna. A la actividad asistieron el alcalde de la ciudad, Luis Cadegan, representantes de CMPC y Kyklos, y los gestores locales que estar\u00e1n a cargo de reciclar los residuos.<\/p>\n\n\n\n<p>\u201cComo habitante de Yerbas Buenas qued\u00e9 sorprendido de que CMPC se haya interesado en una comuna limpia, me parece muy bien. Ojal\u00e1 sigan haci\u00e9ndolo, y nosotros apoy\u00e1ndolos en lo que podamos. Invito a todos los vecinos a que reciclemos porque as\u00ed evitamos contaminar el planeta, es importante eso para las generaciones que vienen\u201d, afirma Jos\u00e9 Z\u00fa\u00f1iga, presidente de la Junta de Vecinos N\u00b04 Coironal de Yerbas Buenas.<\/p>\n\n\n\n<p>De esta forma, la comuna ser\u00e1 la primera de la regi\u00f3n del Maule en sumarse a este desaf\u00edo del cual ya son parte Los \u00c1ngeles, Nacimiento, Mulch\u00e9n, Laja y Collipulli, y que pr\u00f3ximamente se sumar\u00e1n Negrete y San Rosendo. La iniciativa este a\u00f1o lleg\u00f3 a las 50 toneladas de desechos reciclados desde que comenz\u00f3 el programa en 2019.<\/p>\n\n\n\n<p>El alcalde de Yerbas Buenas, Luis Cadegan, sostuvo que \u201ceste no es un trabajo que tenemos que hacer solo nosotros, si no toda la gente. Ellos tienen que integrarse, sobre todo los dirigentes vecinales, que son autoridades, tienen que motivar e incentivar a la gente para que as\u00ed veamos, con este desaf\u00edo, una comuna m\u00e1s limpia\u201d.<\/p>\n\n\n\n<p>Comuna Sin Basura es un proyecto que naci\u00f3 con el fin de generar conciencia y cultura de reciclaje a trav\u00e9s de la colaboraci\u00f3n de los municipios y la formaci\u00f3n de gestores locales. Gracias al trabajo realizado por los vecinos de las comunas que son parte de este programa, se han logrado reutilizar residuos tales como latas, vidrio, pl\u00e1sticos PET, papeles y cartones.<\/p>\n\n\n\n<p>La comuna de Yerbas Buenas, que cuenta una poblaci\u00f3n estimada de 19.200 habitantes, en 2021 produjo m\u00e1s de 4 toneladas y media de basura y tiene una generaci\u00f3n per c\u00e1pita de residuos es de 0.6 kg por d\u00eda. Actualmente cuenta con un sistema de gesti\u00f3n de residuos s\u00f3lidos domiciliarios, los cuales son dejados en un relleno sanitario propio, aunque se hace dif\u00edcil que el servicio de recolecci\u00f3n de basura pueda abarcar la totalidad de la comuna debido a su ruralidad.&nbsp;<\/p>\n\n\n\n<p>Felipe Alveal, subgerente de Asuntos Corporativos de CMPC, explic\u00f3 que \u201ceste proyecto es tremendamente beneficioso para cada una de las comunas porque da respuesta a las necesidades que tiene la comunidad para cuidar el medio ambiente y tener un buen manejo de la basura. Los beneficios de este programa tienen que ver con el trasmitir la importancia que tiene el reciclar y reutilizar los residuos, adem\u00e1s del trabajo en conjunto con el municipio\u201d.<\/p>\n\n\n\n<p>La iniciativa tambi\u00e9n buscar\u00e1 vincular a establecimientos educacionales de la comuna con el reciclaje, generando conciencia en los estudiantes y haci\u00e9ndolos participes de esta, as\u00ed como tambi\u00e9n a los habitantes de Yerbas Buenas.&nbsp;<\/p>\n","protected":false},"excerpt":{"rendered":"<div class=\"pvc_clear\"><\/div>\n<p id=\"pvc_stats_34378\" class=\"pvc_stats total_only  \" data-element-id=\"34378\" style=\"\"><i class=\"pvc-stats-icon large\" aria-hidden=\"true\"><svg aria-hidden=\"true\" focusable=\"false\" data-prefix=\"far\" data-icon=\"chart-bar\" role=\"img\" xmlns=\"http:\/\/www.w3.org\/2000\/svg\" viewBox=\"0 0 512 512\" class=\"svg-inline--fa fa-chart-bar fa-w-16 fa-2x\"><path fill=\"currentColor\" d=\"M396.8 352h22.4c6.4 0 12.8-6.4 12.8-12.8V108.8c0-6.4-6.4-12.8-12.8-12.8h-22.4c-6.4 0-12.8 6.4-12.8 12.8v230.4c0 6.4 6.4 12.8 12.8 12.8zm-192 0h22.4c6.4 0 12.8-6.4 12.8-12.8V140.8c0-6.4-6.4-12.8-12.8-12.8h-22.4c-6.4 0-12.8 6.4-12.8 12.8v198.4c0 6.4 6.4 12.8 12.8 12.8zm96 0h22.4c6.4 0 12.8-6.4 12.8-12.8V204.8c0-6.4-6.4-12.8-12.8-12.8h-22.4c-6.4 0-12.8 6.4-12.8 12.8v134.4c0 6.4 6.4 12.8 12.8 12.8zM496 400H48V80c0-8.84-7.16-16-16-16H16C7.16 64 0 71.16 0 80v336c0 17.67 14.33 32 32 32h464c8.84 0 16-7.16 16-16v-16c0-8.84-7.16-16-16-16zm-387.2-48h22.4c6.4 0 12.8-6.4 12.8-12.8v-70.4c0-6.4-6.4-12.8-12.8-12.8h-22.4c-6.4 0-12.8 6.4-12.8 12.8v70.4c0 6.4 6.4 12.8 12.8 12.8z\" class=\"\"><\/path><\/svg><\/i> <img loading=\"lazy\" decoding=\"async\" width=\"16\" height=\"16\" alt=\"Loading\" src=\"https:\/\/temucotelevision.cl\/web\/wp-content\/plugins\/page-views-count\/ajax-loader-2x.gif\" border=0 \/><\/p>\n<div class=\"pvc_clear\"><\/div>\n<p>El programa, que se desarrolla en otras siete comunas de las regiones del Biob\u00edo y La Araucan\u00eda, busca crear conciencia<\/p>\n","protected":false},"author":1,"featured_media":34379,"comment_status":"open","ping_status":"open","sticky":false,"template":"","format":"standard","meta":{"colormag_page_container_layout":"default_layout","colormag_page_sidebar_layout":"default_layout","footnotes":""},"categories":[101,14],"tags":[146,1652,521,170,5677],"class_list":["post-34378","post","type-post","status-publish","format-standard","has-post-thumbnail","hentry","category-actualidad","category-temuco","tag-comuna","tag-desafio","tag-programa","tag-region","tag-sin-basura"],"a3_pvc":{"activated":true,"total_views":59,"today_views":0},"_links":{"self":[{"href":"https:\/\/temucotelevision.cl\/web\/wp-json\/wp\/v2\/posts\/34378","targetHints":{"allow":["GET"]}}],"collection":[{"href":"https:\/\/temucotelevision.cl\/web\/wp-json\/wp\/v2\/posts"}],"about":[{"href":"https:\/\/temucotelevision.cl\/web\/wp-json\/wp\/v2\/types\/post"}],"author":[{"embeddable":true,"href":"https:\/\/temucotelevision.cl\/web\/wp-json\/wp\/v2\/users\/1"}],"replies":[{"embeddable":true,"href":"https:\/\/temucotelevision.cl\/web\/wp-json\/wp\/v2\/comments?post=34378"}],"version-history":[{"count":1,"href":"https:\/\/temucotelevision.cl\/web\/wp-json\/wp\/v2\/posts\/34378\/revisions"}],"predecessor-version":[{"id":34380,"href":"https:\/\/temucotelevision.cl\/web\/wp-json\/wp\/v2\/posts\/34378\/revisions\/34380"}],"wp:featuredmedia":[{"embeddable":true,"href":"https:\/\/temucotelevision.cl\/web\/wp-json\/wp\/v2\/media\/34379"}],"wp:attachment":[{"href":"https:\/\/temucotelevision.cl\/web\/wp-json\/wp\/v2\/media?parent=34378"}],"wp:term":[{"taxonomy":"category","embeddable":true,"href":"https:\/\/temucotelevision.cl\/web\/wp-json\/wp\/v2\/categories?post=34378"},{"taxonomy":"post_tag","embeddable":true,"href":"https:\/\/temucotelevision.cl\/web\/wp-json\/wp\/v2\/tags?post=34378"}],"curies":[{"name":"wp","href":"https:\/\/api.w.org\/{rel}","templated":true}]}}