{"id":34373,"date":"2022-08-11T17:08:41","date_gmt":"2022-08-11T20:08:41","guid":{"rendered":"https:\/\/temucotelevision.cl\/web\/?p=34373"},"modified":"2022-08-11T17:08:42","modified_gmt":"2022-08-11T20:08:42","slug":"ministro-de-educacion-compromete-fondos-de-emergencia-para-siniestrada-escuela-de-los-sauces","status":"publish","type":"post","link":"https:\/\/temucotelevision.cl\/web\/2022\/08\/11\/ministro-de-educacion-compromete-fondos-de-emergencia-para-siniestrada-escuela-de-los-sauces\/","title":{"rendered":"Ministro de Educaci\u00f3n compromete fondos de emergencia para siniestrada escuela de Los Sauces\u00a0"},"content":{"rendered":"<div class=\"pvc_clear\"><\/div><p id=\"pvc_stats_34373\" class=\"pvc_stats total_only  \" data-element-id=\"34373\" style=\"\"><i class=\"pvc-stats-icon large\" aria-hidden=\"true\"><svg aria-hidden=\"true\" focusable=\"false\" data-prefix=\"far\" data-icon=\"chart-bar\" role=\"img\" xmlns=\"http:\/\/www.w3.org\/2000\/svg\" viewBox=\"0 0 512 512\" class=\"svg-inline--fa fa-chart-bar fa-w-16 fa-2x\"><path fill=\"currentColor\" d=\"M396.8 352h22.4c6.4 0 12.8-6.4 12.8-12.8V108.8c0-6.4-6.4-12.8-12.8-12.8h-22.4c-6.4 0-12.8 6.4-12.8 12.8v230.4c0 6.4 6.4 12.8 12.8 12.8zm-192 0h22.4c6.4 0 12.8-6.4 12.8-12.8V140.8c0-6.4-6.4-12.8-12.8-12.8h-22.4c-6.4 0-12.8 6.4-12.8 12.8v198.4c0 6.4 6.4 12.8 12.8 12.8zm96 0h22.4c6.4 0 12.8-6.4 12.8-12.8V204.8c0-6.4-6.4-12.8-12.8-12.8h-22.4c-6.4 0-12.8 6.4-12.8 12.8v134.4c0 6.4 6.4 12.8 12.8 12.8zM496 400H48V80c0-8.84-7.16-16-16-16H16C7.16 64 0 71.16 0 80v336c0 17.67 14.33 32 32 32h464c8.84 0 16-7.16 16-16v-16c0-8.84-7.16-16-16-16zm-387.2-48h22.4c6.4 0 12.8-6.4 12.8-12.8v-70.4c0-6.4-6.4-12.8-12.8-12.8h-22.4c-6.4 0-12.8 6.4-12.8 12.8v70.4c0 6.4 6.4 12.8 12.8 12.8z\" class=\"\"><\/path><\/svg><\/i> <img loading=\"lazy\" decoding=\"async\" width=\"16\" height=\"16\" alt=\"Loading\" src=\"https:\/\/temucotelevision.cl\/web\/wp-content\/plugins\/page-views-count\/ajax-loader-2x.gif\" border=0 \/><\/p><div class=\"pvc_clear\"><\/div>\n<p>Tal como fue comprometido por el Ministro Marco Antonio \u00c1vila, la Seremi Mar\u00eda Isabel Mari\u00f1anco acompa\u00f1\u00f3 la audiencia sostenida con el alcalde de Los Sauces, Gast\u00f3n Mella, con el objetivo de buscar alternativas de financiamiento que permitan retomar las actividades a los 31 alumnos afectados tras el siniestro que el fin de semana destruy\u00f3 la escuela Elena M\u00fcller.\u00a0<\/p>\n\n\n\n<p>En la oportunidad, el titular de educaci\u00f3n dijo&nbsp;<strong><em>\u201cen primer lugar, creemos que estos actos no pueden ser aceptados, los condenamos profundamente. Pero tambi\u00e9n como Ministerio debemos entregar soluciones a las comunidades, y hoy d\u00eda hemos quedado en acuerdo de apoyar con fondos de emergencia para poder tener una soluci\u00f3n r\u00e1pida y adem\u00e1s comenzar a trabajar inmediatamente en el proyecto del dise\u00f1o del futuro establecimiento que va a ser repuesto en los pr\u00f3ximos a\u00f1os\u201d,&nbsp;<\/em><\/strong>sentenci\u00f3.&nbsp;<\/p>\n\n\n\n<p>Por su parte, la Seremi Mari\u00f1anco record\u00f3 que desde el primer momento como autoridades regionales han trabajado en pos de dar respuesta a la comunidad educativa, no s\u00f3lo a los 31 estudiantes sino tambi\u00e9n a sus familias y al equipo docente y de asistentes de la educaci\u00f3n.&nbsp;<\/p>\n\n\n\n<p>En la cita participaron adem\u00e1s el Jefe Provincial de Malleco, Marco Benedetti, DAEM, Ruperto Pizarro, el director de la escuela, Heriberto Escobar, el Jefe de Gabinete del municipio, Victor Burgos y la asesora del equipo territorial de la subsecretar\u00eda de educaci\u00f3n, M\u00f3nica Aravena.&nbsp;<\/p>\n","protected":false},"excerpt":{"rendered":"<div class=\"pvc_clear\"><\/div>\n<p id=\"pvc_stats_34373\" class=\"pvc_stats total_only  \" data-element-id=\"34373\" style=\"\"><i class=\"pvc-stats-icon large\" aria-hidden=\"true\"><svg aria-hidden=\"true\" focusable=\"false\" data-prefix=\"far\" data-icon=\"chart-bar\" role=\"img\" xmlns=\"http:\/\/www.w3.org\/2000\/svg\" viewBox=\"0 0 512 512\" class=\"svg-inline--fa fa-chart-bar fa-w-16 fa-2x\"><path fill=\"currentColor\" d=\"M396.8 352h22.4c6.4 0 12.8-6.4 12.8-12.8V108.8c0-6.4-6.4-12.8-12.8-12.8h-22.4c-6.4 0-12.8 6.4-12.8 12.8v230.4c0 6.4 6.4 12.8 12.8 12.8zm-192 0h22.4c6.4 0 12.8-6.4 12.8-12.8V140.8c0-6.4-6.4-12.8-12.8-12.8h-22.4c-6.4 0-12.8 6.4-12.8 12.8v198.4c0 6.4 6.4 12.8 12.8 12.8zm96 0h22.4c6.4 0 12.8-6.4 12.8-12.8V204.8c0-6.4-6.4-12.8-12.8-12.8h-22.4c-6.4 0-12.8 6.4-12.8 12.8v134.4c0 6.4 6.4 12.8 12.8 12.8zM496 400H48V80c0-8.84-7.16-16-16-16H16C7.16 64 0 71.16 0 80v336c0 17.67 14.33 32 32 32h464c8.84 0 16-7.16 16-16v-16c0-8.84-7.16-16-16-16zm-387.2-48h22.4c6.4 0 12.8-6.4 12.8-12.8v-70.4c0-6.4-6.4-12.8-12.8-12.8h-22.4c-6.4 0-12.8 6.4-12.8 12.8v70.4c0 6.4 6.4 12.8 12.8 12.8z\" class=\"\"><\/path><\/svg><\/i> <img loading=\"lazy\" decoding=\"async\" width=\"16\" height=\"16\" alt=\"Loading\" src=\"https:\/\/temucotelevision.cl\/web\/wp-content\/plugins\/page-views-count\/ajax-loader-2x.gif\" border=0 \/><\/p>\n<div class=\"pvc_clear\"><\/div>\n<p>Tal como fue comprometido por el Ministro Marco Antonio \u00c1vila, la Seremi Mar\u00eda Isabel Mari\u00f1anco acompa\u00f1\u00f3 la audiencia sostenida con<\/p>\n","protected":false},"author":1,"featured_media":34374,"comment_status":"open","ping_status":"open","sticky":false,"template":"","format":"standard","meta":{"colormag_page_container_layout":"default_layout","colormag_page_sidebar_layout":"default_layout","footnotes":""},"categories":[15],"tags":[148,321,734,150,1546,318],"class_list":["post-34373","post","type-post","status-publish","format-standard","has-post-thumbnail","hentry","category-la-araucania","tag-educacion","tag-emergencia","tag-escuela","tag-estudiantes","tag-los-sauces","tag-ministro"],"a3_pvc":{"activated":true,"total_views":35,"today_views":0},"_links":{"self":[{"href":"https:\/\/temucotelevision.cl\/web\/wp-json\/wp\/v2\/posts\/34373","targetHints":{"allow":["GET"]}}],"collection":[{"href":"https:\/\/temucotelevision.cl\/web\/wp-json\/wp\/v2\/posts"}],"about":[{"href":"https:\/\/temucotelevision.cl\/web\/wp-json\/wp\/v2\/types\/post"}],"author":[{"embeddable":true,"href":"https:\/\/temucotelevision.cl\/web\/wp-json\/wp\/v2\/users\/1"}],"replies":[{"embeddable":true,"href":"https:\/\/temucotelevision.cl\/web\/wp-json\/wp\/v2\/comments?post=34373"}],"version-history":[{"count":1,"href":"https:\/\/temucotelevision.cl\/web\/wp-json\/wp\/v2\/posts\/34373\/revisions"}],"predecessor-version":[{"id":34375,"href":"https:\/\/temucotelevision.cl\/web\/wp-json\/wp\/v2\/posts\/34373\/revisions\/34375"}],"wp:featuredmedia":[{"embeddable":true,"href":"https:\/\/temucotelevision.cl\/web\/wp-json\/wp\/v2\/media\/34374"}],"wp:attachment":[{"href":"https:\/\/temucotelevision.cl\/web\/wp-json\/wp\/v2\/media?parent=34373"}],"wp:term":[{"taxonomy":"category","embeddable":true,"href":"https:\/\/temucotelevision.cl\/web\/wp-json\/wp\/v2\/categories?post=34373"},{"taxonomy":"post_tag","embeddable":true,"href":"https:\/\/temucotelevision.cl\/web\/wp-json\/wp\/v2\/tags?post=34373"}],"curies":[{"name":"wp","href":"https:\/\/api.w.org\/{rel}","templated":true}]}}