{"id":34369,"date":"2022-08-11T17:05:20","date_gmt":"2022-08-11T20:05:20","guid":{"rendered":"https:\/\/temucotelevision.cl\/web\/?p=34369"},"modified":"2022-08-11T17:05:20","modified_gmt":"2022-08-11T20:05:20","slug":"primo-el-dialogo-y-oficialismo-se-cuadra-con-documento-de-acuerdo-para-introducir-mejoras-al-texto-constitucional","status":"publish","type":"post","link":"https:\/\/temucotelevision.cl\/web\/2022\/08\/11\/primo-el-dialogo-y-oficialismo-se-cuadra-con-documento-de-acuerdo-para-introducir-mejoras-al-texto-constitucional\/","title":{"rendered":"Prim\u00f3 el di\u00e1logo y oficialismo se cuadra con documento de acuerdo para introducir mejoras al texto constitucional"},"content":{"rendered":"<div class=\"pvc_clear\"><\/div><p id=\"pvc_stats_34369\" class=\"pvc_stats total_only  \" data-element-id=\"34369\" style=\"\"><i class=\"pvc-stats-icon large\" aria-hidden=\"true\"><svg aria-hidden=\"true\" focusable=\"false\" data-prefix=\"far\" data-icon=\"chart-bar\" role=\"img\" xmlns=\"http:\/\/www.w3.org\/2000\/svg\" viewBox=\"0 0 512 512\" class=\"svg-inline--fa fa-chart-bar fa-w-16 fa-2x\"><path fill=\"currentColor\" d=\"M396.8 352h22.4c6.4 0 12.8-6.4 12.8-12.8V108.8c0-6.4-6.4-12.8-12.8-12.8h-22.4c-6.4 0-12.8 6.4-12.8 12.8v230.4c0 6.4 6.4 12.8 12.8 12.8zm-192 0h22.4c6.4 0 12.8-6.4 12.8-12.8V140.8c0-6.4-6.4-12.8-12.8-12.8h-22.4c-6.4 0-12.8 6.4-12.8 12.8v198.4c0 6.4 6.4 12.8 12.8 12.8zm96 0h22.4c6.4 0 12.8-6.4 12.8-12.8V204.8c0-6.4-6.4-12.8-12.8-12.8h-22.4c-6.4 0-12.8 6.4-12.8 12.8v134.4c0 6.4 6.4 12.8 12.8 12.8zM496 400H48V80c0-8.84-7.16-16-16-16H16C7.16 64 0 71.16 0 80v336c0 17.67 14.33 32 32 32h464c8.84 0 16-7.16 16-16v-16c0-8.84-7.16-16-16-16zm-387.2-48h22.4c6.4 0 12.8-6.4 12.8-12.8v-70.4c0-6.4-6.4-12.8-12.8-12.8h-22.4c-6.4 0-12.8 6.4-12.8 12.8v70.4c0 6.4 6.4 12.8 12.8 12.8z\" class=\"\"><\/path><\/svg><\/i> <img loading=\"lazy\" decoding=\"async\" width=\"16\" height=\"16\" alt=\"Loading\" src=\"https:\/\/temucotelevision.cl\/web\/wp-content\/plugins\/page-views-count\/ajax-loader-2x.gif\" border=0 \/><\/p><div class=\"pvc_clear\"><\/div>\n<p><em>Tras dos meses que el PPD plante\u00f3 la tesis de \u201cAprobar y Mejorar\u201d, que tuvo reparos iniciales en ciertos sectores, finalmente anoche se concret\u00f3 el documento final suscrito por los partidos y que fue dado a conocer este mediod\u00eda<\/em>.<\/p>\n\n\n\n<p> A inicios de junio, mediante una entrevista en un medio de comunicaci\u00f3n, la presidenta del PPD, Natalia Piergentili, propuso por primera vez que frente al plebiscito de salida hab\u00eda que plantearse en una postura de \u201caprobar y mejorar\u201d el texto constitucional, para dar certeza sal electorado frente a las dudas surgidas del proceso constituyente.\u00a0<\/p>\n\n\n\n<p>Hoy, dos meses despu\u00e9s -y no exento de algunas reticencias iniciales-, finalmente prim\u00f3 el di\u00e1logo y los partidos oficialistas suscribieron un documento de acuerdo para reformar algunos aspectos de la propuesta una vez que gane la opci\u00f3n Apruebo, el que fue concordado en una extensa reuni\u00f3n realizada en Valpara\u00edso hasta pasada la medianoche.<\/p>\n\n\n\n<p>En la ceremonia, celebrada en la Biblioteca del Congreso Nacional, Piergentili sostuvo que \u201cac\u00e1 lo m\u00e1s importante es que estamos recogiendo las inquietudes leg\u00edtimas de la ciudadan\u00eda respecto del texto. Estamos contentos del trabajo generoso, transversal, libre de prejuicios, que nos ha permitido unirnos m\u00e1s como coaliciones (socialismo Democr\u00e1tico y Apruebo Dignidad), y m\u00e1s all\u00e1 del objetivo que trazamos de instar a que las personas aprueben con confianza, tambi\u00e9n tenemos una ganancia pol\u00edtica\u201d.<\/p>\n\n\n\n<p>\u201cEste no es un acuerdo para reescribir un proyecto constitucional que leg\u00edtimamente fue hecho por convencionales electos, es un acuerdo para circunscribir ciertas materias que no quedaron suficientemente claras, por lo tanto, ese objetivo se ha cumplido y con creces\u201d, puntualiz\u00f3 la timonel PPD.&nbsp;<\/p>\n\n\n\n<p>Consultada sobre el caso de la C\u00e1mara de las Regiones, donde se hab\u00eda planteado aumentar sus atribuciones, dijo que prefiere ver \u201cel vaso medio lleno m\u00e1s que el vaso medio vac\u00edo\u201d. \u201cSi se da la discusi\u00f3n pol\u00edtica en el futuro, por cierto, el debate est\u00e1 abierto, pero hoy yo me centro en lo que logramos, porque de verdad creo que hicimos un buen trabajo para los ciudadanos y ciudadanas, que ten\u00edan algunas dudas\u201d, asever\u00f3.<\/p>\n\n\n\n<p>Cabe se\u00f1alar que el documento suscrito, denominado \u201cUnidos y Unidas para Aprobar una Nueva Constituci\u00f3n\u201d, resumen en cinco puntos los aspectos donde se deben introducir mejoras a la propuesta emanada de la Convenci\u00f3n Constitucional: Plurinacionalidad, Derechos Sociales, Seguridad, Sistema Pol\u00edtico y Poder Judicial&nbsp;<\/p>\n","protected":false},"excerpt":{"rendered":"<div class=\"pvc_clear\"><\/div>\n<p id=\"pvc_stats_34369\" class=\"pvc_stats total_only  \" data-element-id=\"34369\" style=\"\"><i class=\"pvc-stats-icon large\" aria-hidden=\"true\"><svg aria-hidden=\"true\" focusable=\"false\" data-prefix=\"far\" data-icon=\"chart-bar\" role=\"img\" xmlns=\"http:\/\/www.w3.org\/2000\/svg\" viewBox=\"0 0 512 512\" class=\"svg-inline--fa fa-chart-bar fa-w-16 fa-2x\"><path fill=\"currentColor\" d=\"M396.8 352h22.4c6.4 0 12.8-6.4 12.8-12.8V108.8c0-6.4-6.4-12.8-12.8-12.8h-22.4c-6.4 0-12.8 6.4-12.8 12.8v230.4c0 6.4 6.4 12.8 12.8 12.8zm-192 0h22.4c6.4 0 12.8-6.4 12.8-12.8V140.8c0-6.4-6.4-12.8-12.8-12.8h-22.4c-6.4 0-12.8 6.4-12.8 12.8v198.4c0 6.4 6.4 12.8 12.8 12.8zm96 0h22.4c6.4 0 12.8-6.4 12.8-12.8V204.8c0-6.4-6.4-12.8-12.8-12.8h-22.4c-6.4 0-12.8 6.4-12.8 12.8v134.4c0 6.4 6.4 12.8 12.8 12.8zM496 400H48V80c0-8.84-7.16-16-16-16H16C7.16 64 0 71.16 0 80v336c0 17.67 14.33 32 32 32h464c8.84 0 16-7.16 16-16v-16c0-8.84-7.16-16-16-16zm-387.2-48h22.4c6.4 0 12.8-6.4 12.8-12.8v-70.4c0-6.4-6.4-12.8-12.8-12.8h-22.4c-6.4 0-12.8 6.4-12.8 12.8v70.4c0 6.4 6.4 12.8 12.8 12.8z\" class=\"\"><\/path><\/svg><\/i> <img loading=\"lazy\" decoding=\"async\" width=\"16\" height=\"16\" alt=\"Loading\" src=\"https:\/\/temucotelevision.cl\/web\/wp-content\/plugins\/page-views-count\/ajax-loader-2x.gif\" border=0 \/><\/p>\n<div class=\"pvc_clear\"><\/div>\n<p>Tras dos meses que el PPD plante\u00f3 la tesis de \u201cAprobar y Mejorar\u201d, que tuvo reparos iniciales en ciertos sectores,<\/p>\n","protected":false},"author":1,"featured_media":34370,"comment_status":"open","ping_status":"open","sticky":false,"template":"","format":"standard","meta":{"colormag_page_container_layout":"default_layout","colormag_page_sidebar_layout":"default_layout","footnotes":""},"categories":[84],"tags":[3592,3086,5675,5478],"class_list":["post-34369","post","type-post","status-publish","format-standard","has-post-thumbnail","hentry","category-politica","tag-constitucional","tag-documento","tag-oficialismo","tag-texto"],"a3_pvc":{"activated":true,"total_views":44,"today_views":0},"_links":{"self":[{"href":"https:\/\/temucotelevision.cl\/web\/wp-json\/wp\/v2\/posts\/34369","targetHints":{"allow":["GET"]}}],"collection":[{"href":"https:\/\/temucotelevision.cl\/web\/wp-json\/wp\/v2\/posts"}],"about":[{"href":"https:\/\/temucotelevision.cl\/web\/wp-json\/wp\/v2\/types\/post"}],"author":[{"embeddable":true,"href":"https:\/\/temucotelevision.cl\/web\/wp-json\/wp\/v2\/users\/1"}],"replies":[{"embeddable":true,"href":"https:\/\/temucotelevision.cl\/web\/wp-json\/wp\/v2\/comments?post=34369"}],"version-history":[{"count":1,"href":"https:\/\/temucotelevision.cl\/web\/wp-json\/wp\/v2\/posts\/34369\/revisions"}],"predecessor-version":[{"id":34371,"href":"https:\/\/temucotelevision.cl\/web\/wp-json\/wp\/v2\/posts\/34369\/revisions\/34371"}],"wp:featuredmedia":[{"embeddable":true,"href":"https:\/\/temucotelevision.cl\/web\/wp-json\/wp\/v2\/media\/34370"}],"wp:attachment":[{"href":"https:\/\/temucotelevision.cl\/web\/wp-json\/wp\/v2\/media?parent=34369"}],"wp:term":[{"taxonomy":"category","embeddable":true,"href":"https:\/\/temucotelevision.cl\/web\/wp-json\/wp\/v2\/categories?post=34369"},{"taxonomy":"post_tag","embeddable":true,"href":"https:\/\/temucotelevision.cl\/web\/wp-json\/wp\/v2\/tags?post=34369"}],"curies":[{"name":"wp","href":"https:\/\/api.w.org\/{rel}","templated":true}]}}