{"id":33179,"date":"2022-07-03T11:55:16","date_gmt":"2022-07-03T14:55:16","guid":{"rendered":"https:\/\/temucotelevision.cl\/web\/?p=33179"},"modified":"2022-07-03T11:55:17","modified_gmt":"2022-07-03T14:55:17","slug":"direccion-del-trabajo-prolonga-hasta-junio-de-2023-actuales-procedimientos-para-solicitar-y-autorizar-jornadas-laborales-excepcionales","status":"publish","type":"post","link":"https:\/\/temucotelevision.cl\/web\/2022\/07\/03\/direccion-del-trabajo-prolonga-hasta-junio-de-2023-actuales-procedimientos-para-solicitar-y-autorizar-jornadas-laborales-excepcionales\/","title":{"rendered":"Direcci\u00f3n del Trabajo prolonga hasta junio de 2023 actuales procedimientos para solicitar y autorizar jornadas laborales excepcionales"},"content":{"rendered":"<div class=\"pvc_clear\"><\/div><p id=\"pvc_stats_33179\" class=\"pvc_stats total_only  \" data-element-id=\"33179\" style=\"\"><i class=\"pvc-stats-icon large\" aria-hidden=\"true\"><svg aria-hidden=\"true\" focusable=\"false\" data-prefix=\"far\" data-icon=\"chart-bar\" role=\"img\" xmlns=\"http:\/\/www.w3.org\/2000\/svg\" viewBox=\"0 0 512 512\" class=\"svg-inline--fa fa-chart-bar fa-w-16 fa-2x\"><path fill=\"currentColor\" d=\"M396.8 352h22.4c6.4 0 12.8-6.4 12.8-12.8V108.8c0-6.4-6.4-12.8-12.8-12.8h-22.4c-6.4 0-12.8 6.4-12.8 12.8v230.4c0 6.4 6.4 12.8 12.8 12.8zm-192 0h22.4c6.4 0 12.8-6.4 12.8-12.8V140.8c0-6.4-6.4-12.8-12.8-12.8h-22.4c-6.4 0-12.8 6.4-12.8 12.8v198.4c0 6.4 6.4 12.8 12.8 12.8zm96 0h22.4c6.4 0 12.8-6.4 12.8-12.8V204.8c0-6.4-6.4-12.8-12.8-12.8h-22.4c-6.4 0-12.8 6.4-12.8 12.8v134.4c0 6.4 6.4 12.8 12.8 12.8zM496 400H48V80c0-8.84-7.16-16-16-16H16C7.16 64 0 71.16 0 80v336c0 17.67 14.33 32 32 32h464c8.84 0 16-7.16 16-16v-16c0-8.84-7.16-16-16-16zm-387.2-48h22.4c6.4 0 12.8-6.4 12.8-12.8v-70.4c0-6.4-6.4-12.8-12.8-12.8h-22.4c-6.4 0-12.8 6.4-12.8 12.8v70.4c0 6.4 6.4 12.8 12.8 12.8z\" class=\"\"><\/path><\/svg><\/i> <img loading=\"lazy\" decoding=\"async\" width=\"16\" height=\"16\" alt=\"Loading\" src=\"https:\/\/temucotelevision.cl\/web\/wp-content\/plugins\/page-views-count\/ajax-loader-2x.gif\" border=0 \/><\/p><div class=\"pvc_clear\"><\/div>\n<ul class=\"wp-block-list\"><li><strong>Hasta el 30 de junio del pr\u00f3ximo a\u00f1o estar\u00e1n vigentes las exigencias contempladas en la Orden de Servicio N\u00b05, del 20 de noviembre de 2009.<\/strong><\/li><\/ul>\n\n\n\n<p>La Direcci\u00f3n del Trabajo prolong\u00f3 hasta el 30 de junio de 2023 los requerimientos para que empresas soliciten a este organismo la fijaci\u00f3n de jornadas excepcionales de trabajo y descansos.<\/p>\n\n\n\n<p>Los actuales requisitos para tales solicitudes est\u00e1n vigentes desde el 20 de noviembre de 2009 en la Orden de Servicio N\u00b05 del organismo fiscalizador.<\/p>\n\n\n\n<p>Las jornadas excepcionales de trabajos y descansos pueden ser utilizadas en sectores productivos y empresas que deban operar en faenas sin tener la posibilidad de aplicar las jornadas ordinarias. Entre otros sectores, se aplican en la miner\u00eda, transporte interurbano de carga y pasajeros, servicios de seguridad y centros de atenci\u00f3n de salud.<\/p>\n\n\n\n<p>Las solicitudes solo pueden enmarcarse en los tipos de jornadas excepcionales legalmente permitidas y contar con el acuerdo de los trabajadores, est\u00e9n sindicalizados o no.<\/p>\n\n\n\n<p>La aceptaci\u00f3n o no de las solicitudes corresponde a una potestad del director del Trabajo seg\u00fan los incisos pen\u00faltimo y \u00faltimo del art\u00edculo 38 del C\u00f3digo del Trabajo.<\/p>\n\n\n\n<p>Seg\u00fan Resoluci\u00f3n Exenta N\u00b0684, del 30 de junio de 2022, el 1 de julio de 2023 entrar\u00e1 a regir una nueva orden de servicio fijando nuevos procedimientos para las solicitudes.<\/p>\n\n\n\n<p>Estos procedimientos se ajustar\u00e1n \u201ca los fines que establece el legislador laboral para justificar la alteraci\u00f3n del r\u00e9gimen ordinario en materia de jornada de trabajo y de descansos\u201d.<\/p>\n\n\n\n<p>El director del Trabajo, Pablo Zenteno, explic\u00f3 que esa nueva orden de servicio cumplir\u00e1 con el prop\u00f3sito de \u201cconsagrar un sentido eminentemente excepcional de este tipo de jornadas de trabajos, lo cual se materializa mediante el efectivo cumplimiento por parte del solicitante de los criterios establecidos por el este Servicio P\u00fablico para obtener la autorizaci\u00f3n, el aumento de la fiscalizaci\u00f3n de las condiciones de salud y seguridad en el trabajo y el fortalecimiento de la participaci\u00f3n de los trabajadores en el procedimiento, entre otros ejes centrales que la Direcci\u00f3n del Trabajo estima necesario revisar\u201d.&nbsp;&nbsp;&nbsp;&nbsp;<strong><\/strong><\/p>\n","protected":false},"excerpt":{"rendered":"<div class=\"pvc_clear\"><\/div>\n<p id=\"pvc_stats_33179\" class=\"pvc_stats total_only  \" data-element-id=\"33179\" style=\"\"><i class=\"pvc-stats-icon large\" aria-hidden=\"true\"><svg aria-hidden=\"true\" focusable=\"false\" data-prefix=\"far\" data-icon=\"chart-bar\" role=\"img\" xmlns=\"http:\/\/www.w3.org\/2000\/svg\" viewBox=\"0 0 512 512\" class=\"svg-inline--fa fa-chart-bar fa-w-16 fa-2x\"><path fill=\"currentColor\" d=\"M396.8 352h22.4c6.4 0 12.8-6.4 12.8-12.8V108.8c0-6.4-6.4-12.8-12.8-12.8h-22.4c-6.4 0-12.8 6.4-12.8 12.8v230.4c0 6.4 6.4 12.8 12.8 12.8zm-192 0h22.4c6.4 0 12.8-6.4 12.8-12.8V140.8c0-6.4-6.4-12.8-12.8-12.8h-22.4c-6.4 0-12.8 6.4-12.8 12.8v198.4c0 6.4 6.4 12.8 12.8 12.8zm96 0h22.4c6.4 0 12.8-6.4 12.8-12.8V204.8c0-6.4-6.4-12.8-12.8-12.8h-22.4c-6.4 0-12.8 6.4-12.8 12.8v134.4c0 6.4 6.4 12.8 12.8 12.8zM496 400H48V80c0-8.84-7.16-16-16-16H16C7.16 64 0 71.16 0 80v336c0 17.67 14.33 32 32 32h464c8.84 0 16-7.16 16-16v-16c0-8.84-7.16-16-16-16zm-387.2-48h22.4c6.4 0 12.8-6.4 12.8-12.8v-70.4c0-6.4-6.4-12.8-12.8-12.8h-22.4c-6.4 0-12.8 6.4-12.8 12.8v70.4c0 6.4 6.4 12.8 12.8 12.8z\" class=\"\"><\/path><\/svg><\/i> <img loading=\"lazy\" decoding=\"async\" width=\"16\" height=\"16\" alt=\"Loading\" src=\"https:\/\/temucotelevision.cl\/web\/wp-content\/plugins\/page-views-count\/ajax-loader-2x.gif\" border=0 \/><\/p>\n<div class=\"pvc_clear\"><\/div>\n<p>Hasta el 30 de junio del pr\u00f3ximo a\u00f1o estar\u00e1n vigentes las exigencias contempladas en la Orden de Servicio N\u00b05, del<\/p>\n","protected":false},"author":1,"featured_media":33180,"comment_status":"open","ping_status":"open","sticky":false,"template":"","format":"standard","meta":{"colormag_page_container_layout":"default_layout","colormag_page_sidebar_layout":"default_layout","footnotes":""},"categories":[15],"tags":[4064,5233,4572,342],"class_list":["post-33179","post","type-post","status-publish","format-standard","has-post-thumbnail","hentry","category-la-araucania","tag-direccion","tag-jornadas","tag-laborales","tag-trabajo"],"a3_pvc":{"activated":true,"total_views":64,"today_views":0},"_links":{"self":[{"href":"https:\/\/temucotelevision.cl\/web\/wp-json\/wp\/v2\/posts\/33179","targetHints":{"allow":["GET"]}}],"collection":[{"href":"https:\/\/temucotelevision.cl\/web\/wp-json\/wp\/v2\/posts"}],"about":[{"href":"https:\/\/temucotelevision.cl\/web\/wp-json\/wp\/v2\/types\/post"}],"author":[{"embeddable":true,"href":"https:\/\/temucotelevision.cl\/web\/wp-json\/wp\/v2\/users\/1"}],"replies":[{"embeddable":true,"href":"https:\/\/temucotelevision.cl\/web\/wp-json\/wp\/v2\/comments?post=33179"}],"version-history":[{"count":1,"href":"https:\/\/temucotelevision.cl\/web\/wp-json\/wp\/v2\/posts\/33179\/revisions"}],"predecessor-version":[{"id":33181,"href":"https:\/\/temucotelevision.cl\/web\/wp-json\/wp\/v2\/posts\/33179\/revisions\/33181"}],"wp:featuredmedia":[{"embeddable":true,"href":"https:\/\/temucotelevision.cl\/web\/wp-json\/wp\/v2\/media\/33180"}],"wp:attachment":[{"href":"https:\/\/temucotelevision.cl\/web\/wp-json\/wp\/v2\/media?parent=33179"}],"wp:term":[{"taxonomy":"category","embeddable":true,"href":"https:\/\/temucotelevision.cl\/web\/wp-json\/wp\/v2\/categories?post=33179"},{"taxonomy":"post_tag","embeddable":true,"href":"https:\/\/temucotelevision.cl\/web\/wp-json\/wp\/v2\/tags?post=33179"}],"curies":[{"name":"wp","href":"https:\/\/api.w.org\/{rel}","templated":true}]}}