{"id":33176,"date":"2022-07-02T13:49:02","date_gmt":"2022-07-02T16:49:02","guid":{"rendered":"https:\/\/temucotelevision.cl\/web\/?p=33176"},"modified":"2022-07-02T13:49:03","modified_gmt":"2022-07-02T16:49:03","slug":"la-junta-de-vecinos-san-eugenio-tiene-nueva-sede-social","status":"publish","type":"post","link":"https:\/\/temucotelevision.cl\/web\/2022\/07\/02\/la-junta-de-vecinos-san-eugenio-tiene-nueva-sede-social\/","title":{"rendered":"La Junta de Vecinos San Eugenio tiene nueva sede social"},"content":{"rendered":"<div class=\"pvc_clear\"><\/div><p id=\"pvc_stats_33176\" class=\"pvc_stats total_only  \" data-element-id=\"33176\" style=\"\"><i class=\"pvc-stats-icon large\" aria-hidden=\"true\"><svg aria-hidden=\"true\" focusable=\"false\" data-prefix=\"far\" data-icon=\"chart-bar\" role=\"img\" xmlns=\"http:\/\/www.w3.org\/2000\/svg\" viewBox=\"0 0 512 512\" class=\"svg-inline--fa fa-chart-bar fa-w-16 fa-2x\"><path fill=\"currentColor\" d=\"M396.8 352h22.4c6.4 0 12.8-6.4 12.8-12.8V108.8c0-6.4-6.4-12.8-12.8-12.8h-22.4c-6.4 0-12.8 6.4-12.8 12.8v230.4c0 6.4 6.4 12.8 12.8 12.8zm-192 0h22.4c6.4 0 12.8-6.4 12.8-12.8V140.8c0-6.4-6.4-12.8-12.8-12.8h-22.4c-6.4 0-12.8 6.4-12.8 12.8v198.4c0 6.4 6.4 12.8 12.8 12.8zm96 0h22.4c6.4 0 12.8-6.4 12.8-12.8V204.8c0-6.4-6.4-12.8-12.8-12.8h-22.4c-6.4 0-12.8 6.4-12.8 12.8v134.4c0 6.4 6.4 12.8 12.8 12.8zM496 400H48V80c0-8.84-7.16-16-16-16H16C7.16 64 0 71.16 0 80v336c0 17.67 14.33 32 32 32h464c8.84 0 16-7.16 16-16v-16c0-8.84-7.16-16-16-16zm-387.2-48h22.4c6.4 0 12.8-6.4 12.8-12.8v-70.4c0-6.4-6.4-12.8-12.8-12.8h-22.4c-6.4 0-12.8 6.4-12.8 12.8v70.4c0 6.4 6.4 12.8 12.8 12.8z\" class=\"\"><\/path><\/svg><\/i> <img loading=\"lazy\" decoding=\"async\" width=\"16\" height=\"16\" alt=\"Loading\" src=\"https:\/\/temucotelevision.cl\/web\/wp-content\/plugins\/page-views-count\/ajax-loader-2x.gif\" border=0 \/><\/p><div class=\"pvc_clear\"><\/div>\n<p><em>\u201cComo dirigentes, siempre nos estamos informando acerca de los recursos y programas disponibles, porque eso es beneficioso para nuestros vecinos, y nosotros trabajamos para los vecinos\u201d, agreg\u00f3 la dirigente.<\/em><\/p>\n\n\n\n<p>En el marco de un trabajo colaborativo entre el Fondo de Solidaridad e Inversi\u00f3n Social (FOSIS) y la Subsecretaria de Prevenci\u00f3n del Delito (SPD), esta tarde la Junta de Vecinos San Eugenio inaugur\u00f3 su nueva sede social.<\/p>\n\n\n\n<p>\u201cComo organizaci\u00f3n estamos muy contentas, ya que antes hab\u00edamos postulado tres veces a fondos concursables y por distintas razones nos fue mal. Pero hoy le damos las gracias por todas las gestiones al FOSIS, en particular, al apoyo que nos brind\u00f3 el Programa Barrios en Acci\u00f3n, que nos orient\u00f3 y ayud\u00f3 a concretar este anhelo que hace tanto tiempo ten\u00edamos,\u201d se\u00f1al\u00f3 la dirigente Cecilia Gonz\u00e1lez.<\/p>\n\n\n\n<p>El Director Nacional del FOSIS, Nicol\u00e1s Navarrete, en su visita a la regi\u00f3n, acudi\u00f3 a esta sede y en la oportunidad, convers\u00f3 con las dirigentes Cecilia Gonz\u00e1lez y Berta Rioseco, con quienes pudo compartir y conocer sus comentarios, experiencias y opiniones sobre el programa, adem\u00e1s de recoger diversas&nbsp;ideas de las dirigentes y usuarias participantes.<\/p>\n\n\n\n<p>Por su parte, la Directora Regional del FOSIS, Tamara Torres Huechucura, agreg\u00f3 que, \u201cel programa \u2018Barrios en Acci\u00f3n\u2019 realiza un trabajo mediante un convenio suscrito entre la Subsecretar\u00eda de Prevenci\u00f3n del Delito y el FOSIS, en el marco del plan nacional de \u2018Barrios Prioritarios<a>\u2019, en el cual se est\u00e1 interviniendo los sectores de Apachetas&nbsp;<\/a>y San Antonio, que son barrios seleccionados como prioritarios en la regi\u00f3n por la SPD. Es en ese contexto que, a trav\u00e9s de nuestra vinculaci\u00f3n, se logr\u00f3 que esta agrupaci\u00f3n obtuviera los recursos que finalmente le permitieron concretar el anhelo de construir su nueva sede social.\u201d&nbsp;&nbsp;<\/p>\n\n\n\n<p>Desde FOSIS, se vincul\u00f3 a esta Junta de Vecinos con una empresa constructora y se dio inicio al levantamiento de informaci\u00f3n para la postulaci\u00f3n de su proyecto, el cual se adjudic\u00f3 despu\u00e9s de un largo proceso, en el cual recibieron un total de $30 millones para la construcci\u00f3n de esta sede social de 60 m2, cuyas obras, iniciaron los primeros d\u00edas de abril, y finalizaron en el mes de mayo.<\/p>\n\n\n\n<p>Durante este mes, esta organizaci\u00f3n y otras juntas de vecinos que tambi\u00e9n est\u00e1n participando del programa, acceder\u00e1n a diversos talleres orientados a fortalecer sus capacidades y competencias blandas, as\u00ed como mejorar sus conocimientos en prevenci\u00f3n de riesgos y otras tem\u00e1ticas de inter\u00e9s comunitario.<\/p>\n\n\n\n<p>A la actividad de inauguraci\u00f3n lleg\u00f3 el Coordinador Regional de Seguridad P\u00fablica, Francisco Vega el ex diputado Ricardo Celis y el Diputado Miguel Mellado.<\/p>\n","protected":false},"excerpt":{"rendered":"<div class=\"pvc_clear\"><\/div>\n<p id=\"pvc_stats_33176\" class=\"pvc_stats total_only  \" data-element-id=\"33176\" style=\"\"><i class=\"pvc-stats-icon large\" aria-hidden=\"true\"><svg aria-hidden=\"true\" focusable=\"false\" data-prefix=\"far\" data-icon=\"chart-bar\" role=\"img\" xmlns=\"http:\/\/www.w3.org\/2000\/svg\" viewBox=\"0 0 512 512\" class=\"svg-inline--fa fa-chart-bar fa-w-16 fa-2x\"><path fill=\"currentColor\" d=\"M396.8 352h22.4c6.4 0 12.8-6.4 12.8-12.8V108.8c0-6.4-6.4-12.8-12.8-12.8h-22.4c-6.4 0-12.8 6.4-12.8 12.8v230.4c0 6.4 6.4 12.8 12.8 12.8zm-192 0h22.4c6.4 0 12.8-6.4 12.8-12.8V140.8c0-6.4-6.4-12.8-12.8-12.8h-22.4c-6.4 0-12.8 6.4-12.8 12.8v198.4c0 6.4 6.4 12.8 12.8 12.8zm96 0h22.4c6.4 0 12.8-6.4 12.8-12.8V204.8c0-6.4-6.4-12.8-12.8-12.8h-22.4c-6.4 0-12.8 6.4-12.8 12.8v134.4c0 6.4 6.4 12.8 12.8 12.8zM496 400H48V80c0-8.84-7.16-16-16-16H16C7.16 64 0 71.16 0 80v336c0 17.67 14.33 32 32 32h464c8.84 0 16-7.16 16-16v-16c0-8.84-7.16-16-16-16zm-387.2-48h22.4c6.4 0 12.8-6.4 12.8-12.8v-70.4c0-6.4-6.4-12.8-12.8-12.8h-22.4c-6.4 0-12.8 6.4-12.8 12.8v70.4c0 6.4 6.4 12.8 12.8 12.8z\" class=\"\"><\/path><\/svg><\/i> <img loading=\"lazy\" decoding=\"async\" width=\"16\" height=\"16\" alt=\"Loading\" src=\"https:\/\/temucotelevision.cl\/web\/wp-content\/plugins\/page-views-count\/ajax-loader-2x.gif\" border=0 \/><\/p>\n<div class=\"pvc_clear\"><\/div>\n<p>\u201cComo dirigentes, siempre nos estamos informando acerca de los recursos y programas disponibles, porque eso es beneficioso para nuestros vecinos,<\/p>\n","protected":false},"author":1,"featured_media":33177,"comment_status":"open","ping_status":"open","sticky":false,"template":"","format":"standard","meta":{"colormag_page_container_layout":"default_layout","colormag_page_sidebar_layout":"default_layout","footnotes":""},"categories":[14],"tags":[5475,1247,2256,567],"class_list":["post-33176","post","type-post","status-publish","format-standard","has-post-thumbnail","hentry","category-temuco","tag-san-eugenio","tag-sede","tag-social","tag-vecinos"],"a3_pvc":{"activated":true,"total_views":91,"today_views":0},"_links":{"self":[{"href":"https:\/\/temucotelevision.cl\/web\/wp-json\/wp\/v2\/posts\/33176","targetHints":{"allow":["GET"]}}],"collection":[{"href":"https:\/\/temucotelevision.cl\/web\/wp-json\/wp\/v2\/posts"}],"about":[{"href":"https:\/\/temucotelevision.cl\/web\/wp-json\/wp\/v2\/types\/post"}],"author":[{"embeddable":true,"href":"https:\/\/temucotelevision.cl\/web\/wp-json\/wp\/v2\/users\/1"}],"replies":[{"embeddable":true,"href":"https:\/\/temucotelevision.cl\/web\/wp-json\/wp\/v2\/comments?post=33176"}],"version-history":[{"count":1,"href":"https:\/\/temucotelevision.cl\/web\/wp-json\/wp\/v2\/posts\/33176\/revisions"}],"predecessor-version":[{"id":33178,"href":"https:\/\/temucotelevision.cl\/web\/wp-json\/wp\/v2\/posts\/33176\/revisions\/33178"}],"wp:featuredmedia":[{"embeddable":true,"href":"https:\/\/temucotelevision.cl\/web\/wp-json\/wp\/v2\/media\/33177"}],"wp:attachment":[{"href":"https:\/\/temucotelevision.cl\/web\/wp-json\/wp\/v2\/media?parent=33176"}],"wp:term":[{"taxonomy":"category","embeddable":true,"href":"https:\/\/temucotelevision.cl\/web\/wp-json\/wp\/v2\/categories?post=33176"},{"taxonomy":"post_tag","embeddable":true,"href":"https:\/\/temucotelevision.cl\/web\/wp-json\/wp\/v2\/tags?post=33176"}],"curies":[{"name":"wp","href":"https:\/\/api.w.org\/{rel}","templated":true}]}}