{"id":33168,"date":"2022-07-01T22:19:13","date_gmt":"2022-07-02T01:19:13","guid":{"rendered":"https:\/\/temucotelevision.cl\/web\/?p=33168"},"modified":"2022-07-01T22:19:14","modified_gmt":"2022-07-02T01:19:14","slug":"complejo-asistencial-padre-las-casas-realiza-su-primera-cirugia-ortognatica-para-resolver-malformacion-maxilar","status":"publish","type":"post","link":"https:\/\/temucotelevision.cl\/web\/2022\/07\/01\/complejo-asistencial-padre-las-casas-realiza-su-primera-cirugia-ortognatica-para-resolver-malformacion-maxilar\/","title":{"rendered":"Complejo Asistencial Padre Las Casas realiza su primera Cirug\u00eda Ortogn\u00e1tica para resolver malformaci\u00f3n maxilar"},"content":{"rendered":"<div class=\"pvc_clear\"><\/div><p id=\"pvc_stats_33168\" class=\"pvc_stats total_only  \" data-element-id=\"33168\" style=\"\"><i class=\"pvc-stats-icon large\" aria-hidden=\"true\"><svg aria-hidden=\"true\" focusable=\"false\" data-prefix=\"far\" data-icon=\"chart-bar\" role=\"img\" xmlns=\"http:\/\/www.w3.org\/2000\/svg\" viewBox=\"0 0 512 512\" class=\"svg-inline--fa fa-chart-bar fa-w-16 fa-2x\"><path fill=\"currentColor\" d=\"M396.8 352h22.4c6.4 0 12.8-6.4 12.8-12.8V108.8c0-6.4-6.4-12.8-12.8-12.8h-22.4c-6.4 0-12.8 6.4-12.8 12.8v230.4c0 6.4 6.4 12.8 12.8 12.8zm-192 0h22.4c6.4 0 12.8-6.4 12.8-12.8V140.8c0-6.4-6.4-12.8-12.8-12.8h-22.4c-6.4 0-12.8 6.4-12.8 12.8v198.4c0 6.4 6.4 12.8 12.8 12.8zm96 0h22.4c6.4 0 12.8-6.4 12.8-12.8V204.8c0-6.4-6.4-12.8-12.8-12.8h-22.4c-6.4 0-12.8 6.4-12.8 12.8v134.4c0 6.4 6.4 12.8 12.8 12.8zM496 400H48V80c0-8.84-7.16-16-16-16H16C7.16 64 0 71.16 0 80v336c0 17.67 14.33 32 32 32h464c8.84 0 16-7.16 16-16v-16c0-8.84-7.16-16-16-16zm-387.2-48h22.4c6.4 0 12.8-6.4 12.8-12.8v-70.4c0-6.4-6.4-12.8-12.8-12.8h-22.4c-6.4 0-12.8 6.4-12.8 12.8v70.4c0 6.4 6.4 12.8 12.8 12.8z\" class=\"\"><\/path><\/svg><\/i> <img loading=\"lazy\" decoding=\"async\" width=\"16\" height=\"16\" alt=\"Loading\" src=\"https:\/\/temucotelevision.cl\/web\/wp-content\/plugins\/page-views-count\/ajax-loader-2x.gif\" border=0 \/><\/p><div class=\"pvc_clear\"><\/div>\n<p><em>Equipo de cirujanos maxilofaciales lideran in\u00e9dito procedimiento<\/em><em>&nbsp;para el establecimiento<\/em><em>&nbsp;con tecnolog\u00eda de primer nivel.&nbsp;<\/em><\/p>\n\n\n\n<p>Un nuevo procedimiento quir\u00fargico se practic\u00f3 en el Complejo Asistencial Padre Las Casas (CAPLC), se trata de la primera cirug\u00eda ortogn\u00e1tica realizada por el equipo de cirujanos maxilofaciales del establecimiento, aplicado a una paciente femenina de 27 a\u00f1os, residente de la misma comuna.<\/p>\n\n\n\n<p>La t\u00e9cnica quir\u00fargica aplicada por los especialistas,&nbsp;busca corregir la malformaci\u00f3n facial de&nbsp;la&nbsp;paciente,&nbsp;quien padece apnea del sue\u00f1o&nbsp;a causa de ello. As\u00ed lo explica en detalle el Dr. Claudio Huentequeo, cirujano maxilofacial del CAPLC.<\/p>\n\n\n\n<p>\u201cRealizamos una cirug\u00eda reconstructiva facial que consta de osteotom\u00edas que se hacen a nivel de los maxilares, que modifican la forma y la posici\u00f3n del componente \u00f3seo de la cara. El resultado que se busca es funcional y est\u00e9tico, y dentro de los principales objetivos que se plantean es la modificaci\u00f3n de la v\u00eda a\u00e9rea para generar una mayor permeabilidad, lo cual es muy importante para la respiraci\u00f3n\u201d, explic\u00f3 el cirujano.&nbsp;<\/p>\n\n\n\n<p>El especialista a\u00f1adi\u00f3&nbsp;que \u201cesta primera cirug\u00eda ortogn\u00e1tica es muy relevante para nuestra especialidad y para el servicio, la tecnolog\u00eda que utilizamos es la de mayor uso a nivel mundial, que es el ultrasonido, esto hace que sea mucho m\u00e1s segura y genere un post operatorio mucho m\u00e1s r\u00e1pido\u201d.&nbsp;<\/p>\n\n\n\n<p><strong>BENEFICIOS<\/strong><\/p>\n\n\n\n<p>El Dr. Huentequeo adem\u00e1s coment\u00f3 que \u201ccon esta cirug\u00eda evitamos una de las patolog\u00edas que est\u00e1 m\u00e1s en boga hoy en d\u00eda, qu\u00e9 es la apnea del sue\u00f1o, adem\u00e1s mejora la estabilidad oclusal, que es b\u00e1sicamente la mordida y mejora el componente articular y muscular de la cara, lo cual genera muchas veces dolores cr\u00f3nicos y obviamente puede derivar una osteoartritis importante en los c\u00f3ndilos. As\u00ed mismo, esta cirug\u00eda modifica la posici\u00f3n de los maxilares, de la nariz y la cara completa\u201d.<\/p>\n\n\n\n<p><strong>PRE Y POST CIRUG\u00cdA<\/strong><\/p>\n\n\n\n<p>Antes de que la paciente fuese intervenida quir\u00fargicamente, inici\u00f3 un proceso de ortodoncia prequir\u00fargica realizado por la ortodoncista del Centro de Especialidades Odontol\u00f3gicas del CAPLC, Dra. Loreto Bustamante, quien entreg\u00f3&nbsp;detalles de su trabajo.&nbsp;<\/p>\n\n\n\n<p>\u201cLos pacientes que est\u00e1n indicados de cirug\u00eda ortogn\u00e1tica, son pacientes que tienen deformidades faciales importantes que son incompatibles con la est\u00e9tica, con la funci\u00f3n masticatoria y en el caso de ella, con problemas de respiraci\u00f3n y apnea del sue\u00f1o. Posteriormente a la cirug\u00eda yo hago la contenci\u00f3n, el tratamiento de ortodoncia, y tambi\u00e9n con los profesionales del CAPLC deber\u00e1 realizar el proceso de rehabilitaci\u00f3n de terapia f\u00edsica, porque cambia su sistema muscular, la lengua y la respiraci\u00f3n\u201d&nbsp;apunt\u00f3 la profesional.&nbsp;<\/p>\n\n\n\n<p>La integraci\u00f3n de este procedimiento significa un gran avance y refuerza a la cartera de prestaciones del Complejo Asistencial y de su Centro de Responsabilidad de Atenci\u00f3n Quir\u00fargica, junto a un equipo humano de vasta experiencia que trabaja con tecnolog\u00eda de primer nivel, aportando a descongestionar la lista de espera y mejorar la calidad de vida de los usuarios del sistema p\u00fablico de salud.&nbsp;<\/p>\n","protected":false},"excerpt":{"rendered":"<div class=\"pvc_clear\"><\/div>\n<p id=\"pvc_stats_33168\" class=\"pvc_stats total_only  \" data-element-id=\"33168\" style=\"\"><i class=\"pvc-stats-icon large\" aria-hidden=\"true\"><svg aria-hidden=\"true\" focusable=\"false\" data-prefix=\"far\" data-icon=\"chart-bar\" role=\"img\" xmlns=\"http:\/\/www.w3.org\/2000\/svg\" viewBox=\"0 0 512 512\" class=\"svg-inline--fa fa-chart-bar fa-w-16 fa-2x\"><path fill=\"currentColor\" d=\"M396.8 352h22.4c6.4 0 12.8-6.4 12.8-12.8V108.8c0-6.4-6.4-12.8-12.8-12.8h-22.4c-6.4 0-12.8 6.4-12.8 12.8v230.4c0 6.4 6.4 12.8 12.8 12.8zm-192 0h22.4c6.4 0 12.8-6.4 12.8-12.8V140.8c0-6.4-6.4-12.8-12.8-12.8h-22.4c-6.4 0-12.8 6.4-12.8 12.8v198.4c0 6.4 6.4 12.8 12.8 12.8zm96 0h22.4c6.4 0 12.8-6.4 12.8-12.8V204.8c0-6.4-6.4-12.8-12.8-12.8h-22.4c-6.4 0-12.8 6.4-12.8 12.8v134.4c0 6.4 6.4 12.8 12.8 12.8zM496 400H48V80c0-8.84-7.16-16-16-16H16C7.16 64 0 71.16 0 80v336c0 17.67 14.33 32 32 32h464c8.84 0 16-7.16 16-16v-16c0-8.84-7.16-16-16-16zm-387.2-48h22.4c6.4 0 12.8-6.4 12.8-12.8v-70.4c0-6.4-6.4-12.8-12.8-12.8h-22.4c-6.4 0-12.8 6.4-12.8 12.8v70.4c0 6.4 6.4 12.8 12.8 12.8z\" class=\"\"><\/path><\/svg><\/i> <img loading=\"lazy\" decoding=\"async\" width=\"16\" height=\"16\" alt=\"Loading\" src=\"https:\/\/temucotelevision.cl\/web\/wp-content\/plugins\/page-views-count\/ajax-loader-2x.gif\" border=0 \/><\/p>\n<div class=\"pvc_clear\"><\/div>\n<p>Equipo de cirujanos maxilofaciales lideran in\u00e9dito procedimiento&nbsp;para el establecimiento&nbsp;con tecnolog\u00eda de primer nivel.&nbsp; Un nuevo procedimiento quir\u00fargico se practic\u00f3 en<\/p>\n","protected":false},"author":1,"featured_media":33169,"comment_status":"open","ping_status":"open","sticky":false,"template":"","format":"standard","meta":{"colormag_page_container_layout":"default_layout","colormag_page_sidebar_layout":"default_layout","footnotes":""},"categories":[101],"tags":[293],"class_list":["post-33168","post","type-post","status-publish","format-standard","has-post-thumbnail","hentry","category-actualidad","tag-cirugia"],"a3_pvc":{"activated":true,"total_views":37,"today_views":0},"_links":{"self":[{"href":"https:\/\/temucotelevision.cl\/web\/wp-json\/wp\/v2\/posts\/33168","targetHints":{"allow":["GET"]}}],"collection":[{"href":"https:\/\/temucotelevision.cl\/web\/wp-json\/wp\/v2\/posts"}],"about":[{"href":"https:\/\/temucotelevision.cl\/web\/wp-json\/wp\/v2\/types\/post"}],"author":[{"embeddable":true,"href":"https:\/\/temucotelevision.cl\/web\/wp-json\/wp\/v2\/users\/1"}],"replies":[{"embeddable":true,"href":"https:\/\/temucotelevision.cl\/web\/wp-json\/wp\/v2\/comments?post=33168"}],"version-history":[{"count":1,"href":"https:\/\/temucotelevision.cl\/web\/wp-json\/wp\/v2\/posts\/33168\/revisions"}],"predecessor-version":[{"id":33170,"href":"https:\/\/temucotelevision.cl\/web\/wp-json\/wp\/v2\/posts\/33168\/revisions\/33170"}],"wp:featuredmedia":[{"embeddable":true,"href":"https:\/\/temucotelevision.cl\/web\/wp-json\/wp\/v2\/media\/33169"}],"wp:attachment":[{"href":"https:\/\/temucotelevision.cl\/web\/wp-json\/wp\/v2\/media?parent=33168"}],"wp:term":[{"taxonomy":"category","embeddable":true,"href":"https:\/\/temucotelevision.cl\/web\/wp-json\/wp\/v2\/categories?post=33168"},{"taxonomy":"post_tag","embeddable":true,"href":"https:\/\/temucotelevision.cl\/web\/wp-json\/wp\/v2\/tags?post=33168"}],"curies":[{"name":"wp","href":"https:\/\/api.w.org\/{rel}","templated":true}]}}