{"id":33162,"date":"2022-07-01T19:22:05","date_gmt":"2022-07-01T22:22:05","guid":{"rendered":"https:\/\/temucotelevision.cl\/web\/?p=33162"},"modified":"2022-07-01T19:22:06","modified_gmt":"2022-07-01T22:22:06","slug":"diputado-andres-jouannet-lo-de-celestino-cordova-fue-una-puesta-en-escena","status":"publish","type":"post","link":"https:\/\/temucotelevision.cl\/web\/2022\/07\/01\/diputado-andres-jouannet-lo-de-celestino-cordova-fue-una-puesta-en-escena\/","title":{"rendered":"Diputado Andr\u00e9s Jouannet: \u201clo de Celestino C\u00f3rdova fue una puesta en escena\u201d"},"content":{"rendered":"<div class=\"pvc_clear\"><\/div><p id=\"pvc_stats_33162\" class=\"pvc_stats total_only  \" data-element-id=\"33162\" style=\"\"><i class=\"pvc-stats-icon large\" aria-hidden=\"true\"><svg aria-hidden=\"true\" focusable=\"false\" data-prefix=\"far\" data-icon=\"chart-bar\" role=\"img\" xmlns=\"http:\/\/www.w3.org\/2000\/svg\" viewBox=\"0 0 512 512\" class=\"svg-inline--fa fa-chart-bar fa-w-16 fa-2x\"><path fill=\"currentColor\" d=\"M396.8 352h22.4c6.4 0 12.8-6.4 12.8-12.8V108.8c0-6.4-6.4-12.8-12.8-12.8h-22.4c-6.4 0-12.8 6.4-12.8 12.8v230.4c0 6.4 6.4 12.8 12.8 12.8zm-192 0h22.4c6.4 0 12.8-6.4 12.8-12.8V140.8c0-6.4-6.4-12.8-12.8-12.8h-22.4c-6.4 0-12.8 6.4-12.8 12.8v198.4c0 6.4 6.4 12.8 12.8 12.8zm96 0h22.4c6.4 0 12.8-6.4 12.8-12.8V204.8c0-6.4-6.4-12.8-12.8-12.8h-22.4c-6.4 0-12.8 6.4-12.8 12.8v134.4c0 6.4 6.4 12.8 12.8 12.8zM496 400H48V80c0-8.84-7.16-16-16-16H16C7.16 64 0 71.16 0 80v336c0 17.67 14.33 32 32 32h464c8.84 0 16-7.16 16-16v-16c0-8.84-7.16-16-16-16zm-387.2-48h22.4c6.4 0 12.8-6.4 12.8-12.8v-70.4c0-6.4-6.4-12.8-12.8-12.8h-22.4c-6.4 0-12.8 6.4-12.8 12.8v70.4c0 6.4 6.4 12.8 12.8 12.8z\" class=\"\"><\/path><\/svg><\/i> <img loading=\"lazy\" decoding=\"async\" width=\"16\" height=\"16\" alt=\"Loading\" src=\"https:\/\/temucotelevision.cl\/web\/wp-content\/plugins\/page-views-count\/ajax-loader-2x.gif\" border=0 \/><\/p><div class=\"pvc_clear\"><\/div>\n<p><em>El diputado independiente Andr\u00e9s Jouannet cuestion\u00f3 la forma en que el machi Celestino C\u00f3rdoba hizo uso de su beneficio carcelario esta ma\u00f1ana en Temuco.<\/em><\/p>\n\n\n\n<p>El parlamentario de La Araucan\u00eda no qued\u00f3 indiferente ante la cabalgata que protagoniz\u00f3 en la c\u00e1rcel de Temuco,m el hombre condenado a 18 a\u00f1os de presidio por el crimen del matrimonio Luchsinger Mackay al hacer uso de su primera salida trimestral.<\/p>\n\n\n\n<p>El tambi\u00e9n presidente de la Comisi\u00f3n de Defensa de la C\u00e1mara de Diputadas y Diputados si bien aclar\u00f3 que Celestino est\u00e1 \u201cen su derecho\u201c, calific\u00f3 la cabalgata como una \u201cprovocaci\u00f3n, una puesta en escena de entrar a caballo, considerando que es un reo rematado, una persona que fue condenada por una crimen atroz\u201d.<\/p>\n\n\n\n<p>Jouannet apunt\u00f3 que la cabalgata \u201cfue una muestra de poca fraternidad, peque\u00f1ez y mezquindad. \u00c9l debiera demostrar arrepentimiento y pedir perd\u00f3n, cosa que no ha hecho\u201d.<\/p>\n\n\n\n<p>El exintendente de La Araucan\u00eda cree que la llegada de C\u00f3rdoba al Centro de Cumplimiento Penitenciario de Temuco fue \u201cun show medi\u00e1tico\u201d porque \u201cen La Araucan\u00eda tenemos muchos y muchas machi que si respetan las tradiciones y no realizan este tipo de shows medi\u00e1ticos y provocaci\u00f3n hacia las v\u00edctimas de violencia rural&#8221;, concluy\u00f3.<\/p>\n","protected":false},"excerpt":{"rendered":"<div class=\"pvc_clear\"><\/div>\n<p id=\"pvc_stats_33162\" class=\"pvc_stats total_only  \" data-element-id=\"33162\" style=\"\"><i class=\"pvc-stats-icon large\" aria-hidden=\"true\"><svg aria-hidden=\"true\" focusable=\"false\" data-prefix=\"far\" data-icon=\"chart-bar\" role=\"img\" xmlns=\"http:\/\/www.w3.org\/2000\/svg\" viewBox=\"0 0 512 512\" class=\"svg-inline--fa fa-chart-bar fa-w-16 fa-2x\"><path fill=\"currentColor\" d=\"M396.8 352h22.4c6.4 0 12.8-6.4 12.8-12.8V108.8c0-6.4-6.4-12.8-12.8-12.8h-22.4c-6.4 0-12.8 6.4-12.8 12.8v230.4c0 6.4 6.4 12.8 12.8 12.8zm-192 0h22.4c6.4 0 12.8-6.4 12.8-12.8V140.8c0-6.4-6.4-12.8-12.8-12.8h-22.4c-6.4 0-12.8 6.4-12.8 12.8v198.4c0 6.4 6.4 12.8 12.8 12.8zm96 0h22.4c6.4 0 12.8-6.4 12.8-12.8V204.8c0-6.4-6.4-12.8-12.8-12.8h-22.4c-6.4 0-12.8 6.4-12.8 12.8v134.4c0 6.4 6.4 12.8 12.8 12.8zM496 400H48V80c0-8.84-7.16-16-16-16H16C7.16 64 0 71.16 0 80v336c0 17.67 14.33 32 32 32h464c8.84 0 16-7.16 16-16v-16c0-8.84-7.16-16-16-16zm-387.2-48h22.4c6.4 0 12.8-6.4 12.8-12.8v-70.4c0-6.4-6.4-12.8-12.8-12.8h-22.4c-6.4 0-12.8 6.4-12.8 12.8v70.4c0 6.4 6.4 12.8 12.8 12.8z\" class=\"\"><\/path><\/svg><\/i> <img loading=\"lazy\" decoding=\"async\" width=\"16\" height=\"16\" alt=\"Loading\" src=\"https:\/\/temucotelevision.cl\/web\/wp-content\/plugins\/page-views-count\/ajax-loader-2x.gif\" border=0 \/><\/p>\n<div class=\"pvc_clear\"><\/div>\n<p>El diputado independiente Andr\u00e9s Jouannet cuestion\u00f3 la forma en que el machi Celestino C\u00f3rdoba hizo uso de su beneficio carcelario<\/p>\n","protected":false},"author":1,"featured_media":33161,"comment_status":"open","ping_status":"open","sticky":false,"template":"","format":"standard","meta":{"colormag_page_container_layout":"default_layout","colormag_page_sidebar_layout":"default_layout","footnotes":""},"categories":[15,84],"tags":[323,5474],"class_list":["post-33162","post","type-post","status-publish","format-standard","has-post-thumbnail","hentry","category-la-araucania","category-politica","tag-celestino","tag-dioutado"],"a3_pvc":{"activated":true,"total_views":52,"today_views":0},"_links":{"self":[{"href":"https:\/\/temucotelevision.cl\/web\/wp-json\/wp\/v2\/posts\/33162","targetHints":{"allow":["GET"]}}],"collection":[{"href":"https:\/\/temucotelevision.cl\/web\/wp-json\/wp\/v2\/posts"}],"about":[{"href":"https:\/\/temucotelevision.cl\/web\/wp-json\/wp\/v2\/types\/post"}],"author":[{"embeddable":true,"href":"https:\/\/temucotelevision.cl\/web\/wp-json\/wp\/v2\/users\/1"}],"replies":[{"embeddable":true,"href":"https:\/\/temucotelevision.cl\/web\/wp-json\/wp\/v2\/comments?post=33162"}],"version-history":[{"count":1,"href":"https:\/\/temucotelevision.cl\/web\/wp-json\/wp\/v2\/posts\/33162\/revisions"}],"predecessor-version":[{"id":33163,"href":"https:\/\/temucotelevision.cl\/web\/wp-json\/wp\/v2\/posts\/33162\/revisions\/33163"}],"wp:featuredmedia":[{"embeddable":true,"href":"https:\/\/temucotelevision.cl\/web\/wp-json\/wp\/v2\/media\/33161"}],"wp:attachment":[{"href":"https:\/\/temucotelevision.cl\/web\/wp-json\/wp\/v2\/media?parent=33162"}],"wp:term":[{"taxonomy":"category","embeddable":true,"href":"https:\/\/temucotelevision.cl\/web\/wp-json\/wp\/v2\/categories?post=33162"},{"taxonomy":"post_tag","embeddable":true,"href":"https:\/\/temucotelevision.cl\/web\/wp-json\/wp\/v2\/tags?post=33162"}],"curies":[{"name":"wp","href":"https:\/\/api.w.org\/{rel}","templated":true}]}}