{"id":33157,"date":"2022-07-01T18:09:36","date_gmt":"2022-07-01T21:09:36","guid":{"rendered":"https:\/\/temucotelevision.cl\/web\/?p=33157"},"modified":"2022-07-01T18:09:36","modified_gmt":"2022-07-01T21:09:36","slug":"direccion-de-vialidad-del-mop-realiza-intenso-trabajo-para-mantener-habilitadas-las-rutas-cordilleranas-de-lonquimay","status":"publish","type":"post","link":"https:\/\/temucotelevision.cl\/web\/2022\/07\/01\/direccion-de-vialidad-del-mop-realiza-intenso-trabajo-para-mantener-habilitadas-las-rutas-cordilleranas-de-lonquimay\/","title":{"rendered":"Direcci\u00f3n de Vialidad del MOP realiza intenso trabajo para mantener habilitadas las rutas cordilleranas de Lonquimay"},"content":{"rendered":"<div class=\"pvc_clear\"><\/div><p id=\"pvc_stats_33157\" class=\"pvc_stats total_only  \" data-element-id=\"33157\" style=\"\"><i class=\"pvc-stats-icon large\" aria-hidden=\"true\"><svg aria-hidden=\"true\" focusable=\"false\" data-prefix=\"far\" data-icon=\"chart-bar\" role=\"img\" xmlns=\"http:\/\/www.w3.org\/2000\/svg\" viewBox=\"0 0 512 512\" class=\"svg-inline--fa fa-chart-bar fa-w-16 fa-2x\"><path fill=\"currentColor\" d=\"M396.8 352h22.4c6.4 0 12.8-6.4 12.8-12.8V108.8c0-6.4-6.4-12.8-12.8-12.8h-22.4c-6.4 0-12.8 6.4-12.8 12.8v230.4c0 6.4 6.4 12.8 12.8 12.8zm-192 0h22.4c6.4 0 12.8-6.4 12.8-12.8V140.8c0-6.4-6.4-12.8-12.8-12.8h-22.4c-6.4 0-12.8 6.4-12.8 12.8v198.4c0 6.4 6.4 12.8 12.8 12.8zm96 0h22.4c6.4 0 12.8-6.4 12.8-12.8V204.8c0-6.4-6.4-12.8-12.8-12.8h-22.4c-6.4 0-12.8 6.4-12.8 12.8v134.4c0 6.4 6.4 12.8 12.8 12.8zM496 400H48V80c0-8.84-7.16-16-16-16H16C7.16 64 0 71.16 0 80v336c0 17.67 14.33 32 32 32h464c8.84 0 16-7.16 16-16v-16c0-8.84-7.16-16-16-16zm-387.2-48h22.4c6.4 0 12.8-6.4 12.8-12.8v-70.4c0-6.4-6.4-12.8-12.8-12.8h-22.4c-6.4 0-12.8 6.4-12.8 12.8v70.4c0 6.4 6.4 12.8 12.8 12.8z\" class=\"\"><\/path><\/svg><\/i> <img loading=\"lazy\" decoding=\"async\" width=\"16\" height=\"16\" alt=\"Loading\" src=\"https:\/\/temucotelevision.cl\/web\/wp-content\/plugins\/page-views-count\/ajax-loader-2x.gif\" border=0 \/><\/p><div class=\"pvc_clear\"><\/div>\n<p><strong><em>Camiones saleros, barrenieve y motoniveladoras trabajan en la zona para mantener la conectividad.<\/em><\/strong><\/p>\n\n\n\n<p>Un intenso trabajo ha estado realizando la Direcci\u00f3n de Vialidad del MOP, para mantener habilitadas las principales rutas de la zona cordillerana de Lonquimay. La informaci\u00f3n la dio a conocer el Seremi de Obras P\u00fablicas, Ra\u00fal Ortiz, quien destac\u00f3 que hay m\u00e1s de 10 equipos de vialidad operando en distintas puntos de la zona cordillerana.<\/p>\n\n\n\n<p>La autoridad detall\u00f3 que motoniveladoras y camiones saleros han estado operando desde Curacaut\u00edn, Lonquimay y Liucura de manera permanente, con la finalidad de mantener expedita esta ruta. Del mismo modo se trabaja en la habilitaci\u00f3n de rutas secundarias que conectan con el sector de Troyo y la localidad de Icalma.<\/p>\n\n\n\n<p>El Seremi del MOP agreg\u00f3 que, \u201cequipos de la empresa de conservaci\u00f3n global tambi\u00e9n est\u00e1n trabajando en la zona, sum\u00e1ndose a esta ardua labor para mantener la conectividad de los habitantes de la zona cordillerana\u201d.&nbsp;<\/p>\n\n\n\n<p>Respecto al paso fronterizo Pino Hachado e Icalma, la autoridad de Obras P\u00fablicas inform\u00f3 que estos se encuentran cerrados debido a las intensas nevadas, su apertura ser\u00e1 informada oportunamente.<\/p>\n\n\n\n<p>Ra\u00fal Ortiz destac\u00f3 que, \u201cen la zona hay un equipo profesional altamente capacitado para trabajar en condiciones clim\u00e1ticas adversas. Para ello cuentan con camiones barrenieve, saleros, motoniveladoras y veh\u00edculos de apoyo dispuestos para esta gran labor\u201d, asegur\u00f3.&nbsp;<\/p>\n\n\n\n<p>En resumen, camiones barrenieve, camiones saleros, motoniveladoras, Bulldozer, adem\u00e1s de equipos de apoyo como camiones de transporte, trabajan de manera intensa con la finalizad de enfrentar esta contingencia invernal y mantener la conectividad de los habitantes de la zona cordillerana de La Araucan\u00eda.<\/p>\n\n\n\n<figure class=\"wp-block-image size-large\"><img loading=\"lazy\" decoding=\"async\" width=\"1024\" height=\"478\" src=\"https:\/\/temucotelevision.cl\/web\/wp-content\/uploads\/2022\/07\/Ruta-Cordillerana-2-1024x478.jpg\" alt=\"\" class=\"wp-image-33159\" srcset=\"https:\/\/temucotelevision.cl\/web\/wp-content\/uploads\/2022\/07\/Ruta-Cordillerana-2-1024x478.jpg 1024w, https:\/\/temucotelevision.cl\/web\/wp-content\/uploads\/2022\/07\/Ruta-Cordillerana-2-768x358.jpg 768w, https:\/\/temucotelevision.cl\/web\/wp-content\/uploads\/2022\/07\/Ruta-Cordillerana-2.jpg 1280w\" sizes=\"auto, (max-width: 1024px) 100vw, 1024px\" \/><\/figure>\n","protected":false},"excerpt":{"rendered":"<div class=\"pvc_clear\"><\/div>\n<p id=\"pvc_stats_33157\" class=\"pvc_stats total_only  \" data-element-id=\"33157\" style=\"\"><i class=\"pvc-stats-icon large\" aria-hidden=\"true\"><svg aria-hidden=\"true\" focusable=\"false\" data-prefix=\"far\" data-icon=\"chart-bar\" role=\"img\" xmlns=\"http:\/\/www.w3.org\/2000\/svg\" viewBox=\"0 0 512 512\" class=\"svg-inline--fa fa-chart-bar fa-w-16 fa-2x\"><path fill=\"currentColor\" d=\"M396.8 352h22.4c6.4 0 12.8-6.4 12.8-12.8V108.8c0-6.4-6.4-12.8-12.8-12.8h-22.4c-6.4 0-12.8 6.4-12.8 12.8v230.4c0 6.4 6.4 12.8 12.8 12.8zm-192 0h22.4c6.4 0 12.8-6.4 12.8-12.8V140.8c0-6.4-6.4-12.8-12.8-12.8h-22.4c-6.4 0-12.8 6.4-12.8 12.8v198.4c0 6.4 6.4 12.8 12.8 12.8zm96 0h22.4c6.4 0 12.8-6.4 12.8-12.8V204.8c0-6.4-6.4-12.8-12.8-12.8h-22.4c-6.4 0-12.8 6.4-12.8 12.8v134.4c0 6.4 6.4 12.8 12.8 12.8zM496 400H48V80c0-8.84-7.16-16-16-16H16C7.16 64 0 71.16 0 80v336c0 17.67 14.33 32 32 32h464c8.84 0 16-7.16 16-16v-16c0-8.84-7.16-16-16-16zm-387.2-48h22.4c6.4 0 12.8-6.4 12.8-12.8v-70.4c0-6.4-6.4-12.8-12.8-12.8h-22.4c-6.4 0-12.8 6.4-12.8 12.8v70.4c0 6.4 6.4 12.8 12.8 12.8z\" class=\"\"><\/path><\/svg><\/i> <img loading=\"lazy\" decoding=\"async\" width=\"16\" height=\"16\" alt=\"Loading\" src=\"https:\/\/temucotelevision.cl\/web\/wp-content\/plugins\/page-views-count\/ajax-loader-2x.gif\" border=0 \/><\/p>\n<div class=\"pvc_clear\"><\/div>\n<p>Camiones saleros, barrenieve y motoniveladoras trabajan en la zona para mantener la conectividad. Un intenso trabajo ha estado realizando la<\/p>\n","protected":false},"author":1,"featured_media":33158,"comment_status":"open","ping_status":"open","sticky":false,"template":"","format":"standard","meta":{"colormag_page_container_layout":"default_layout","colormag_page_sidebar_layout":"default_layout","footnotes":""},"categories":[14],"tags":[418,4116,172,554,3036],"class_list":["post-33157","post","type-post","status-publish","format-standard","has-post-thumbnail","hentry","category-temuco","tag-caminos","tag-cordillera","tag-lonquimay","tag-mop","tag-rutas"],"a3_pvc":{"activated":true,"total_views":74,"today_views":0},"_links":{"self":[{"href":"https:\/\/temucotelevision.cl\/web\/wp-json\/wp\/v2\/posts\/33157","targetHints":{"allow":["GET"]}}],"collection":[{"href":"https:\/\/temucotelevision.cl\/web\/wp-json\/wp\/v2\/posts"}],"about":[{"href":"https:\/\/temucotelevision.cl\/web\/wp-json\/wp\/v2\/types\/post"}],"author":[{"embeddable":true,"href":"https:\/\/temucotelevision.cl\/web\/wp-json\/wp\/v2\/users\/1"}],"replies":[{"embeddable":true,"href":"https:\/\/temucotelevision.cl\/web\/wp-json\/wp\/v2\/comments?post=33157"}],"version-history":[{"count":1,"href":"https:\/\/temucotelevision.cl\/web\/wp-json\/wp\/v2\/posts\/33157\/revisions"}],"predecessor-version":[{"id":33160,"href":"https:\/\/temucotelevision.cl\/web\/wp-json\/wp\/v2\/posts\/33157\/revisions\/33160"}],"wp:featuredmedia":[{"embeddable":true,"href":"https:\/\/temucotelevision.cl\/web\/wp-json\/wp\/v2\/media\/33158"}],"wp:attachment":[{"href":"https:\/\/temucotelevision.cl\/web\/wp-json\/wp\/v2\/media?parent=33157"}],"wp:term":[{"taxonomy":"category","embeddable":true,"href":"https:\/\/temucotelevision.cl\/web\/wp-json\/wp\/v2\/categories?post=33157"},{"taxonomy":"post_tag","embeddable":true,"href":"https:\/\/temucotelevision.cl\/web\/wp-json\/wp\/v2\/tags?post=33157"}],"curies":[{"name":"wp","href":"https:\/\/api.w.org\/{rel}","templated":true}]}}