{"id":33150,"date":"2022-07-01T16:39:38","date_gmt":"2022-07-01T19:39:38","guid":{"rendered":"https:\/\/temucotelevision.cl\/web\/?p=33150"},"modified":"2022-07-01T17:54:23","modified_gmt":"2022-07-01T20:54:23","slug":"espectaculo-espanol-debuta-en-el-museo-ferroviario-en-un-homenaje-a-lorca-y-al-flamenco","status":"publish","type":"post","link":"https:\/\/temucotelevision.cl\/web\/2022\/07\/01\/espectaculo-espanol-debuta-en-el-museo-ferroviario-en-un-homenaje-a-lorca-y-al-flamenco\/","title":{"rendered":"Espect\u00e1culo espa\u00f1ol debuta en el Museo Ferroviario en un homenaje a Lorca y al Flamenco"},"content":{"rendered":"<div class=\"pvc_clear\"><\/div><p id=\"pvc_stats_33150\" class=\"pvc_stats total_only  \" data-element-id=\"33150\" style=\"\"><i class=\"pvc-stats-icon large\" aria-hidden=\"true\"><svg aria-hidden=\"true\" focusable=\"false\" data-prefix=\"far\" data-icon=\"chart-bar\" role=\"img\" xmlns=\"http:\/\/www.w3.org\/2000\/svg\" viewBox=\"0 0 512 512\" class=\"svg-inline--fa fa-chart-bar fa-w-16 fa-2x\"><path fill=\"currentColor\" d=\"M396.8 352h22.4c6.4 0 12.8-6.4 12.8-12.8V108.8c0-6.4-6.4-12.8-12.8-12.8h-22.4c-6.4 0-12.8 6.4-12.8 12.8v230.4c0 6.4 6.4 12.8 12.8 12.8zm-192 0h22.4c6.4 0 12.8-6.4 12.8-12.8V140.8c0-6.4-6.4-12.8-12.8-12.8h-22.4c-6.4 0-12.8 6.4-12.8 12.8v198.4c0 6.4 6.4 12.8 12.8 12.8zm96 0h22.4c6.4 0 12.8-6.4 12.8-12.8V204.8c0-6.4-6.4-12.8-12.8-12.8h-22.4c-6.4 0-12.8 6.4-12.8 12.8v134.4c0 6.4 6.4 12.8 12.8 12.8zM496 400H48V80c0-8.84-7.16-16-16-16H16C7.16 64 0 71.16 0 80v336c0 17.67 14.33 32 32 32h464c8.84 0 16-7.16 16-16v-16c0-8.84-7.16-16-16-16zm-387.2-48h22.4c6.4 0 12.8-6.4 12.8-12.8v-70.4c0-6.4-6.4-12.8-12.8-12.8h-22.4c-6.4 0-12.8 6.4-12.8 12.8v70.4c0 6.4 6.4 12.8 12.8 12.8z\" class=\"\"><\/path><\/svg><\/i> <img loading=\"lazy\" decoding=\"async\" width=\"16\" height=\"16\" alt=\"Loading\" src=\"https:\/\/temucotelevision.cl\/web\/wp-content\/plugins\/page-views-count\/ajax-loader-2x.gif\" border=0 \/><\/p><div class=\"pvc_clear\"><\/div>\n<p>La Casa de M\u00e1quinas del Museo Nacional Ferroviario se transformar\u00e1 en un tablao para recibir al aplaudido espect\u00e1culo internacional de danza \u201cLorca es Flamenco\u201d, evento que llegar\u00e1 desde Madrid a la capital de La Araucan\u00eda este s\u00e1bado 2 de julio a las 18 horas. Este espect\u00e1culo de la compa\u00f1\u00eda Embrujo Flamenco gira en torno a Federico Garc\u00eda Lorca y a las mujeres de sus obras, recreadas a trav\u00e9s de un elenco integrado por siete bailaores y m\u00fasicos en escena.&nbsp;<\/p>\n\n\n\n<p>Despu\u00e9s de 13 exitosas presentaciones en la Red de Teatros de la Comunidad de Madrid, \u201cLorca es Flamenco\u201d llega por primera vez a Chile en un esperado estreno que contempla presentaciones en Concepci\u00f3n, Talca, Frutillar, Temuco, Villarrica, Santiago y Valpara\u00edso.&nbsp;&nbsp;La obra ofrecer\u00e1 al p\u00fablico nacional un in\u00e9dito recorrido por el flamenco tradicional junto a Lorca, el mundo taurino y los Caf\u00e9s Cantantes.&nbsp;<\/p>\n\n\n\n<p>La historia parte en torno a Lorca y a las mujeres protagonistas de la obra de Lorca, Bernarda Alba, Yerma y Mariana Pineda, quienes son las encargadas de interpretar las emociones del poeta, cada una con sus bailes al comp\u00e1s del Romancero Gitano de Federico. En una segunda parte, la propuesta mostrar\u00e1 al p\u00fablico la bella Andaluc\u00eda y su esencia flamenca a trav\u00e9s de las figuras del Torero y la Maja, en una creaci\u00f3n que fue adaptada al formato de gran escenario para recorrer el mundo.&nbsp;&nbsp;&nbsp;<\/p>\n\n\n\n<p>La obra est\u00e1 basada en la creaci\u00f3n que realiz\u00f3 Pedro Fern\u00e1ndez Embrujo para el Aniversario 45 del Tablao Madrile\u00f1o Caf\u00e9 de Chinitas, homenaje que transportar\u00e1 al p\u00fablico local al emblem\u00e1tico caf\u00e9 de M\u00e1laga en el que Lorca se inspir\u00f3 para componer su famosa canci\u00f3n \u00abCaf\u00e9 de Chinitas\u00bb y \u00abLas Sevillanas del Siglo XVIII\u00bb. En este tercer cuadro, el elenco madrile\u00f1o representa la alegr\u00eda y dinamismo de un tradicional cuadro flamenco con las letras m\u00e1s destacadas del poeta.<\/p>\n\n\n\n<p>Pedro Fern\u00e1ndez Embrujo, el creador de Lorca es Flamenco es un artista chileno, destacado internacionalmente como bailar\u00edn y core\u00f3grafo de Flamenco y Danza Espa\u00f1ola, actual director de la Compa\u00f1\u00eda Internacional Embrujo Flamenco. La trayectoria de Fern\u00e1ndez ha sido reconocida por el Premio APES 2009 como mejor bailar\u00edn, Premio Altazor 2014 mejor int\u00e9rprete de danza, \u201cThe Award for Dance\u201d del XXIX International Festival de Sarajevo, ganador del Premio C\u00edrculo de Cr\u00edticos de Arte de Chile como Mejor Core\u00f3grafo 2018 y Premio Agust\u00edn Sir\u00e9 2019 otorgado por la Academia de Bellas Artes.<\/p>\n\n\n\n<p>Fern\u00e1ndez comenta que \u201cpara crear este espect\u00e1culo recopil\u00e9 los mejores momentos vividos en los diferentes y prestigiosos tablaos de Espa\u00f1a, M\u00e9xico y Argentina que he trabajado. Hice un an\u00e1lisis desde los tipos de palos del flamenco hasta el tipo de vestuario, pensando en esa gran etapa que vivi\u00f3 Federico Garc\u00eda Lorca, de la transici\u00f3n de los caf\u00e9s cantantes a la \u00f3pera flamenca\u201d.<\/p>\n\n\n\n<p>Actualmente, \u201cLorca es Flamenco\u201d est\u00e1 totalmente modificado para grandes escenarios con un cuidado trabajo de iluminaci\u00f3n, vestuario y una brillante puesta en escena, pero sin perder los atributos de su origen. Sin duda una oportunidad imperdible para disfrutar de una manifestaci\u00f3n art\u00edstica digna de los grandes escenarios del mundo, que llegar\u00e1 hasta el Museo Ferroviario Pablo Neruda con entrada liberada, una apuesta de la Municipalidad de Temuco que busca dar un nuevo impulso a los espacios culturales.&nbsp;&nbsp;&nbsp;<\/p>\n\n\n\n<p>\u201cQueremos dar una nueva vida a los espacios culturales que tambi\u00e9n han sufrido los efectos de la pandemia por el alejamiento del p\u00fablico. Estamos trabajando para mantener una programaci\u00f3n art\u00edstica permanente que ofrecer a la comunidad e instaurado nuevos hitos que motiven al p\u00fablico a visitar el Museo Ferroviario\u201d, asegur\u00f3 el alcalde de Temuco, Roberto Neira.&nbsp;&nbsp;<\/p>\n\n\n\n<p>La autoridad comunal extendi\u00f3 un llamado a la comunidad a disfrutar de este espect\u00e1culo en familia, una oportunidad para acercar al p\u00fablico al patrimonio rodante que guarda este recinto museol\u00f3gico y que alberga una incre\u00edble colecci\u00f3n de joyas ferroviarias que han sido restauradas manteniendo sus caracter\u00edsticas originales.<\/p>\n","protected":false},"excerpt":{"rendered":"<div class=\"pvc_clear\"><\/div>\n<p id=\"pvc_stats_33150\" class=\"pvc_stats total_only  \" data-element-id=\"33150\" style=\"\"><i class=\"pvc-stats-icon large\" aria-hidden=\"true\"><svg aria-hidden=\"true\" focusable=\"false\" data-prefix=\"far\" data-icon=\"chart-bar\" role=\"img\" xmlns=\"http:\/\/www.w3.org\/2000\/svg\" viewBox=\"0 0 512 512\" class=\"svg-inline--fa fa-chart-bar fa-w-16 fa-2x\"><path fill=\"currentColor\" d=\"M396.8 352h22.4c6.4 0 12.8-6.4 12.8-12.8V108.8c0-6.4-6.4-12.8-12.8-12.8h-22.4c-6.4 0-12.8 6.4-12.8 12.8v230.4c0 6.4 6.4 12.8 12.8 12.8zm-192 0h22.4c6.4 0 12.8-6.4 12.8-12.8V140.8c0-6.4-6.4-12.8-12.8-12.8h-22.4c-6.4 0-12.8 6.4-12.8 12.8v198.4c0 6.4 6.4 12.8 12.8 12.8zm96 0h22.4c6.4 0 12.8-6.4 12.8-12.8V204.8c0-6.4-6.4-12.8-12.8-12.8h-22.4c-6.4 0-12.8 6.4-12.8 12.8v134.4c0 6.4 6.4 12.8 12.8 12.8zM496 400H48V80c0-8.84-7.16-16-16-16H16C7.16 64 0 71.16 0 80v336c0 17.67 14.33 32 32 32h464c8.84 0 16-7.16 16-16v-16c0-8.84-7.16-16-16-16zm-387.2-48h22.4c6.4 0 12.8-6.4 12.8-12.8v-70.4c0-6.4-6.4-12.8-12.8-12.8h-22.4c-6.4 0-12.8 6.4-12.8 12.8v70.4c0 6.4 6.4 12.8 12.8 12.8z\" class=\"\"><\/path><\/svg><\/i> <img loading=\"lazy\" decoding=\"async\" width=\"16\" height=\"16\" alt=\"Loading\" src=\"https:\/\/temucotelevision.cl\/web\/wp-content\/plugins\/page-views-count\/ajax-loader-2x.gif\" border=0 \/><\/p>\n<div class=\"pvc_clear\"><\/div>\n<p>La Casa de M\u00e1quinas del Museo Nacional Ferroviario se transformar\u00e1 en un tablao para recibir al aplaudido espect\u00e1culo internacional de<\/p>\n","protected":false},"author":1,"featured_media":33151,"comment_status":"open","ping_status":"open","sticky":false,"template":"","format":"standard","meta":{"colormag_page_container_layout":"default_layout","colormag_page_sidebar_layout":"default_layout","footnotes":""},"categories":[86],"tags":[2876,875,5473,286,5472,529],"class_list":["post-33150","post","type-post","status-publish","format-standard","has-post-thumbnail","hentry","category-panoramas","tag-espectaculo","tag-ferroviario","tag-flamenco","tag-homenaje","tag-lorca","tag-museo"],"a3_pvc":{"activated":true,"total_views":39,"today_views":0},"_links":{"self":[{"href":"https:\/\/temucotelevision.cl\/web\/wp-json\/wp\/v2\/posts\/33150","targetHints":{"allow":["GET"]}}],"collection":[{"href":"https:\/\/temucotelevision.cl\/web\/wp-json\/wp\/v2\/posts"}],"about":[{"href":"https:\/\/temucotelevision.cl\/web\/wp-json\/wp\/v2\/types\/post"}],"author":[{"embeddable":true,"href":"https:\/\/temucotelevision.cl\/web\/wp-json\/wp\/v2\/users\/1"}],"replies":[{"embeddable":true,"href":"https:\/\/temucotelevision.cl\/web\/wp-json\/wp\/v2\/comments?post=33150"}],"version-history":[{"count":2,"href":"https:\/\/temucotelevision.cl\/web\/wp-json\/wp\/v2\/posts\/33150\/revisions"}],"predecessor-version":[{"id":33154,"href":"https:\/\/temucotelevision.cl\/web\/wp-json\/wp\/v2\/posts\/33150\/revisions\/33154"}],"wp:featuredmedia":[{"embeddable":true,"href":"https:\/\/temucotelevision.cl\/web\/wp-json\/wp\/v2\/media\/33151"}],"wp:attachment":[{"href":"https:\/\/temucotelevision.cl\/web\/wp-json\/wp\/v2\/media?parent=33150"}],"wp:term":[{"taxonomy":"category","embeddable":true,"href":"https:\/\/temucotelevision.cl\/web\/wp-json\/wp\/v2\/categories?post=33150"},{"taxonomy":"post_tag","embeddable":true,"href":"https:\/\/temucotelevision.cl\/web\/wp-json\/wp\/v2\/tags?post=33150"}],"curies":[{"name":"wp","href":"https:\/\/api.w.org\/{rel}","templated":true}]}}