{"id":33145,"date":"2022-07-01T16:08:53","date_gmt":"2022-07-01T19:08:53","guid":{"rendered":"https:\/\/temucotelevision.cl\/web\/?p=33145"},"modified":"2022-07-01T16:17:20","modified_gmt":"2022-07-01T19:17:20","slug":"aguas-araucania-capacita-bomberos-en-uso-de-grifos-ante-emergencias","status":"publish","type":"post","link":"https:\/\/temucotelevision.cl\/web\/2022\/07\/01\/aguas-araucania-capacita-bomberos-en-uso-de-grifos-ante-emergencias\/","title":{"rendered":"Aguas Araucan\u00eda capacita Bomberos de Villarrica y Loncoche\u00a0en uso de grifos ante emergencias"},"content":{"rendered":"<div class=\"pvc_clear\"><\/div><p id=\"pvc_stats_33145\" class=\"pvc_stats total_only  \" data-element-id=\"33145\" style=\"\"><i class=\"pvc-stats-icon large\" aria-hidden=\"true\"><svg aria-hidden=\"true\" focusable=\"false\" data-prefix=\"far\" data-icon=\"chart-bar\" role=\"img\" xmlns=\"http:\/\/www.w3.org\/2000\/svg\" viewBox=\"0 0 512 512\" class=\"svg-inline--fa fa-chart-bar fa-w-16 fa-2x\"><path fill=\"currentColor\" d=\"M396.8 352h22.4c6.4 0 12.8-6.4 12.8-12.8V108.8c0-6.4-6.4-12.8-12.8-12.8h-22.4c-6.4 0-12.8 6.4-12.8 12.8v230.4c0 6.4 6.4 12.8 12.8 12.8zm-192 0h22.4c6.4 0 12.8-6.4 12.8-12.8V140.8c0-6.4-6.4-12.8-12.8-12.8h-22.4c-6.4 0-12.8 6.4-12.8 12.8v198.4c0 6.4 6.4 12.8 12.8 12.8zm96 0h22.4c6.4 0 12.8-6.4 12.8-12.8V204.8c0-6.4-6.4-12.8-12.8-12.8h-22.4c-6.4 0-12.8 6.4-12.8 12.8v134.4c0 6.4 6.4 12.8 12.8 12.8zM496 400H48V80c0-8.84-7.16-16-16-16H16C7.16 64 0 71.16 0 80v336c0 17.67 14.33 32 32 32h464c8.84 0 16-7.16 16-16v-16c0-8.84-7.16-16-16-16zm-387.2-48h22.4c6.4 0 12.8-6.4 12.8-12.8v-70.4c0-6.4-6.4-12.8-12.8-12.8h-22.4c-6.4 0-12.8 6.4-12.8 12.8v70.4c0 6.4 6.4 12.8 12.8 12.8z\" class=\"\"><\/path><\/svg><\/i> <img loading=\"lazy\" decoding=\"async\" width=\"16\" height=\"16\" alt=\"Loading\" src=\"https:\/\/temucotelevision.cl\/web\/wp-content\/plugins\/page-views-count\/ajax-loader-2x.gif\" border=0 \/><\/p><div class=\"pvc_clear\"><\/div>\n<p><em>En el marco del aniversario de la instituci\u00f3n, el 30 de junio pasado, Aguas Araucan\u00eda reiter\u00f3 su compromiso con la instituci\u00f3n, que se materializa en jornadas de trabajo, acceso de los voluntarios a sistemas computacionales para ubicaci\u00f3n de grifos y el mecanismo de aporte mediante el pago de la cuenta del agua.<\/em><\/p>\n\n\n\n<p>Hace m\u00e1s de 5 a\u00f1os, Aguas Araucan\u00eda puso a disposici\u00f3n de Bomberos, informaci\u00f3n cartogr\u00e1fica esencial, que permite identificar de manera r\u00e1pida y precisa la ubicaci\u00f3n de los 4.700 de grifos existentes en la regi\u00f3n. Se trata de una plataforma de informaci\u00f3n geogr\u00e1fica GIS (por sus siglas en ingl\u00e9s) que permite un manejo eficiente e integral de la infraestructura sanitaria y que, por estos d\u00edas, forma parte del taller que la compa\u00f1\u00eda est\u00e1 desarrollando para la instituci\u00f3n en Villarrica y Loncoche.<\/p>\n\n\n\n<p>As\u00ed lo inform\u00f3 el gerente de Clientes de la sanitaria, Milton Morales, quien sostuvo que esta l\u00ednea de trabajo, se enmarca en una alianza estrat\u00e9gica con Bomberos, que entre sus mayores logros permiti\u00f3 el 2018, generar un mecanismo de aporte voluntario de la comunidad, mediante el pago de sus cuentas de agua.<\/p>\n\n\n\n<p>\u201cHace 4 a\u00f1os nuestra plataforma comercial y de facturaci\u00f3n se encuentra a disposici\u00f3n de bomberos de manera gratuita, con el objeto de facilitar la colaboraci\u00f3n de la comunidad con recursos econ\u00f3micos a la labor que realizan los bomberos. Hoy, en el marco de su aniversario, es propicia la oportunidad para motivar a los vecinos a apoyar a la instituci\u00f3n\u201d, subray\u00f3.<\/p>\n\n\n\n<p>Respecto de las capacitaciones, el ejecutivo destac\u00f3 que el objetivo es mantener informados a los voluntarios sobre el uso de los grifos, su ubicaci\u00f3n y cuidado, lo que es fundamental para enfrentar contingencias.\u00a0<\/p>\n\n\n\n<figure class=\"wp-block-image size-large\"><img loading=\"lazy\" decoding=\"async\" width=\"576\" height=\"1024\" src=\"https:\/\/temucotelevision.cl\/web\/wp-content\/uploads\/2022\/07\/bomberos-uso-gis-576x1024.jpg\" alt=\"\" class=\"wp-image-33147\" srcset=\"https:\/\/temucotelevision.cl\/web\/wp-content\/uploads\/2022\/07\/bomberos-uso-gis-576x1024.jpg 576w, https:\/\/temucotelevision.cl\/web\/wp-content\/uploads\/2022\/07\/bomberos-uso-gis-768x1365.jpg 768w, https:\/\/temucotelevision.cl\/web\/wp-content\/uploads\/2022\/07\/bomberos-uso-gis-864x1536.jpg 864w, https:\/\/temucotelevision.cl\/web\/wp-content\/uploads\/2022\/07\/bomberos-uso-gis.jpg 900w\" sizes=\"auto, (max-width: 576px) 100vw, 576px\" \/><\/figure>\n","protected":false},"excerpt":{"rendered":"<div class=\"pvc_clear\"><\/div>\n<p id=\"pvc_stats_33145\" class=\"pvc_stats total_only  \" data-element-id=\"33145\" style=\"\"><i class=\"pvc-stats-icon large\" aria-hidden=\"true\"><svg aria-hidden=\"true\" focusable=\"false\" data-prefix=\"far\" data-icon=\"chart-bar\" role=\"img\" xmlns=\"http:\/\/www.w3.org\/2000\/svg\" viewBox=\"0 0 512 512\" class=\"svg-inline--fa fa-chart-bar fa-w-16 fa-2x\"><path fill=\"currentColor\" d=\"M396.8 352h22.4c6.4 0 12.8-6.4 12.8-12.8V108.8c0-6.4-6.4-12.8-12.8-12.8h-22.4c-6.4 0-12.8 6.4-12.8 12.8v230.4c0 6.4 6.4 12.8 12.8 12.8zm-192 0h22.4c6.4 0 12.8-6.4 12.8-12.8V140.8c0-6.4-6.4-12.8-12.8-12.8h-22.4c-6.4 0-12.8 6.4-12.8 12.8v198.4c0 6.4 6.4 12.8 12.8 12.8zm96 0h22.4c6.4 0 12.8-6.4 12.8-12.8V204.8c0-6.4-6.4-12.8-12.8-12.8h-22.4c-6.4 0-12.8 6.4-12.8 12.8v134.4c0 6.4 6.4 12.8 12.8 12.8zM496 400H48V80c0-8.84-7.16-16-16-16H16C7.16 64 0 71.16 0 80v336c0 17.67 14.33 32 32 32h464c8.84 0 16-7.16 16-16v-16c0-8.84-7.16-16-16-16zm-387.2-48h22.4c6.4 0 12.8-6.4 12.8-12.8v-70.4c0-6.4-6.4-12.8-12.8-12.8h-22.4c-6.4 0-12.8 6.4-12.8 12.8v70.4c0 6.4 6.4 12.8 12.8 12.8z\" class=\"\"><\/path><\/svg><\/i> <img loading=\"lazy\" decoding=\"async\" width=\"16\" height=\"16\" alt=\"Loading\" src=\"https:\/\/temucotelevision.cl\/web\/wp-content\/plugins\/page-views-count\/ajax-loader-2x.gif\" border=0 \/><\/p>\n<div class=\"pvc_clear\"><\/div>\n<p>En el marco del aniversario de la instituci\u00f3n, el 30 de junio pasado, Aguas Araucan\u00eda reiter\u00f3 su compromiso con la<\/p>\n","protected":false},"author":1,"featured_media":33146,"comment_status":"open","ping_status":"open","sticky":false,"template":"","format":"standard","meta":{"colormag_page_container_layout":"default_layout","colormag_page_sidebar_layout":"default_layout","footnotes":""},"categories":[15],"tags":[1642,186,304,268,2166],"class_list":["post-33145","post","type-post","status-publish","format-standard","has-post-thumbnail","hentry","category-la-araucania","tag-aguas","tag-araucania","tag-bomberos","tag-emergencias","tag-grifos"],"a3_pvc":{"activated":true,"total_views":55,"today_views":0},"_links":{"self":[{"href":"https:\/\/temucotelevision.cl\/web\/wp-json\/wp\/v2\/posts\/33145","targetHints":{"allow":["GET"]}}],"collection":[{"href":"https:\/\/temucotelevision.cl\/web\/wp-json\/wp\/v2\/posts"}],"about":[{"href":"https:\/\/temucotelevision.cl\/web\/wp-json\/wp\/v2\/types\/post"}],"author":[{"embeddable":true,"href":"https:\/\/temucotelevision.cl\/web\/wp-json\/wp\/v2\/users\/1"}],"replies":[{"embeddable":true,"href":"https:\/\/temucotelevision.cl\/web\/wp-json\/wp\/v2\/comments?post=33145"}],"version-history":[{"count":2,"href":"https:\/\/temucotelevision.cl\/web\/wp-json\/wp\/v2\/posts\/33145\/revisions"}],"predecessor-version":[{"id":33149,"href":"https:\/\/temucotelevision.cl\/web\/wp-json\/wp\/v2\/posts\/33145\/revisions\/33149"}],"wp:featuredmedia":[{"embeddable":true,"href":"https:\/\/temucotelevision.cl\/web\/wp-json\/wp\/v2\/media\/33146"}],"wp:attachment":[{"href":"https:\/\/temucotelevision.cl\/web\/wp-json\/wp\/v2\/media?parent=33145"}],"wp:term":[{"taxonomy":"category","embeddable":true,"href":"https:\/\/temucotelevision.cl\/web\/wp-json\/wp\/v2\/categories?post=33145"},{"taxonomy":"post_tag","embeddable":true,"href":"https:\/\/temucotelevision.cl\/web\/wp-json\/wp\/v2\/tags?post=33145"}],"curies":[{"name":"wp","href":"https:\/\/api.w.org\/{rel}","templated":true}]}}