{"id":33141,"date":"2022-07-01T15:47:54","date_gmt":"2022-07-01T18:47:54","guid":{"rendered":"https:\/\/temucotelevision.cl\/web\/?p=33141"},"modified":"2022-07-01T15:47:54","modified_gmt":"2022-07-01T18:47:54","slug":"alumna-de-huiscapi-se-convierte-en-finalista-regional-del-mayor-concurso-de-lectura-en-voz-alta-de-chile","status":"publish","type":"post","link":"https:\/\/temucotelevision.cl\/web\/2022\/07\/01\/alumna-de-huiscapi-se-convierte-en-finalista-regional-del-mayor-concurso-de-lectura-en-voz-alta-de-chile\/","title":{"rendered":"Alumna de Huiscapi se convierte en finalista regional del mayor concurso de lectura en voz alta de Chile"},"content":{"rendered":"<div class=\"pvc_clear\"><\/div><p id=\"pvc_stats_33141\" class=\"pvc_stats total_only  \" data-element-id=\"33141\" style=\"\"><i class=\"pvc-stats-icon large\" aria-hidden=\"true\"><svg aria-hidden=\"true\" focusable=\"false\" data-prefix=\"far\" data-icon=\"chart-bar\" role=\"img\" xmlns=\"http:\/\/www.w3.org\/2000\/svg\" viewBox=\"0 0 512 512\" class=\"svg-inline--fa fa-chart-bar fa-w-16 fa-2x\"><path fill=\"currentColor\" d=\"M396.8 352h22.4c6.4 0 12.8-6.4 12.8-12.8V108.8c0-6.4-6.4-12.8-12.8-12.8h-22.4c-6.4 0-12.8 6.4-12.8 12.8v230.4c0 6.4 6.4 12.8 12.8 12.8zm-192 0h22.4c6.4 0 12.8-6.4 12.8-12.8V140.8c0-6.4-6.4-12.8-12.8-12.8h-22.4c-6.4 0-12.8 6.4-12.8 12.8v198.4c0 6.4 6.4 12.8 12.8 12.8zm96 0h22.4c6.4 0 12.8-6.4 12.8-12.8V204.8c0-6.4-6.4-12.8-12.8-12.8h-22.4c-6.4 0-12.8 6.4-12.8 12.8v134.4c0 6.4 6.4 12.8 12.8 12.8zM496 400H48V80c0-8.84-7.16-16-16-16H16C7.16 64 0 71.16 0 80v336c0 17.67 14.33 32 32 32h464c8.84 0 16-7.16 16-16v-16c0-8.84-7.16-16-16-16zm-387.2-48h22.4c6.4 0 12.8-6.4 12.8-12.8v-70.4c0-6.4-6.4-12.8-12.8-12.8h-22.4c-6.4 0-12.8 6.4-12.8 12.8v70.4c0 6.4 6.4 12.8 12.8 12.8z\" class=\"\"><\/path><\/svg><\/i> <img loading=\"lazy\" decoding=\"async\" width=\"16\" height=\"16\" alt=\"Loading\" src=\"https:\/\/temucotelevision.cl\/web\/wp-content\/plugins\/page-views-count\/ajax-loader-2x.gif\" border=0 \/><\/p><div class=\"pvc_clear\"><\/div>\n<p><strong>\u25cf<\/strong><strong>&nbsp; <\/strong><strong><\/strong><strong>Son 16 alumnos y alumnas de tercero a sexto b\u00e1sico de distintas regiones del pa\u00eds, entre ellos Trinidad Quiroga de la Escuela Egon Keutmann de Huiscapi, los que tendr\u00e1n la posibilidad de llegar a la final nacional de El Placer de O\u00edr Leer, la cual se realizar\u00e1 el 30 de agosto en Santiago.<\/strong><\/p>\n\n\n\n<p><strong>\u25cf<\/strong><strong>&nbsp; <\/strong><strong><\/strong><strong>Este concurso es organizado por las Fundaciones Yo Te Leo e Ib\u00e1\u00f1ez Atkinson, con la colaboraci\u00f3n de la Pontificia Universidad Cat\u00f3lica de Chile y el auspicio de Editorial SM, IBBY Chile y Fundaci\u00f3n Palabra. M\u00e1s informaci\u00f3n en<\/strong><a href=\"http:\/\/www.yoteleo.cl\/\" target=\"_blank\" rel=\"noreferrer noopener\"><strong> <\/strong><strong>www.yoteleo.cl<\/strong><\/a><strong>.<\/strong><\/p>\n\n\n\n<p>Leyendo frente a frente. Con ese lema que invita al reencuentro es que la octava edici\u00f3n de El Placer de O\u00edr Leer convoc\u00f3 a alrededor de 20.000 alumnas y alumnos de tercero a sexto b\u00e1sico de todo Chile a concursar con una lectura en voz alta, estimulando en ellos el amor por los libros, adem\u00e1s de habilidades esenciales para su desarrollo integral, como la concentraci\u00f3n, comprensi\u00f3n e imaginaci\u00f3n.<\/p>\n\n\n\n<p>De este universo de participantes, se seleccion\u00f3 a los 16 finalistas regionales, entre ellos Trinidad Quiroga de la Escuela Egon Keutmann de Huiscapi, quien tendr\u00e1 la posibilidad de llegar a la final nacional que se realizar\u00e1 el 30 de agosto en Santiago, y para la cual un jurado seleccionar\u00e1 a 10 finalistas nacionales.<\/p>\n\n\n\n<p>Considerado el mayor concurso de lectura de su tipo en el pa\u00eds, El Placer de O\u00edr Leer es organizado desde 2014 por Fundaci\u00f3n Yo Te Leo y Fundaci\u00f3n Ib\u00e1\u00f1ez Atkinson, y cuenta con la colaboraci\u00f3n de la Pontificia Universidad Cat\u00f3lica de Chile, a trav\u00e9s de las facultades de Educaci\u00f3n y Letras y de la Biblioteca Escolar Futuro, adem\u00e1s de Editorial SM, IBBY Chile y Fundaci\u00f3n Palabra como auspiciadores.<\/p>\n\n\n\n<p>\u201cEn esta nueva versi\u00f3n del concurso hemos vuelto a comprobar que tenemos no solo la suerte, sino tambi\u00e9n la responsabilidad de vivir en un pa\u00eds de lectores y, como cada a\u00f1o, queremos que nuestras y nuestros participantes sepan cu\u00e1nto valoramos el regalo que nos hacen con su extraordinario talento y entusiasmo\u201d, se\u00f1ala Marco Montenegro, director ejecutivo de Fundaci\u00f3n Yo Te Leo.<\/p>\n\n\n\n<p>\u201cDespu\u00e9s de ocho ediciones del concurso, seguimos motivando a m\u00e1s y m\u00e1s ni\u00f1os a encantarse con la lectura\u201d, dice por su parte Daniela del Valle, gerente general de Fundaci\u00f3n Ib\u00e1\u00f1ez Atkinson. \u201cEsta es una tremenda oportunidad para que los alumnos sigan desarrollando y refuercen habilidades cognitivas y socioemocionales esenciales para su formaci\u00f3n integral. Adem\u00e1s, este a\u00f1o ser\u00e1 especial porque finalmente podremos volver a realizar la final de manera presencial, impulsando a\u00fan m\u00e1s la conexi\u00f3n que genera la lectura cuando es compartida\u201d.<\/p>\n\n\n\n<p>Los otros finalistas regionales son Carlos Flores, del Colegio Arica College; Irene Avil\u00e9s de la Escuela Valent\u00edn Letelier de Calama; Mical Llano, del Colegio Cervantino de Copiap\u00f3; Monserrat \u00c1lvarez, del Colegio Bicentenario de las Artes Eliseo Videla Jorquera de Ovalle; Trinidad \u00c1lvarez, del Colegio Uni\u00f3n Fraterna de Coyhaique; Juaqu\u00edn Guerra, de la Escuela de Artes y Cultura de Osorno; Maite Vallejos, del Colegio Santa Cruz de R\u00edo Bueno; Isidora Torres, del Colegio Mar\u00eda Auxiliadora de Porvenir; Antonella Roca, del Colegio Bicentenario Nueva Esperanza de Yungay; Pedro Gatica, del Colegio Teresiano de Los \u00c1ngeles; Maite Alca\u00edno, de la Escuela B\u00e1sica Puquillay de Nancagua; Joaquina Per\u00e9z, de la Escuela San Rafael; Emilia V\u00e1squez, del Colegio Campanario de Buin; Sof\u00eda Aracena, del Liceo Mar\u00eda Auxiliadora de Iquique; y Florencia Rojas, del Colegio Nazareo de Vi\u00f1a del Mar.<\/p>\n\n\n\n<p>En la final nacional, los 10 finalistas seleccionados leer\u00e1n una historia de su elecci\u00f3n y preparada con antelaci\u00f3n, la cual ser\u00e1 evaluada por un destacado panel de expertos compuesto por profesionales de distintas \u00e1reas del ecosistema del libro, entre ellos autores, investigadores y expertos en literatura y mediaci\u00f3n lectora.M\u00e1s informaci\u00f3n del concurso en<a href=\"http:\/\/www.yoteleo.cl\/\" target=\"_blank\" rel=\"noreferrer noopener\"> www.yoteleo.cl<\/a> y al correo <a href=\"mailto:info@yoteleo.cl\" target=\"_blank\" rel=\"noreferrer noopener\">info@yoteleo.cl<\/a>.<\/p>\n","protected":false},"excerpt":{"rendered":"<div class=\"pvc_clear\"><\/div>\n<p id=\"pvc_stats_33141\" class=\"pvc_stats total_only  \" data-element-id=\"33141\" style=\"\"><i class=\"pvc-stats-icon large\" aria-hidden=\"true\"><svg aria-hidden=\"true\" focusable=\"false\" data-prefix=\"far\" data-icon=\"chart-bar\" role=\"img\" xmlns=\"http:\/\/www.w3.org\/2000\/svg\" viewBox=\"0 0 512 512\" class=\"svg-inline--fa fa-chart-bar fa-w-16 fa-2x\"><path fill=\"currentColor\" d=\"M396.8 352h22.4c6.4 0 12.8-6.4 12.8-12.8V108.8c0-6.4-6.4-12.8-12.8-12.8h-22.4c-6.4 0-12.8 6.4-12.8 12.8v230.4c0 6.4 6.4 12.8 12.8 12.8zm-192 0h22.4c6.4 0 12.8-6.4 12.8-12.8V140.8c0-6.4-6.4-12.8-12.8-12.8h-22.4c-6.4 0-12.8 6.4-12.8 12.8v198.4c0 6.4 6.4 12.8 12.8 12.8zm96 0h22.4c6.4 0 12.8-6.4 12.8-12.8V204.8c0-6.4-6.4-12.8-12.8-12.8h-22.4c-6.4 0-12.8 6.4-12.8 12.8v134.4c0 6.4 6.4 12.8 12.8 12.8zM496 400H48V80c0-8.84-7.16-16-16-16H16C7.16 64 0 71.16 0 80v336c0 17.67 14.33 32 32 32h464c8.84 0 16-7.16 16-16v-16c0-8.84-7.16-16-16-16zm-387.2-48h22.4c6.4 0 12.8-6.4 12.8-12.8v-70.4c0-6.4-6.4-12.8-12.8-12.8h-22.4c-6.4 0-12.8 6.4-12.8 12.8v70.4c0 6.4 6.4 12.8 12.8 12.8z\" class=\"\"><\/path><\/svg><\/i> <img loading=\"lazy\" decoding=\"async\" width=\"16\" height=\"16\" alt=\"Loading\" src=\"https:\/\/temucotelevision.cl\/web\/wp-content\/plugins\/page-views-count\/ajax-loader-2x.gif\" border=0 \/><\/p>\n<div class=\"pvc_clear\"><\/div>\n<p>\u25cf&nbsp; Son 16 alumnos y alumnas de tercero a sexto b\u00e1sico de distintas regiones del pa\u00eds, entre ellos Trinidad Quiroga<\/p>\n","protected":false},"author":1,"featured_media":33142,"comment_status":"open","ping_status":"open","sticky":false,"template":"","format":"standard","meta":{"colormag_page_container_layout":"default_layout","colormag_page_sidebar_layout":"default_layout","footnotes":""},"categories":[15],"tags":[5470,1632,5471,1254,2619],"class_list":["post-33141","post","type-post","status-publish","format-standard","has-post-thumbnail","hentry","category-la-araucania","tag-alumna","tag-concurso","tag-finalista","tag-lectura","tag-voz"],"a3_pvc":{"activated":true,"total_views":89,"today_views":0},"_links":{"self":[{"href":"https:\/\/temucotelevision.cl\/web\/wp-json\/wp\/v2\/posts\/33141","targetHints":{"allow":["GET"]}}],"collection":[{"href":"https:\/\/temucotelevision.cl\/web\/wp-json\/wp\/v2\/posts"}],"about":[{"href":"https:\/\/temucotelevision.cl\/web\/wp-json\/wp\/v2\/types\/post"}],"author":[{"embeddable":true,"href":"https:\/\/temucotelevision.cl\/web\/wp-json\/wp\/v2\/users\/1"}],"replies":[{"embeddable":true,"href":"https:\/\/temucotelevision.cl\/web\/wp-json\/wp\/v2\/comments?post=33141"}],"version-history":[{"count":1,"href":"https:\/\/temucotelevision.cl\/web\/wp-json\/wp\/v2\/posts\/33141\/revisions"}],"predecessor-version":[{"id":33143,"href":"https:\/\/temucotelevision.cl\/web\/wp-json\/wp\/v2\/posts\/33141\/revisions\/33143"}],"wp:featuredmedia":[{"embeddable":true,"href":"https:\/\/temucotelevision.cl\/web\/wp-json\/wp\/v2\/media\/33142"}],"wp:attachment":[{"href":"https:\/\/temucotelevision.cl\/web\/wp-json\/wp\/v2\/media?parent=33141"}],"wp:term":[{"taxonomy":"category","embeddable":true,"href":"https:\/\/temucotelevision.cl\/web\/wp-json\/wp\/v2\/categories?post=33141"},{"taxonomy":"post_tag","embeddable":true,"href":"https:\/\/temucotelevision.cl\/web\/wp-json\/wp\/v2\/tags?post=33141"}],"curies":[{"name":"wp","href":"https:\/\/api.w.org\/{rel}","templated":true}]}}