{"id":33138,"date":"2022-07-01T15:44:20","date_gmt":"2022-07-01T18:44:20","guid":{"rendered":"https:\/\/temucotelevision.cl\/web\/?p=33138"},"modified":"2022-07-01T15:44:21","modified_gmt":"2022-07-01T18:44:21","slug":"teleton-abre-nuevas-inscripciones-para-su-voluntariado-2022-conoce-los-requisitos-y-como-postular","status":"publish","type":"post","link":"https:\/\/temucotelevision.cl\/web\/2022\/07\/01\/teleton-abre-nuevas-inscripciones-para-su-voluntariado-2022-conoce-los-requisitos-y-como-postular\/","title":{"rendered":"Telet\u00f3n abre nuevas inscripciones para su Voluntariado 2022: conoce los requisitos y c\u00f3mo postular"},"content":{"rendered":"<div class=\"pvc_clear\"><\/div><p id=\"pvc_stats_33138\" class=\"pvc_stats total_only  \" data-element-id=\"33138\" style=\"\"><i class=\"pvc-stats-icon large\" aria-hidden=\"true\"><svg aria-hidden=\"true\" focusable=\"false\" data-prefix=\"far\" data-icon=\"chart-bar\" role=\"img\" xmlns=\"http:\/\/www.w3.org\/2000\/svg\" viewBox=\"0 0 512 512\" class=\"svg-inline--fa fa-chart-bar fa-w-16 fa-2x\"><path fill=\"currentColor\" d=\"M396.8 352h22.4c6.4 0 12.8-6.4 12.8-12.8V108.8c0-6.4-6.4-12.8-12.8-12.8h-22.4c-6.4 0-12.8 6.4-12.8 12.8v230.4c0 6.4 6.4 12.8 12.8 12.8zm-192 0h22.4c6.4 0 12.8-6.4 12.8-12.8V140.8c0-6.4-6.4-12.8-12.8-12.8h-22.4c-6.4 0-12.8 6.4-12.8 12.8v198.4c0 6.4 6.4 12.8 12.8 12.8zm96 0h22.4c6.4 0 12.8-6.4 12.8-12.8V204.8c0-6.4-6.4-12.8-12.8-12.8h-22.4c-6.4 0-12.8 6.4-12.8 12.8v134.4c0 6.4 6.4 12.8 12.8 12.8zM496 400H48V80c0-8.84-7.16-16-16-16H16C7.16 64 0 71.16 0 80v336c0 17.67 14.33 32 32 32h464c8.84 0 16-7.16 16-16v-16c0-8.84-7.16-16-16-16zm-387.2-48h22.4c6.4 0 12.8-6.4 12.8-12.8v-70.4c0-6.4-6.4-12.8-12.8-12.8h-22.4c-6.4 0-12.8 6.4-12.8 12.8v70.4c0 6.4 6.4 12.8 12.8 12.8z\" class=\"\"><\/path><\/svg><\/i> <img loading=\"lazy\" decoding=\"async\" width=\"16\" height=\"16\" alt=\"Loading\" src=\"https:\/\/temucotelevision.cl\/web\/wp-content\/plugins\/page-views-count\/ajax-loader-2x.gif\" border=0 \/><\/p><div class=\"pvc_clear\"><\/div>\n<ul class=\"wp-block-list\"><li>Esta experiencia solidaria da la oportunidad de contribuir con la rehabilitaci\u00f3n e inclusi\u00f3n social de los m\u00e1s de 31 mil ni\u00f1os, ni\u00f1as y j\u00f3venes que la instituci\u00f3n atiende de Arica a Coyhaique.&nbsp;<\/li><li>Se puede participar desde los 18 a\u00f1os, y el plazo de postulaci\u00f3n es hasta el 15 de julio en el sitio web de Telet\u00f3n.<\/li><\/ul>\n\n\n\n<p>Desde el 1 de julio y hasta el d\u00eda 15 del mismo mes estar\u00e1n&nbsp;abiertas las inscripciones&nbsp;para unirse al equipo de&nbsp;<strong>Voluntariado Permanente de Telet\u00f3n.<\/strong>&nbsp;Se trata de la segunda convocatoria del a\u00f1o, y es una oportunidad abierta a las personas mayores de 18 a\u00f1os que quieran participar de la labor que la instituci\u00f3n realiza en sus 14 centros a lo largo del pa\u00eds.<\/p>\n\n\n\n<p><a href=\"https:\/\/voluntariado-teleton.cl\/Public\/Login\"><\/a>\u201cTenemos m\u00e1s de 350 vacantes a nivel nacional, por lo cual, esperamos poder tener muchas postulaciones y que m\u00e1s personas puedan ser parte de la familia Telet\u00f3n y as\u00ed sumarse a las m\u00e1s de 1.500 personas que ya son parte del Voluntariado Permanente. Especialmente en este segundo semestre, que tendremos el gran desaf\u00edo de la Campa\u00f1a Telet\u00f3n 2022\u201d, explica&nbsp;<strong>Aldo Orrigoni<\/strong>, director nacional de Gesti\u00f3n Social y Voluntariado en Telet\u00f3n.<\/p>\n\n\n\n<p>Todas las personas que re\u00fanan los requisitos y env\u00eden sus datos a trav\u00e9s del&nbsp;<a href=\"https:\/\/voluntariado-teleton.cl\/Public\/Login\"><strong>formulario en l\u00ednea<\/strong><\/a><strong>,<\/strong>&nbsp;ser\u00e1n invitadas a participar en el proceso de selecci\u00f3n, el cual comienza con entrevistas grupales durante los meses de julio y agosto.<\/p>\n\n\n\n<p><strong>Requisitos para ser voluntario o voluntaria<\/strong><\/p>\n\n\n\n<p>En cada instituto existe un n\u00famero de cupos de voluntarios y voluntarias definido seg\u00fan las caracter\u00edsticas de cada centro. Es importante que las personas interesadas conozcan y corroboren que cumplen con los requisitos antes de postular:<\/p>\n\n\n\n<ul class=\"wp-block-list\"><li><strong>Tener 18 a\u00f1os cumplidos<\/strong>&nbsp;al momento de postular (no hay edad m\u00e1xima para ser voluntario y voluntaria).<\/li><li><strong>Inscribirse en el formulario<\/strong>&nbsp;al que se accede cliqueando el banner correspondiente (\u00fanica v\u00eda de postulaci\u00f3n).<\/li><li><strong>Contar con un tiempo m\u00ednimo disponible de al menos 3 horas continuas a la semana<\/strong>&nbsp;para dedicar al servicio del Voluntariado Permanente. Este servicio se puede realizar de lunes a s\u00e1bado.<\/li><li>Al momento de postular,<strong>&nbsp;indicar la preferencia del instituto Telet\u00f3n<\/strong>&nbsp;donde se quiere ser voluntario y voluntaria.<\/li><li>Contar con pase de movilidad habilitado.<\/li><\/ul>\n\n\n\n<p><strong>Entrevista, inducci\u00f3n y capacitaci\u00f3n<\/strong><\/p>\n\n\n\n<p>Una vez recibida la inscripci\u00f3n, y chequeado que la persona postulante cumple los requisitos, durante los meses de julio y agosto se le contactar\u00e1, v\u00eda correo electr\u00f3nico, para que participe en una entrevista grupal.<\/p>\n\n\n\n<p>Luego de esa primera etapa, vendr\u00e1n las entrevistas individuales con quienes avancen. Los y las seleccionados tendr\u00e1n una inducci\u00f3n general \u2013de car\u00e1cter obligatorio\u2013 y una capacitaci\u00f3n para participar en el programa comunitario o servicio al que sean asignados, ya como voluntarios permanentes de Telet\u00f3n.<\/p>\n\n\n\n<p>Esta asignaci\u00f3n se realiza seg\u00fan las habilidades y aptitudes de cada persona. Las labores que los voluntarios y voluntarias desarrollan en Telet\u00f3n contemplan distintos \u00e1mbitos de acci\u00f3n, que contribuyen de manera cotidiana a la rehabilitaci\u00f3n e inclusi\u00f3n social de los ni\u00f1os, ni\u00f1as y j\u00f3venes que se atienden en los institutos.<\/p>\n\n\n\n<p>Los voluntarios y voluntarias participan, por ejemplo, en programas comunitarios tales como el Verano Telet\u00f3n, Programa Abre y la Primera Consulta de las familias. Tambi\u00e9n, en servicios apoyando la labor de las \u00e1reas terap\u00e9uticas de atenci\u00f3n de los usuarios y usuarias de Telet\u00f3n, y en la difusi\u00f3n y eventos de la campa\u00f1a anual de recaudaci\u00f3n.<\/p>\n\n\n\n<p>\u201cHoy estamos en nuestro segundo proceso del a\u00f1o para sumar nuevos voluntarios permanentes, los que se sumar\u00e1n a los diversos servicios dentro de los institutos y para complementar las acciones en los programas comunitarios. Invitamos a donar tiempo en pos de la inclusi\u00f3n y a vivir la experiencia de Telet\u00f3n todos los d\u00edas, siendo parte de nuestro equipo de voluntarias y voluntarios\u201d, enfatiza Aldo Orrigoni.<\/p>\n\n\n\n<p>El proceso de postulaci\u00f3n estar\u00e1&nbsp;disponible hasta el 15 de julio en&nbsp;<strong><a href=\"http:\/\/www.teleton.cl\/\">www.teleton.cl<\/a><\/strong>&nbsp;o ingresando directamente a este link:&nbsp;<strong><a href=\"https:\/\/voluntariado-teleton.cl\/Public\/Login\">https:\/\/voluntariado-teleton.cl\/Public\/Login<\/a>.<\/strong><\/p>\n","protected":false},"excerpt":{"rendered":"<div class=\"pvc_clear\"><\/div>\n<p id=\"pvc_stats_33138\" class=\"pvc_stats total_only  \" data-element-id=\"33138\" style=\"\"><i class=\"pvc-stats-icon large\" aria-hidden=\"true\"><svg aria-hidden=\"true\" focusable=\"false\" data-prefix=\"far\" data-icon=\"chart-bar\" role=\"img\" xmlns=\"http:\/\/www.w3.org\/2000\/svg\" viewBox=\"0 0 512 512\" class=\"svg-inline--fa fa-chart-bar fa-w-16 fa-2x\"><path fill=\"currentColor\" d=\"M396.8 352h22.4c6.4 0 12.8-6.4 12.8-12.8V108.8c0-6.4-6.4-12.8-12.8-12.8h-22.4c-6.4 0-12.8 6.4-12.8 12.8v230.4c0 6.4 6.4 12.8 12.8 12.8zm-192 0h22.4c6.4 0 12.8-6.4 12.8-12.8V140.8c0-6.4-6.4-12.8-12.8-12.8h-22.4c-6.4 0-12.8 6.4-12.8 12.8v198.4c0 6.4 6.4 12.8 12.8 12.8zm96 0h22.4c6.4 0 12.8-6.4 12.8-12.8V204.8c0-6.4-6.4-12.8-12.8-12.8h-22.4c-6.4 0-12.8 6.4-12.8 12.8v134.4c0 6.4 6.4 12.8 12.8 12.8zM496 400H48V80c0-8.84-7.16-16-16-16H16C7.16 64 0 71.16 0 80v336c0 17.67 14.33 32 32 32h464c8.84 0 16-7.16 16-16v-16c0-8.84-7.16-16-16-16zm-387.2-48h22.4c6.4 0 12.8-6.4 12.8-12.8v-70.4c0-6.4-6.4-12.8-12.8-12.8h-22.4c-6.4 0-12.8 6.4-12.8 12.8v70.4c0 6.4 6.4 12.8 12.8 12.8z\" class=\"\"><\/path><\/svg><\/i> <img loading=\"lazy\" decoding=\"async\" width=\"16\" height=\"16\" alt=\"Loading\" src=\"https:\/\/temucotelevision.cl\/web\/wp-content\/plugins\/page-views-count\/ajax-loader-2x.gif\" border=0 \/><\/p>\n<div class=\"pvc_clear\"><\/div>\n<p>Esta experiencia solidaria da la oportunidad de contribuir con la rehabilitaci\u00f3n e inclusi\u00f3n social de los m\u00e1s de 31 mil<\/p>\n","protected":false},"author":1,"featured_media":33139,"comment_status":"open","ping_status":"open","sticky":false,"template":"","format":"standard","meta":{"colormag_page_container_layout":"default_layout","colormag_page_sidebar_layout":"default_layout","footnotes":""},"categories":[14],"tags":[3966,868,1989,1674],"class_list":["post-33138","post","type-post","status-publish","format-standard","has-post-thumbnail","hentry","category-temuco","tag-inscripciones","tag-postulaciones","tag-teleton","tag-voluntariado"],"a3_pvc":{"activated":true,"total_views":42,"today_views":0},"_links":{"self":[{"href":"https:\/\/temucotelevision.cl\/web\/wp-json\/wp\/v2\/posts\/33138","targetHints":{"allow":["GET"]}}],"collection":[{"href":"https:\/\/temucotelevision.cl\/web\/wp-json\/wp\/v2\/posts"}],"about":[{"href":"https:\/\/temucotelevision.cl\/web\/wp-json\/wp\/v2\/types\/post"}],"author":[{"embeddable":true,"href":"https:\/\/temucotelevision.cl\/web\/wp-json\/wp\/v2\/users\/1"}],"replies":[{"embeddable":true,"href":"https:\/\/temucotelevision.cl\/web\/wp-json\/wp\/v2\/comments?post=33138"}],"version-history":[{"count":1,"href":"https:\/\/temucotelevision.cl\/web\/wp-json\/wp\/v2\/posts\/33138\/revisions"}],"predecessor-version":[{"id":33140,"href":"https:\/\/temucotelevision.cl\/web\/wp-json\/wp\/v2\/posts\/33138\/revisions\/33140"}],"wp:featuredmedia":[{"embeddable":true,"href":"https:\/\/temucotelevision.cl\/web\/wp-json\/wp\/v2\/media\/33139"}],"wp:attachment":[{"href":"https:\/\/temucotelevision.cl\/web\/wp-json\/wp\/v2\/media?parent=33138"}],"wp:term":[{"taxonomy":"category","embeddable":true,"href":"https:\/\/temucotelevision.cl\/web\/wp-json\/wp\/v2\/categories?post=33138"},{"taxonomy":"post_tag","embeddable":true,"href":"https:\/\/temucotelevision.cl\/web\/wp-json\/wp\/v2\/tags?post=33138"}],"curies":[{"name":"wp","href":"https:\/\/api.w.org\/{rel}","templated":true}]}}