{"id":33134,"date":"2022-07-01T15:30:18","date_gmt":"2022-07-01T18:30:18","guid":{"rendered":"https:\/\/temucotelevision.cl\/web\/?p=33134"},"modified":"2022-07-01T15:30:19","modified_gmt":"2022-07-01T18:30:19","slug":"zion-lennox-lanzan-el-tema-perfecto-para-la-fiesta-berlin-junto-a-becerra","status":"publish","type":"post","link":"https:\/\/temucotelevision.cl\/web\/2022\/07\/01\/zion-lennox-lanzan-el-tema-perfecto-para-la-fiesta-berlin-junto-a-becerra\/","title":{"rendered":"Zion &#038; Lennox lanzan el tema perfecto para la fiesta &#8220;Berl\u00edn&#8221; junto a Becerra"},"content":{"rendered":"<div class=\"pvc_clear\"><\/div><p id=\"pvc_stats_33134\" class=\"pvc_stats total_only  \" data-element-id=\"33134\" style=\"\"><i class=\"pvc-stats-icon large\" aria-hidden=\"true\"><svg aria-hidden=\"true\" focusable=\"false\" data-prefix=\"far\" data-icon=\"chart-bar\" role=\"img\" xmlns=\"http:\/\/www.w3.org\/2000\/svg\" viewBox=\"0 0 512 512\" class=\"svg-inline--fa fa-chart-bar fa-w-16 fa-2x\"><path fill=\"currentColor\" d=\"M396.8 352h22.4c6.4 0 12.8-6.4 12.8-12.8V108.8c0-6.4-6.4-12.8-12.8-12.8h-22.4c-6.4 0-12.8 6.4-12.8 12.8v230.4c0 6.4 6.4 12.8 12.8 12.8zm-192 0h22.4c6.4 0 12.8-6.4 12.8-12.8V140.8c0-6.4-6.4-12.8-12.8-12.8h-22.4c-6.4 0-12.8 6.4-12.8 12.8v198.4c0 6.4 6.4 12.8 12.8 12.8zm96 0h22.4c6.4 0 12.8-6.4 12.8-12.8V204.8c0-6.4-6.4-12.8-12.8-12.8h-22.4c-6.4 0-12.8 6.4-12.8 12.8v134.4c0 6.4 6.4 12.8 12.8 12.8zM496 400H48V80c0-8.84-7.16-16-16-16H16C7.16 64 0 71.16 0 80v336c0 17.67 14.33 32 32 32h464c8.84 0 16-7.16 16-16v-16c0-8.84-7.16-16-16-16zm-387.2-48h22.4c6.4 0 12.8-6.4 12.8-12.8v-70.4c0-6.4-6.4-12.8-12.8-12.8h-22.4c-6.4 0-12.8 6.4-12.8 12.8v70.4c0 6.4 6.4 12.8 12.8 12.8z\" class=\"\"><\/path><\/svg><\/i> <img loading=\"lazy\" decoding=\"async\" width=\"16\" height=\"16\" alt=\"Loading\" src=\"https:\/\/temucotelevision.cl\/web\/wp-content\/plugins\/page-views-count\/ajax-loader-2x.gif\" border=0 \/><\/p><div class=\"pvc_clear\"><\/div>\n<p>El legendario y tan amado d\u00fao\u00a0<strong>Zion &amp; Lennox<\/strong>\u00a0lanza su m\u00e1s reciente sencillo \u201c<strong>Berlin<\/strong>\u201d junto a La Nena De Argentina,\u00a0<strong>Maria Becerra<\/strong>. Este energ\u00e9tico sencillo de dance latino nos habla de una b\u00fasqueda internacional del amor que se desenvuelve en un perfecto ritmo de verano (boreal). Habiendo estado recientemente en el escenario de los\u00a0<em>Premios Tu M\u00fasica Urbano<\/em>, el d\u00fao viene con muchos nuevos lanzamientos, colaboraciones y proyectos.\u00a0<\/p>\n\n\n\n<iframe loading=\"lazy\" width=\"560\" height=\"315\" src=\"https:\/\/www.youtube.com\/embed\/5Eed1XaWgDI\" title=\"YouTube video player\" frameborder=\"0\" allow=\"accelerometer; autoplay; clipboard-write; encrypted-media; gyroscope; picture-in-picture\" allowfullscreen><\/iframe>\n\n\n\n<p>Producida por&nbsp;<strong>Robbie Meza<\/strong>,&nbsp;<strong>\u201cBerlin\u201d<\/strong>&nbsp;es una canci\u00f3n con demasiada energ\u00eda que motiva a ese viajero cosmopolita que llevamos dentro de nosotros. Este dance latino trata de un hombre que se encuentra en una b\u00fasqueda mundial por la amante indicada. La dulce voz de&nbsp;<strong>Zion<\/strong>&nbsp;y sus suaves versos le dan entrada a&nbsp;<strong>Maria Becerra<\/strong>&nbsp;para que contraste con unas seductoras voces las cuales son apoyadas por un puente poderoso de parte de&nbsp;<strong>Lennox<\/strong>. \u201cBerlin\u201d seguramente se convertir\u00e1 en una de las canciones de verano (boreal) m\u00e1s tocadas en todas las fiestas.<\/p>\n\n\n\n<p>Dirigido por&nbsp;<strong>Julian Levy<\/strong>, el video oficial nos muestra paneles LED multicolores y un escenario lleno de luces estrobos tal como una discoteca, transport\u00e1ndonos luego al lado emocional de la canci\u00f3n. El video muestra a Zion tratando de encontrar a Mar\u00eda a trav\u00e9s de un laberinto simb\u00f3lico de la b\u00fasqueda internacional.&nbsp;<strong>Zion, Lennox&nbsp;<\/strong>y&nbsp;<strong>Maria Becerra&nbsp;<\/strong>tambi\u00e9n tienen una vestimenta deportiva trayendo a la vida sus personalidades.<\/p>\n\n\n\n<p>Recientemente&nbsp;<strong>Zion y Lennox<\/strong>&nbsp;presentaron un popurr\u00ed de sus canciones m\u00e1s populares en los&nbsp;<em>Premios Tu M\u00fasica Urbano,&nbsp;<\/em>en vivo desde El Coliseo en San Juan, Puerto Rico. Como artistas reconocidos mundialmente, est\u00e1n integrando sonidos de la vieja escuela en conjunto con los sonidos m\u00e1s frescos, para as\u00ed formar una mezcla perfecta para sus fans de lo cl\u00e1sico y los que reci\u00e9n descubren al d\u00fao.<\/p>\n\n\n\n<p><strong>ACERCA de Zion &amp; Lennox<\/strong><\/p>\n\n\n\n<p>El d\u00fao musical de Carolina, Puerto Rico,&nbsp;<strong>Zion &amp; Lennox<\/strong>&nbsp;son unos de los latinos en la m\u00fasica m\u00e1s reconocidos mundialmente y uno de los d\u00faos legendarios que han cautivado a la audiencia mundial por m\u00e1s de dos d\u00e9cadas. Con carreras que abarcan m\u00e1s de 20 a\u00f1os, Zion &amp; Lennox contin\u00faan redefiniendo y reinventando su sonido, trayendo al mundo el m\u00e1s alto calibre.<\/p>\n\n\n\n<p>Zion &amp; Lennox se establecieron a s\u00ed mismos muy temprano en su carrera con hits como \u201cTensi\u00f3n\u201d,&nbsp; \u201cDoncella\u201d y \u201cYo Voy\u201d junto a Daddy Yankee. Con una \u00e9tica de trabajo incomparable y determinaci\u00f3n interminable, Zion &amp; Lennox empezaron a ganar popularidad y lograr que la cr\u00edtica los aclamara muy pronto.<\/p>\n\n\n\n<p>Los rompe barreras y creadores de \u00e9xitos, han hecho incontables hits como \u201cOtra Vez\u201d con J Balvin, \u201cPierdo La Cabeza\u201d, \u201cEmbri\u00e1game\u201d, \u201cMi Tesoro\u201d junto a Nicky Jam, \u201cTe Quiero Pa Mi\u201d a lado de la leyenda Don Omar, \u201cSubeme La Radio\u201d con Enrique Iglesias y Descemer Bueno, adem\u00e1s de \u201cSola (Remix)\u201d acompa\u00f1ados de Anuel, Farruko, Wisin y Daddy Yankee, la cual ha ganado estatus de Oro y Platino. \u00c9xitos como \u201cLa Botella\u201d, \u201cLa Player (Bandolera)\u201d, \u201cTu Principe\u201d con Daddy Yankee y \u201cMi Cama Huele A Ti\u201d junto a Tito el Bambino han llegado a los rankings m\u00e1s altos de las listas Billboard.<\/p>\n\n\n\n<p>No solamente han alcanzado el super estrellado, sino que tambi\u00e9n han recibido reconocimiento de la cr\u00edtica por su m\u00fasica. Por medio de su carrera, el d\u00fao ha recibido m\u00faltiples premios, incluyendo cuatro&nbsp;<em>Latin Billboards<\/em>, siete premios&nbsp;<em>ASCAP<\/em>, una&nbsp;<em>Gaviota<\/em>&nbsp;en el festival de&nbsp;<em>Vi\u00f1a del Mar,&nbsp;<\/em>un&nbsp;<em>Heat Latin Music Award<\/em>&nbsp;por Mejor Agrupaci\u00f3n Musical, y reconocimiento con un Lifetime Achievement Award en los&nbsp;<em>Premios Tu M\u00fasica Urbana.<\/em><\/p>\n\n\n\n<p>Zion &amp; Lennox contin\u00faan reintegrando la m\u00fasica latina con recientes \u00e9xitos como \u201cNo Me Llamas\u201d con Myke Towers, \u201cGota Gota\u201d con El Alfa, \u201cTe Mueves\u201d al lado de Natti Natasha, y \u201cTus Labios\u201d. Mencionado especialmente el hit \u201cLoco\u201d del cual forman parte, alcanz\u00f3 el n\u00famero uno de la lista Latin Airplay y Ritmo Latino Airplay en las listas. Su m\u00fasica tambi\u00e9n se ha convertido una grapa en redes sociales tales como TikTok con canciones como \u201cYo Voy\u201d la cual se hizo viral debido a un video de la actriz de la serie Euphoria, Alexa Demie. Como unos colaboradores mas buscados, Zion &amp; Lennox contin\u00faan elevando el reggaeton demostrando el poder de la creatividad en compa\u00f1\u00eda.<\/p>\n","protected":false},"excerpt":{"rendered":"<div class=\"pvc_clear\"><\/div>\n<p id=\"pvc_stats_33134\" class=\"pvc_stats total_only  \" data-element-id=\"33134\" style=\"\"><i class=\"pvc-stats-icon large\" aria-hidden=\"true\"><svg aria-hidden=\"true\" focusable=\"false\" data-prefix=\"far\" data-icon=\"chart-bar\" role=\"img\" xmlns=\"http:\/\/www.w3.org\/2000\/svg\" viewBox=\"0 0 512 512\" class=\"svg-inline--fa fa-chart-bar fa-w-16 fa-2x\"><path fill=\"currentColor\" d=\"M396.8 352h22.4c6.4 0 12.8-6.4 12.8-12.8V108.8c0-6.4-6.4-12.8-12.8-12.8h-22.4c-6.4 0-12.8 6.4-12.8 12.8v230.4c0 6.4 6.4 12.8 12.8 12.8zm-192 0h22.4c6.4 0 12.8-6.4 12.8-12.8V140.8c0-6.4-6.4-12.8-12.8-12.8h-22.4c-6.4 0-12.8 6.4-12.8 12.8v198.4c0 6.4 6.4 12.8 12.8 12.8zm96 0h22.4c6.4 0 12.8-6.4 12.8-12.8V204.8c0-6.4-6.4-12.8-12.8-12.8h-22.4c-6.4 0-12.8 6.4-12.8 12.8v134.4c0 6.4 6.4 12.8 12.8 12.8zM496 400H48V80c0-8.84-7.16-16-16-16H16C7.16 64 0 71.16 0 80v336c0 17.67 14.33 32 32 32h464c8.84 0 16-7.16 16-16v-16c0-8.84-7.16-16-16-16zm-387.2-48h22.4c6.4 0 12.8-6.4 12.8-12.8v-70.4c0-6.4-6.4-12.8-12.8-12.8h-22.4c-6.4 0-12.8 6.4-12.8 12.8v70.4c0 6.4 6.4 12.8 12.8 12.8z\" class=\"\"><\/path><\/svg><\/i> <img loading=\"lazy\" decoding=\"async\" width=\"16\" height=\"16\" alt=\"Loading\" src=\"https:\/\/temucotelevision.cl\/web\/wp-content\/plugins\/page-views-count\/ajax-loader-2x.gif\" border=0 \/><\/p>\n<div class=\"pvc_clear\"><\/div>\n<p>El legendario y tan amado d\u00fao\u00a0Zion &amp; Lennox\u00a0lanza su m\u00e1s reciente sencillo \u201cBerlin\u201d junto a La Nena De Argentina,\u00a0Maria Becerra.<\/p>\n","protected":false},"author":1,"featured_media":33136,"comment_status":"open","ping_status":"open","sticky":false,"template":"","format":"standard","meta":{"colormag_page_container_layout":"default_layout","colormag_page_sidebar_layout":"default_layout","footnotes":""},"categories":[369],"tags":[5469,2092,309,376,802],"class_list":["post-33134","post","type-post","status-publish","format-standard","has-post-thumbnail","hentry","category-musica","tag-berlin","tag-duo","tag-fiesta","tag-sencillo","tag-tema"],"a3_pvc":{"activated":true,"total_views":45,"today_views":0},"_links":{"self":[{"href":"https:\/\/temucotelevision.cl\/web\/wp-json\/wp\/v2\/posts\/33134","targetHints":{"allow":["GET"]}}],"collection":[{"href":"https:\/\/temucotelevision.cl\/web\/wp-json\/wp\/v2\/posts"}],"about":[{"href":"https:\/\/temucotelevision.cl\/web\/wp-json\/wp\/v2\/types\/post"}],"author":[{"embeddable":true,"href":"https:\/\/temucotelevision.cl\/web\/wp-json\/wp\/v2\/users\/1"}],"replies":[{"embeddable":true,"href":"https:\/\/temucotelevision.cl\/web\/wp-json\/wp\/v2\/comments?post=33134"}],"version-history":[{"count":2,"href":"https:\/\/temucotelevision.cl\/web\/wp-json\/wp\/v2\/posts\/33134\/revisions"}],"predecessor-version":[{"id":33137,"href":"https:\/\/temucotelevision.cl\/web\/wp-json\/wp\/v2\/posts\/33134\/revisions\/33137"}],"wp:featuredmedia":[{"embeddable":true,"href":"https:\/\/temucotelevision.cl\/web\/wp-json\/wp\/v2\/media\/33136"}],"wp:attachment":[{"href":"https:\/\/temucotelevision.cl\/web\/wp-json\/wp\/v2\/media?parent=33134"}],"wp:term":[{"taxonomy":"category","embeddable":true,"href":"https:\/\/temucotelevision.cl\/web\/wp-json\/wp\/v2\/categories?post=33134"},{"taxonomy":"post_tag","embeddable":true,"href":"https:\/\/temucotelevision.cl\/web\/wp-json\/wp\/v2\/tags?post=33134"}],"curies":[{"name":"wp","href":"https:\/\/api.w.org\/{rel}","templated":true}]}}